{"id":70136,"date":"2026-06-24T10:37:09","date_gmt":"2026-06-24T13:37:09","guid":{"rendered":"https:\/\/guialimeira.com.br\/parque-cidade-recebe-feira-de-adocao-de-caes-e-gatos-neste-sabado-27\/"},"modified":"2026-06-24T10:37:09","modified_gmt":"2026-06-24T13:37:09","slug":"parque-cidade-recebe-feira-de-adocao-de-caes-e-gatos-neste-sabado-27","status":"publish","type":"post","link":"https:\/\/guialimeira.com.br\/news\/parque-cidade-recebe-feira-de-adocao-de-caes-e-gatos-neste-sabado-27\/","title":{"rendered":"Parque Cidade recebe Feira de ado\u00e7\u00e3o de c\u00e3es e gatos neste s\u00e1bado (27)"},"content":{"rendered":"<p> <br \/>\n<\/p>\n<div id=\"\">&#13;<br \/>\n                    &#13;<br \/>\n&#13;<br \/>\n&#13;<br \/>\n&#13;<\/p>\n<header class=\"list-header\">&#13;<br \/>\n    &#13;<br \/>\n&#13;<\/p>\n<nav class=\"breadcrumbs__container no-print\">&#13;<br \/>\n    <a class=\"breadcrumbs__item\" href=\"https:\/\/limeira.sp.gov.br\/\" rel=\"noopener\">In\u00edcio<\/a>&#13;<br \/>\n&#13;<br \/>\n&#13;<br \/>\n&#13;<br \/>\n<\/nav>\n<p>&#13;<br \/>\n&#13;<br \/>\n    &#13;<br \/>\n&#13;<\/p>\n<p class=\"page-description\">&#13;<br \/>\n            Iniciativa oferece a oportunidade de ado\u00e7\u00e3o respons\u00e1vel e um novo lar para animais resgatados&#13;\n        <\/p>\n<p>&#13;<br \/>\n&#13;<br \/>\n    &#13;<br \/>\n<\/header>\n<p>&#13;<br \/>\n&#13;<br \/>\n    <img data-recalc-dims=\"1\" decoding=\"async\" src=\"https:\/\/i0.wp.com\/ecrie.com.br\/sistema\/conteudos\/imagem\/m_137_0_1_03102025145609.jpg?w=696&#038;ssl=1\" alt=\"Parque Cidade recebe Feira de ado\u00e7\u00e3o de c\u00e3es e gatos neste s\u00e1bado (27)\"\/>&#13;<br \/>\n&#13;<br \/>\n&#13;<\/p>\n<p class=\"selectable-text copyable-text x15bjb6t x1n2onr6\"><span class=\"selectable-text copyable-text xkrh14z\">A Prefeitura de Limeira realiza, neste s\u00e1bado (27), mais uma edi\u00e7\u00e3o da Feira de Ado\u00e7\u00e3o de C\u00e3es e Gatos, no Parque Cidade. O evento acontece das 9h \u00e0s 12h e oferece \u00e0 popula\u00e7\u00e3o a oportunidade de dar um lar a animais resgatados que atualmente vivem no Departamento de Bem-Estar Animal e aguardam por uma fam\u00edlia. <\/span><\/p>\n<p>&#13;<\/p>\n<p class=\"selectable-text copyable-text x15bjb6t x1n2onr6\"><span class=\"selectable-text copyable-text xkrh14z\">&#8220;Temos trabalhado para ampliar as pol\u00edticas de prote\u00e7\u00e3o animal em Limeira, com a\u00e7\u00f5es que envolvem cuidado, conscientiza\u00e7\u00e3o e responsabilidade&#8221;, destaca o prefeito Murilo F\u00e9lix.<\/span><\/p>\n<p>&#13;<\/p>\n<p class=\"selectable-text copyable-text x15bjb6t x1n2onr6\"><span class=\"selectable-text copyable-text xkrh14z\">Para participar, basta levar documento de identidade e comprovante de endere\u00e7o. Quem quiser adotar um gato deve trazer caixa de transporte; para cachorros, guia e coleira s\u00e3o indispens\u00e1veis.<\/span><\/p>\n<p>&#13;<\/p>\n<p class=\"selectable-text copyable-text x15bjb6t x1n2onr6\"><span class=\"selectable-text copyable-text xkrh14z\">A iniciativa \u00e9 promovida pela Secretaria de Prote\u00e7\u00e3o Animal e est\u00e1 alinhada \u00e0 ODS 11 \u2013 Cidades e Comunidades Sustent\u00e1veis, da ONU, ao incentivar a ado\u00e7\u00e3o respons\u00e1vel e contribuir para comunidades mais inclusivas.<\/span><\/p>\n<p>&#13;<br \/>\n&#13;<br \/>\n&#13;<br \/>\n&#13;<\/p>\n<article class=\"conteudo-relacionado no-print\">&#13;<\/p>\n<header class=\"list-header\">&#13;<\/p>\n<h4>Conte\u00fados Relacionados<\/h4>\n<p>&#13;<br \/>\n        <\/header>\n<p>&#13;<br \/>\n&#13;<br \/>\n        &#13;<br \/>\n    <\/article>\n<p>&#13;<br \/>\n&#13;\n                <\/p><\/div>\n<p><br \/>\n<br \/><a href=\"https:\/\/limeira.sp.gov.br\/parque-cidade-recebe-feira-de-adocao-de-caes-e-gatos-neste-sabado-27\" rel=\"noopener\">Informa\u00e7\u00f5es da PML <\/a><\/p>\n","protected":false},"excerpt":{"rendered":"<p>&#13; &#13; &#13; &#13; &#13; &#13; &#13; &#13; &#13; In\u00edcio&#13; &#13; &#13; &#13; &#13; &#13; &#13; &#13; &#13; Iniciativa oferece a oportunidade de ado\u00e7\u00e3o respons\u00e1vel e um novo lar para animais resgatados&#13; &#13; &#13; &#13; &#13; &#13; &#13; &#13; &#13; A Prefeitura de Limeira realiza, neste s\u00e1bado (27), mais uma edi\u00e7\u00e3o da Feira de Ado\u00e7\u00e3o [&hellip;]<\/p>\n","protected":false},"author":1,"featured_media":46875,"comment_status":"","ping_status":"open","sticky":false,"template":"","format":"standard","meta":{"_jetpack_newsletter_access":"","_jetpack_dont_email_post_to_subs":false,"_jetpack_newsletter_tier_id":0,"_jetpack_memberships_contains_paywalled_content":false,"_mbp_banners":[],"_jetpack_feature_clip_id":0,"_jetpack_memberships_contains_paid_content":false,"footnotes":"","jetpack_publicize_message":"","jetpack_publicize_feature_enabled":true,"jetpack_social_post_already_shared":true,"jetpack_social_options":{"image_generator_settings":{"template":"highway","default_image_id":0,"font":"","enabled":false},"version":2},"jetpack_post_was_ever_published":false},"categories":[16],"tags":[],"class_list":["post-70136","post","type-post","status-publish","format-standard","has-post-thumbnail","category-local"],"jetpack_publicize_connections":[],"jetpack-related-posts":[],"jetpack_shortlink":"https:\/\/wp.me\/p7Eq1F-ife","jetpack_sharing_enabled":true,"jetpack_featured_media_url":"https:\/\/i0.wp.com\/guialimeira.com.br\/news\/wp-content\/uploads\/2025\/10\/m_137_0_1_03102025145609.jpg?fit=900%2C506&ssl=1","_links":{"self":[{"href":"https:\/\/guialimeira.com.br\/news\/wp-json\/wp\/v2\/posts\/70136","targetHints":{"allow":["GET"]}}],"collection":[{"href":"https:\/\/guialimeira.com.br\/news\/wp-json\/wp\/v2\/posts"}],"about":[{"href":"https:\/\/guialimeira.com.br\/news\/wp-json\/wp\/v2\/types\/post"}],"author":[{"embeddable":true,"href":"https:\/\/guialimeira.com.br\/news\/wp-json\/wp\/v2\/users\/1"}],"replies":[{"embeddable":true,"href":"https:\/\/guialimeira.com.br\/news\/wp-json\/wp\/v2\/comments?post=70136"}],"version-history":[{"count":0,"href":"https:\/\/guialimeira.com.br\/news\/wp-json\/wp\/v2\/posts\/70136\/revisions"}],"wp:featuredmedia":[{"embeddable":true,"href":"https:\/\/guialimeira.com.br\/news\/wp-json\/wp\/v2\/media\/46875"}],"wp:attachment":[{"href":"https:\/\/guialimeira.com.br\/news\/wp-json\/wp\/v2\/media?parent=70136"}],"wp:term":[{"taxonomy":"category","embeddable":true,"href":"https:\/\/guialimeira.com.br\/news\/wp-json\/wp\/v2\/categories?post=70136"},{"taxonomy":"post_tag","embeddable":true,"href":"https:\/\/guialimeira.com.br\/news\/wp-json\/wp\/v2\/tags?post=70136"}],"curies":[{"name":"wp","href":"https:\/\/api.w.org\/{rel}","templated":true}]}}