{"id":70131,"date":"2026-06-24T09:38:27","date_gmt":"2026-06-24T12:38:27","guid":{"rendered":"https:\/\/guialimeira.com.br\/empreendedor-artesao-leva-atendimento-gratuito-e-integrado-aos-artesaos-em-itatiba\/"},"modified":"2026-06-24T09:38:27","modified_gmt":"2026-06-24T12:38:27","slug":"empreendedor-artesao-leva-atendimento-gratuito-e-integrado-aos-artesaos-em-itatiba","status":"publish","type":"post","link":"https:\/\/guialimeira.com.br\/news\/empreendedor-artesao-leva-atendimento-gratuito-e-integrado-aos-artesaos-em-itatiba\/","title":{"rendered":"Empreendedor Artes\u00e3o leva atendimento gratuito e integrado aos artes\u00e3os em Itatiba"},"content":{"rendered":"<p> <br \/>\n<\/p>\n<div>\n<p class=\"wp-block-paragraph\">A Secretaria de Desenvolvimento Econ\u00f4mico do Estado de S\u00e3o Paulo (SDE) realiza, em 25 e 26 de junho, em Itatiba, a A\u00e7\u00e3o Itinerante da Jornada do Empreendedor, iniciativa do programa Empreendedor Artes\u00e3o, em parceria com o Servi\u00e7o Nacional de Aprendizagem Rural (Senar-SP). Durante os dois dias, os artes\u00e3os ter\u00e3o acesso, em um \u00fanico espa\u00e7o, \u00e0 emiss\u00e3o da Carteira do Artes\u00e3o, orienta\u00e7\u00e3o sobre as linhas de microcr\u00e9dito produtivo do Banco do Povo Paulista (BPP), informa\u00e7\u00f5es sobre o Facilita SP, que desburocratiza e agiliza a abertura de empresas, al\u00e9m de qualifica\u00e7\u00e3o por meio do Qualifica SP \u2013 Empreenda, com cursos de empreendedorismo e atendimento do Sebrae.<\/p>\n<p class=\"wp-block-paragraph\">\u201cO Empreendedor Artes\u00e3o foi criado para reconhecer e valorizar o artesanato n\u00e3o apenas como express\u00e3o cultural e tradicional, mas tamb\u00e9m como uma importante atividade econ\u00f4mica, com potencial para gera\u00e7\u00e3o de renda, desenvolvimento regional e inclus\u00e3o social. Com a Jornada do Empreendedor, ampliamos esse apoio ao aproximar os artes\u00e3os das pol\u00edticas p\u00fablicas que contribuem para o crescimento dos seus neg\u00f3cios\u201d, afirma a subsecret\u00e1ria de Empreendedorismo e Produtividade da Secretaria de Desenvolvimento Econ\u00f4mico, Amiris de Paula.<\/p>\n<figure class=\"wp-block-image size-large\"><img data-recalc-dims=\"1\" fetchpriority=\"high\" decoding=\"async\" width=\"696\" height=\"696\" src=\"https:\/\/i0.wp.com\/www.agenciasp.sp.gov.br\/wp-content\/uploads\/2026\/06\/Artesaos-participam-de-acoes-itinerantes-do-programa-Empreendedor-Artesao-iniciativa-da-SDE-que-oferece-atendimento-orientacao-e-acesso-a-servicos-de-apoio-ao-empreendedorismo.jpg-1024x1024.jpeg?resize=696%2C696&#038;ssl=1\" alt=\"\" class=\"wp-image-154366 lazy\" srcset=\"https:\/\/www.agenciasp.sp.gov.br\/wp-content\/uploads\/2026\/06\/Artesaos-participam-de-acoes-itinerantes-do-programa-Empreendedor-Artesao-iniciativa-da-SDE-que-oferece-atendimento-orientacao-e-acesso-a-servicos-de-apoio-ao-empreendedorismo.jpg-1024x1024.jpeg 1024w, https:\/\/www.agenciasp.sp.gov.br\/wp-content\/uploads\/2026\/06\/Artesaos-participam-de-acoes-itinerantes-do-programa-Empreendedor-Artesao-iniciativa-da-SDE-que-oferece-atendimento-orientacao-e-acesso-a-servicos-de-apoio-ao-empreendedorismo.jpg-300x300.jpeg 300w, https:\/\/www.agenciasp.sp.gov.br\/wp-content\/uploads\/2026\/06\/Artesaos-participam-de-acoes-itinerantes-do-programa-Empreendedor-Artesao-iniciativa-da-SDE-que-oferece-atendimento-orientacao-e-acesso-a-servicos-de-apoio-ao-empreendedorismo.jpg-150x150.jpeg 150w, https:\/\/www.agenciasp.sp.gov.br\/wp-content\/uploads\/2026\/06\/Artesaos-participam-de-acoes-itinerantes-do-programa-Empreendedor-Artesao-iniciativa-da-SDE-que-oferece-atendimento-orientacao-e-acesso-a-servicos-de-apoio-ao-empreendedorismo.jpg-768x768.jpeg 768w, https:\/\/www.agenciasp.sp.gov.br\/wp-content\/uploads\/2026\/06\/Artesaos-participam-de-acoes-itinerantes-do-programa-Empreendedor-Artesao-iniciativa-da-SDE-que-oferece-atendimento-orientacao-e-acesso-a-servicos-de-apoio-ao-empreendedorismo.jpg-96x96.jpeg 96w, https:\/\/www.agenciasp.sp.gov.br\/wp-content\/uploads\/2026\/06\/Artesaos-participam-de-acoes-itinerantes-do-programa-Empreendedor-Artesao-iniciativa-da-SDE-que-oferece-atendimento-orientacao-e-acesso-a-servicos-de-apoio-ao-empreendedorismo.jpg.jpeg 1200w\" data-sizes=\"(max-width: 1024px) 100vw, 1024px\"\/><figcaption class=\"wp-element-caption\">Artes\u00e3os participam de a\u00e7\u00f5es itinerantes do programa Empreendedor Artes\u00e3o, iniciativa da SDE que oferece atendimento, orienta\u00e7\u00e3o e acesso a servi\u00e7os de apoio ao empreendedorismo<\/figcaption><\/figure>\n<p class=\"wp-block-paragraph\">Em Itatiba, regi\u00e3o administrativa de Campinas, a Carteira do Artes\u00e3o ser\u00e1 emitida e entregue no mesmo dia. Para solicitar o documento, \u00e9 necess\u00e1rio apresentar documento de identidade v\u00e1lido e comprovante de resid\u00eancia, al\u00e9m de levar pelo menos uma pe\u00e7a pronta de cada mat\u00e9ria-prima ou t\u00e9cnica que deseja cadastrar. Al\u00e9m da pe\u00e7a pronta, o artes\u00e3o dever\u00e1 demonstrar o in\u00edcio e fim do processo de produ\u00e7\u00e3o para o teste de habilidade. Caso a pe\u00e7a ou ferramenta seja de dif\u00edcil transporte, o artes\u00e3o tamb\u00e9m poder\u00e1 apresentar um v\u00eddeo, gravado com a pr\u00f3pria imagem, mostrando todas as etapas de produ\u00e7\u00e3o de cada pe\u00e7a cadastrada. A avalia\u00e7\u00e3o da habilidade t\u00e9cnica \u00e9 realizada presencialmente pela equipe da SDE.<\/p>\n<p class=\"wp-block-paragraph\">Desde o lan\u00e7amento, em novembro de 2025, o programa Empreendedor Artes\u00e3o j\u00e1 emitiu 1.878 Carteiras Estaduais do Artes\u00e3o. O documento reconhece oficialmente o profissional nas esferas estadual e federal e amplia o acesso \u00e0s pol\u00edticas p\u00fablicas voltadas ao setor. Entre os principais benef\u00edcios est\u00e3o o apoio t\u00e9cnico da equipe do programa, a participa\u00e7\u00e3o em feiras e oportunidades de comercializa\u00e7\u00e3o, o acesso a capacita\u00e7\u00f5es promovidas pela SDE e parceiros, o acesso facilitado \u00e0s linhas de microcr\u00e9dito do Banco do Povo Paulista e a possibilidade de reconhecimento como Mestre Artes\u00e3o.<\/p>\n<p class=\"wp-block-paragraph\">Para mais informa\u00e7\u00f5es, acesse o site: <a href=\"https:\/\/www.desenvolvimentoeconomico.sp.gov.br\" data-type=\"link\" data-id=\"www.desenvolvimentoeconomico.sp.gov.br\" target=\"_blank\" rel=\"noopener\">www.desenvolvimentoeconomico.sp.gov.br<\/a><\/p>\n<figure class=\"wp-block-image size-large\"><img data-recalc-dims=\"1\" loading=\"lazy\" decoding=\"async\" width=\"696\" height=\"464\" src=\"https:\/\/i0.wp.com\/www.agenciasp.sp.gov.br\/wp-content\/uploads\/2026\/06\/Claudinei-transformar-garrafas-PET-em-diversas-obras-a-partir-do-trabalho-manual.jpg-1024x683.jpeg?resize=696%2C464&#038;ssl=1\" alt=\"\" class=\"wp-image-154365 lazy\" srcset=\"https:\/\/www.agenciasp.sp.gov.br\/wp-content\/uploads\/2026\/06\/Claudinei-transformar-garrafas-PET-em-diversas-obras-a-partir-do-trabalho-manual.jpg-1024x683.jpeg 1024w, https:\/\/www.agenciasp.sp.gov.br\/wp-content\/uploads\/2026\/06\/Claudinei-transformar-garrafas-PET-em-diversas-obras-a-partir-do-trabalho-manual.jpg-300x200.jpeg 300w, https:\/\/www.agenciasp.sp.gov.br\/wp-content\/uploads\/2026\/06\/Claudinei-transformar-garrafas-PET-em-diversas-obras-a-partir-do-trabalho-manual.jpg-768x512.jpeg 768w, https:\/\/www.agenciasp.sp.gov.br\/wp-content\/uploads\/2026\/06\/Claudinei-transformar-garrafas-PET-em-diversas-obras-a-partir-do-trabalho-manual.jpg-1536x1024.jpeg 1536w, https:\/\/www.agenciasp.sp.gov.br\/wp-content\/uploads\/2026\/06\/Claudinei-transformar-garrafas-PET-em-diversas-obras-a-partir-do-trabalho-manual.jpg-2048x1365.jpeg 2048w, https:\/\/www.agenciasp.sp.gov.br\/wp-content\/uploads\/2026\/06\/Claudinei-transformar-garrafas-PET-em-diversas-obras-a-partir-do-trabalho-manual.jpg-150x100.jpeg 150w\" data-sizes=\"(max-width: 1024px) 100vw, 1024px\"\/><figcaption class=\"wp-element-caption\">Claudinei transformar garrafas PET em diversas obras a partir do trabalho manual.<\/figcaption><\/figure>\n<h3 class=\"wp-block-heading\">Artesanato como neg\u00f3cio<\/h3>\n<p class=\"wp-block-paragraph\">Morador de Jundia\u00ed, na regi\u00e3o administrativa de Campinas, o artes\u00e3o Claudinei Roberto Nanzi, de 69 anos, transforma, h\u00e1 28 anos, garrafas PET em esculturas, pe\u00e7as decorativas e figuras inspiradas na natureza e em personagens da literatura. Ao transformar um material frequentemente descartado em obras artesanais, encontrou uma forma de gerar renda aliando criatividade, sustentabilidade e empreendedorismo.<\/p>\n<p class=\"wp-block-paragraph\">Para Claudinei, o artes\u00e3o contempor\u00e2neo precisa ir al\u00e9m da produ\u00e7\u00e3o manual e desenvolver compet\u00eancias para fortalecer o pr\u00f3prio neg\u00f3cio. \u201cPara al\u00e9m da arte rom\u00e2ntica do artesanato, somos empreendedores. E o papel do Estado \u00e9 abrir portas. Com a cria\u00e7\u00e3o do programa Empreendedor Artes\u00e3o, fomos ouvidos e valorizados. Foi uma ruptura. Muita coisa mudou e muito ainda vai mudar\u201d, afirma.<\/p>\n<h3 class=\"wp-block-heading\">Como receber a A\u00e7\u00e3o Itinerante da Jornada do Empreendedor<\/h3>\n<p class=\"wp-block-paragraph\">Munic\u00edpios interessados em receber a A\u00e7\u00e3o Itinerante da Jornada do Empreendedor podem encaminhar solicita\u00e7\u00e3o \u00e0 SDE por meio de of\u00edcio enviado ao e-mail empreendedorismo@sde.sp.gov.br. O pedido deve informar o n\u00famero estimado de artes\u00e3os a serem atendidos. Para receber a a\u00e7\u00e3o, o munic\u00edpio deve contar com grupos de, no m\u00ednimo, 60 participantes e disponibilizar estrutura adequada para a realiza\u00e7\u00e3o dos atendimentos.<\/p>\n<p class=\"wp-block-paragraph\"><strong>Servi\u00e7o:<\/strong><br \/>Empreendedor Artes\u00e3o: A\u00e7\u00e3o Itinerante da Jornada do Empreendedor<br \/>Data: 25 e 26 de junho<br \/>Hor\u00e1rio: Das 10h \u00e0s 17h<br \/>Local: Complexo de Forma\u00e7\u00e3o Profissional Alice de Oliveira Carniatto<br \/>Endere\u00e7o: Rua Alexandre Rodrigues Barbosa, N\u00ba 45 A, Centro \u2013 Itatiba\/SP<\/p>\n<\/p><\/div>\n<p><br \/>\n<br \/><a href=\"https:\/\/www.agenciasp.sp.gov.br\/empreendedor-artesao-leva-atendimento-gratuito-e-integrado-aos-artesaos-em-itatiba\/\" rel=\"noopener\">Informa\u00e7\u00f5es GOV.SP<\/a><\/p>\n","protected":false},"excerpt":{"rendered":"<p>A Secretaria de Desenvolvimento Econ\u00f4mico do Estado de S\u00e3o Paulo (SDE) realiza, em 25 e 26 de junho, em Itatiba, a A\u00e7\u00e3o Itinerante da Jornada do Empreendedor, iniciativa do programa Empreendedor Artes\u00e3o, em parceria com o Servi\u00e7o Nacional de Aprendizagem Rural (Senar-SP). Durante os dois dias, os artes\u00e3os ter\u00e3o acesso, em um \u00fanico espa\u00e7o, \u00e0 [&hellip;]<\/p>\n","protected":false},"author":1,"featured_media":70132,"comment_status":"","ping_status":"open","sticky":false,"template":"","format":"standard","meta":{"_jetpack_newsletter_access":"","_jetpack_dont_email_post_to_subs":false,"_jetpack_newsletter_tier_id":0,"_jetpack_memberships_contains_paywalled_content":false,"_mbp_banners":[],"_jetpack_feature_clip_id":0,"_jetpack_memberships_contains_paid_content":false,"footnotes":"","jetpack_publicize_message":"","jetpack_publicize_feature_enabled":true,"jetpack_social_post_already_shared":true,"jetpack_social_options":{"image_generator_settings":{"template":"highway","default_image_id":0,"font":"","enabled":false},"version":2},"jetpack_post_was_ever_published":false},"categories":[21],"tags":[],"class_list":["post-70131","post","type-post","status-publish","format-standard","has-post-thumbnail","category-sp-news"],"jetpack_publicize_connections":[],"jetpack-related-posts":[],"jetpack_shortlink":"https:\/\/wp.me\/p7Eq1F-if9","jetpack_sharing_enabled":true,"jetpack_featured_media_url":"https:\/\/i0.wp.com\/guialimeira.com.br\/news\/wp-content\/uploads\/2026\/06\/Empreendedor-Artesao-leva-atendimento-gratuito-e-integrado-aos-artesaos-em.jpeg?fit=1024%2C1024&ssl=1","_links":{"self":[{"href":"https:\/\/guialimeira.com.br\/news\/wp-json\/wp\/v2\/posts\/70131","targetHints":{"allow":["GET"]}}],"collection":[{"href":"https:\/\/guialimeira.com.br\/news\/wp-json\/wp\/v2\/posts"}],"about":[{"href":"https:\/\/guialimeira.com.br\/news\/wp-json\/wp\/v2\/types\/post"}],"author":[{"embeddable":true,"href":"https:\/\/guialimeira.com.br\/news\/wp-json\/wp\/v2\/users\/1"}],"replies":[{"embeddable":true,"href":"https:\/\/guialimeira.com.br\/news\/wp-json\/wp\/v2\/comments?post=70131"}],"version-history":[{"count":0,"href":"https:\/\/guialimeira.com.br\/news\/wp-json\/wp\/v2\/posts\/70131\/revisions"}],"wp:featuredmedia":[{"embeddable":true,"href":"https:\/\/guialimeira.com.br\/news\/wp-json\/wp\/v2\/media\/70132"}],"wp:attachment":[{"href":"https:\/\/guialimeira.com.br\/news\/wp-json\/wp\/v2\/media?parent=70131"}],"wp:term":[{"taxonomy":"category","embeddable":true,"href":"https:\/\/guialimeira.com.br\/news\/wp-json\/wp\/v2\/categories?post=70131"},{"taxonomy":"post_tag","embeddable":true,"href":"https:\/\/guialimeira.com.br\/news\/wp-json\/wp\/v2\/tags?post=70131"}],"curies":[{"name":"wp","href":"https:\/\/api.w.org\/{rel}","templated":true}]}}