{"id":70122,"date":"2026-06-24T07:34:10","date_gmt":"2026-06-24T10:34:10","guid":{"rendered":"https:\/\/guialimeira.com.br\/qualifica-sp-empreenda-segundo-ciclo-encerra-inscricoes-na-proxima-terca-feira-30\/"},"modified":"2026-06-24T07:34:10","modified_gmt":"2026-06-24T10:34:10","slug":"qualifica-sp-empreenda-segundo-ciclo-encerra-inscricoes-na-proxima-terca-feira-30","status":"publish","type":"post","link":"https:\/\/guialimeira.com.br\/news\/qualifica-sp-empreenda-segundo-ciclo-encerra-inscricoes-na-proxima-terca-feira-30\/","title":{"rendered":"Qualifica SP-Empreenda: segundo ciclo encerra inscri\u00e7\u00f5es na pr\u00f3xima ter\u00e7a-feira (30)"},"content":{"rendered":"<p> <br \/>\n<br \/><img data-recalc-dims=\"1\" decoding=\"async\" src=\"https:\/\/i0.wp.com\/www.agenciasp.sp.gov.br\/wp-content\/uploads\/2025\/09\/treinamento-gestores-1-1024x683-1.jpg?w=696&#038;ssl=1\" \/><\/p>\n<div>\n<p class=\"wp-block-paragraph\">O Governo de S\u00e3o Paulo est\u00e1 com 500 vagas abertas para o segundo ciclo de inscri\u00e7\u00f5es do curso gratuito e remoto do Qualifica SP \u2013 Empreenda. A iniciativa da Secretaria de Desenvolvimento Econ\u00f4mico (SDE) capacita empreendedores de micro e pequenas empresas oferecendo mentorias coletivas e individuais. No total, ser\u00e3o 2 mil vagas distribu\u00eddas em quatro etapas ao longo do ano.<\/p>\n<p class=\"wp-block-paragraph\">O curso, executado pela Funda\u00e7\u00e3o Dom Cabral, \u00e9 dividido em tr\u00eas m\u00f3dulos com carga hor\u00e1ria de 30 horas. Os alunos ter\u00e3o mentoria coletiva e individual e aprender\u00e3o sobre gest\u00e3o financeira, a identificar oportunidades de mercado e a construir um plano de neg\u00f3cios, para que os futuros empreendedores paulistas consigam ganhar velocidade na sua inser\u00e7\u00e3o no mercado e na gera\u00e7\u00e3o de renda.<\/p>\n<p class=\"wp-block-paragraph\"><strong>Os m\u00f3dulos do curso s\u00e3o:<\/strong><\/p>\n<figure class=\"wp-block-table\">\n<table class=\"has-fixed-layout\">\n<tbody>\n<tr>\n<td><strong>M\u00f3dulo<\/strong><\/td>\n<td><strong>Formato<\/strong><\/td>\n<td><strong>Conte\u00fado<\/strong><\/td>\n<\/tr>\n<tr>\n<td>Mentoria coletiva<\/td>\n<td>S\u00edncrono; Online<\/td>\n<td>Mentalidade empreendedora, com entrega de ferramenta de mapeamento de custos e receitas<\/td>\n<\/tr>\n<tr>\n<td>Aulas ass\u00edncronas<\/td>\n<td>Ass\u00edncrono; Online<\/td>\n<td>Organiza\u00e7\u00e3o e prop\u00f3sito; Clientes e mercado; Produtos e formaliza\u00e7\u00e3o; Gest\u00e3o financeira; Controle e planejamento <\/td>\n<\/tr>\n<tr>\n<td>Mentoria individual<\/td>\n<td>S\u00edncrono; Online<\/td>\n<td>Voltada para a constru\u00e7\u00e3o de plano de neg\u00f3cios e organiza\u00e7\u00e3o financeira, orientada de acordo com o perfil do empreendedor<\/td>\n<\/tr>\n<\/tbody>\n<\/table>\n<\/figure>\n<p class=\"wp-block-paragraph\">Um levantamento do Sebrae aponta que entre as maiores dificuldades dos empreendedores est\u00e3o acesso \u00e0 cr\u00e9dito, divulga\u00e7\u00e3o e venda de produtos e servi\u00e7os, burocracia e controle das finan\u00e7as. A forma\u00e7\u00e3o do Qualifica SP \u2013 Empreenda tem como objetivo sanar esses gargalos.<\/p>\n<p class=\"wp-block-paragraph\"><strong>LEIA TAMB\u00c9M: <\/strong><a href=\"https:\/\/www.agenciasp.sp.gov.br\/usp-abre-curso-inteligencia-financeira\/\" rel=\"noopener\">USP abre inscri\u00e7\u00f5es para curso sobre intelig\u00eancia financeira<\/a><\/p>\n<p class=\"wp-block-paragraph\">Podem participar empreendedores do estado de S\u00e3o Paulo, de 18 anos ou mais, formais ou informais. As inscri\u00e7\u00f5es devem ser realizadas pelo site <a href=\"https:\/\/www.qualificasp.sp.gov.br\" data-type=\"link\" data-id=\"www.qualificasp.sp.gov.br\" target=\"_blank\" rel=\"noopener\">www.qualificasp.sp.gov.br<\/a> at\u00e9 o dia 30 de junho. As aulas t\u00eam previs\u00e3o para in\u00edcio nas primeiras semanas de julho.<\/p>\n<h3 class=\"wp-block-heading\">Servi\u00e7o<\/h3>\n<p class=\"wp-block-paragraph\">Inscri\u00e7\u00f5es para curso de empreendedorismo do Qualifica SP \u2013 Empreenda<br \/>Prazo: at\u00e9 30\/06<br \/>Site: <a href=\"https:\/\/www.qualificasp.sp.gov.br\" target=\"_blank\" rel=\"noreferrer noopener\">www.qualificasp.sp.gov.br<\/a><\/p>\n<h3 class=\"wp-block-heading\">Sobre a SDE<\/h3>\n<p class=\"wp-block-paragraph\">A Secretaria de Desenvolvimento Econ\u00f4mico (SDE), pasta do Governo do Estado de S\u00e3o Paulo, exerce papel fundamental para a reindustrializa\u00e7\u00e3o e atra\u00e7\u00e3o de investimentos com foco na gera\u00e7\u00e3o de emprego, renda e desenvolvimento regional. Al\u00e9m disso, conta com programas de capacita\u00e7\u00e3o profissional, a\u00e7\u00f5es de fomento ao empreendedorismo, que incluem linhas de microcr\u00e9dito do Banco do Povo. Tem como institui\u00e7\u00f5es vinculadas a InvestSP, a Desenvolve SP e a Junta Comercial do Estado de S\u00e3o Paulo (Jucesp).<\/p>\n<\/p><\/div>\n<p><br \/>\n<br \/><a href=\"https:\/\/www.agenciasp.sp.gov.br\/qualifica-sp-empreenda-inscricoes-terca-30\/\" rel=\"noopener\">Informa\u00e7\u00f5es GOV.SP<\/a><\/p>\n","protected":false},"excerpt":{"rendered":"<p>O Governo de S\u00e3o Paulo est\u00e1 com 500 vagas abertas para o segundo ciclo de inscri\u00e7\u00f5es do curso gratuito e remoto do Qualifica SP \u2013 Empreenda. A iniciativa da Secretaria de Desenvolvimento Econ\u00f4mico (SDE) capacita empreendedores de micro e pequenas empresas oferecendo mentorias coletivas e individuais. No total, ser\u00e3o 2 mil vagas distribu\u00eddas em quatro [&hellip;]<\/p>\n","protected":false},"author":1,"featured_media":70123,"comment_status":"","ping_status":"open","sticky":false,"template":"","format":"standard","meta":{"_jetpack_newsletter_access":"","_jetpack_dont_email_post_to_subs":false,"_jetpack_newsletter_tier_id":0,"_jetpack_memberships_contains_paywalled_content":false,"_mbp_banners":[],"_jetpack_feature_clip_id":0,"_jetpack_memberships_contains_paid_content":false,"footnotes":"","jetpack_publicize_message":"","jetpack_publicize_feature_enabled":true,"jetpack_social_post_already_shared":true,"jetpack_social_options":{"image_generator_settings":{"template":"highway","default_image_id":0,"font":"","enabled":false},"version":2},"jetpack_post_was_ever_published":false},"categories":[21],"tags":[],"class_list":["post-70122","post","type-post","status-publish","format-standard","has-post-thumbnail","category-sp-news"],"jetpack_publicize_connections":[],"jetpack-related-posts":[],"jetpack_shortlink":"https:\/\/wp.me\/p7Eq1F-if0","jetpack_sharing_enabled":true,"jetpack_featured_media_url":"https:\/\/i0.wp.com\/guialimeira.com.br\/news\/wp-content\/uploads\/2026\/06\/Qualifica-SP-Empreenda-segundo-ciclo-encerra-inscricoes-na-proxima-terca-feira-30.jpg?fit=1024%2C683&ssl=1","_links":{"self":[{"href":"https:\/\/guialimeira.com.br\/news\/wp-json\/wp\/v2\/posts\/70122","targetHints":{"allow":["GET"]}}],"collection":[{"href":"https:\/\/guialimeira.com.br\/news\/wp-json\/wp\/v2\/posts"}],"about":[{"href":"https:\/\/guialimeira.com.br\/news\/wp-json\/wp\/v2\/types\/post"}],"author":[{"embeddable":true,"href":"https:\/\/guialimeira.com.br\/news\/wp-json\/wp\/v2\/users\/1"}],"replies":[{"embeddable":true,"href":"https:\/\/guialimeira.com.br\/news\/wp-json\/wp\/v2\/comments?post=70122"}],"version-history":[{"count":0,"href":"https:\/\/guialimeira.com.br\/news\/wp-json\/wp\/v2\/posts\/70122\/revisions"}],"wp:featuredmedia":[{"embeddable":true,"href":"https:\/\/guialimeira.com.br\/news\/wp-json\/wp\/v2\/media\/70123"}],"wp:attachment":[{"href":"https:\/\/guialimeira.com.br\/news\/wp-json\/wp\/v2\/media?parent=70122"}],"wp:term":[{"taxonomy":"category","embeddable":true,"href":"https:\/\/guialimeira.com.br\/news\/wp-json\/wp\/v2\/categories?post=70122"},{"taxonomy":"post_tag","embeddable":true,"href":"https:\/\/guialimeira.com.br\/news\/wp-json\/wp\/v2\/tags?post=70122"}],"curies":[{"name":"wp","href":"https:\/\/api.w.org\/{rel}","templated":true}]}}