{"id":70106,"date":"2026-06-24T00:25:14","date_gmt":"2026-06-24T03:25:14","guid":{"rendered":"https:\/\/guialimeira.com.br\/metro-e-trens-de-sp-terao-operacao-especial-para-o-jogo-do-brasil-nesta-quarta-feira-24-confira\/"},"modified":"2026-06-24T00:25:14","modified_gmt":"2026-06-24T03:25:14","slug":"metro-e-trens-de-sp-terao-operacao-especial-para-o-jogo-do-brasil-nesta-quarta-feira-24-confira","status":"publish","type":"post","link":"https:\/\/guialimeira.com.br\/news\/metro-e-trens-de-sp-terao-operacao-especial-para-o-jogo-do-brasil-nesta-quarta-feira-24-confira\/","title":{"rendered":"Metr\u00f4 e trens de SP ter\u00e3o opera\u00e7\u00e3o especial para o jogo do Brasil nesta quarta-feira (24); confira"},"content":{"rendered":"<p> <br \/>\n<br \/><img data-recalc-dims=\"1\" decoding=\"async\" src=\"https:\/\/i0.wp.com\/www.agenciasp.sp.gov.br\/wp-content\/uploads\/2023\/11\/53959522050_06bcbaef6d_k.jpg?w=696&#038;ssl=1\" \/><\/p>\n<div>\n<p class=\"wp-block-paragraph\">Pensando no deslocamento dos passageiros para assistir ao jogo da Sele\u00e7\u00e3o Brasileira, que ocorre nesta quarta-feira (24), \u00e0s 19h, contra a Esc\u00f3cia, as linhas da CPTM, Metr\u00f4, Motiva e TIC Trens ter\u00e3o opera\u00e7\u00e3o especial.<\/p>\n<p class=\"wp-block-paragraph\">Na CPTM, a opera\u00e7\u00e3o nas linhas 10-Turquesa, 11-Coral, 12-Safira e 13-Jade ser\u00e1 mantida de forma habitual, com trens de prontid\u00e3o a partir das 14h para o caso de aumento de demanda e poss\u00edvel antecipa\u00e7\u00e3o do hor\u00e1rio de pico.<\/p>\n<p class=\"wp-block-paragraph\">As linhas 1-Azul, 2-Verde, 3-Vermelha e 15-Prata do Metr\u00f4 ter\u00e3o a oferta m\u00e1xima de trens antecipada para \u00e0s 16h, facilitando o deslocamento dos passageiros at\u00e9 os locais onde assistir\u00e3o ao jogo. A estrat\u00e9gia operacional tamb\u00e9m prev\u00ea refor\u00e7o do monitoramento nas esta\u00e7\u00f5es com maior fluxo, amplia\u00e7\u00e3o das equipes de atendimento e seguran\u00e7a, e acompanhamento em tempo real pelo Centro de Controle Operacional da Companhia, que permitir\u00e1 ajustes na oferta de viagens sempre que necess\u00e1rio.<\/p>\n<p class=\"wp-block-paragraph\"><strong>LEIA TAMB\u00c9M: <a href=\"https:\/\/www.agenciasp.sp.gov.br\/metro-de-sp-tera-distribuicao-gratuita-de-albuns-da-copa-e-pontos-de-doacao-de-figurinhas\/\" rel=\"noopener\">Metr\u00f4 de SP ter\u00e1 distribui\u00e7\u00e3o gratuita de \u00e1lbuns da Copa e pontos de doa\u00e7\u00e3o de figurinhas<\/a><\/strong><\/p>\n<p class=\"wp-block-paragraph\">As linhas operadas pela Motiva tamb\u00e9m ter\u00e3o opera\u00e7\u00e3o especial para atender aos passageiros. Nas linhas 4-Amarela e 5-Lil\u00e1s, a oferta de trens ser\u00e1 refor\u00e7ada uma hora antes do habitual, com o hor\u00e1rio de pico antecipado para \u00e0s 16h. J\u00e1 nas linhas 8-Diamante e 9-Esmeralda, a circula\u00e7\u00e3o refor\u00e7ada de trens ser\u00e1 antecipada em duas horas, iniciando \u00e0s 15h.<\/p>\n<p class=\"wp-block-paragraph\">J\u00e1 a Linha 7-Rubi, operada pela TIC Trens, ter\u00e1 trens de prontid\u00e3o para atender a demanda de passageiros e, se necess\u00e1rio, antecipa\u00e7\u00e3o do hor\u00e1rio de pico da tarde. Ao fim do jogo, haver\u00e1 trens posicionados em pontos estrat\u00e9gicos para atender a um eventual aumento de demanda. Al\u00e9m disso, haver\u00e1 refor\u00e7o no efetivo de agentes nas esta\u00e7\u00f5es e nos trens, enquanto o Centro de Controle Operacional monitorar\u00e1 o fluxo de passageiros em tempo real.<\/p>\n<p class=\"wp-block-paragraph\"><strong>LEIA TAMB\u00c9M: <\/strong><a href=\"https:\/\/www.agenciasp.sp.gov.br\/cafu-gols-do-brasil-no-metro\/\" rel=\"noopener\"><strong>Cafu anuncia gols do Brasil nos trens do Metr\u00f4 em a\u00e7\u00e3o especial para os jogos da Sele\u00e7\u00e3o<\/strong><\/a><\/p>\n<p class=\"wp-block-paragraph\"><strong>Bilhetes: <\/strong>Para viajar, os passageiros podem comprar seu bilhete digital QR CODE para uso nos trilhos via Whatsapp no 11 3888-2200, aplicativo TOP \u2013 dispon\u00edvel para download nas plataformas Google Play ou Apple Store, ATMs distribu\u00eddas por todas as esta\u00e7\u00f5es da CPTM, Metr\u00f4, Motiva e TIC Trens e em mais de 8 mil pontos de venda na capital e regi\u00e3o metropolitana. Nestes pontos a compra pode ser realizada com c\u00e9dulas. Todos os processos s\u00e3o simples e r\u00e1pidos, mesmo para quem n\u00e3o tem familiaridade com as novas tecnologias. A lista completa dos pontos de venda est\u00e1 dispon\u00edvel para consulta no <a href=\"https:\/\/www.boradetop.com.br\" data-type=\"link\" data-id=\"www.boradetop.com.br\" target=\"_blank\" rel=\"noopener\">www.boradetop.com.br<\/a>.<\/p>\n<p class=\"wp-block-paragraph\"><strong>Bikes:<\/strong> Aos s\u00e1bados, domingos e feriados, os passageiros podem embarcar com suas bicicletas na CPTM, Metr\u00f4, Motiva e na TIC Trens em qualquer hor\u00e1rio. As bicicletas devem ser de tamanho convencional e, caso sejam el\u00e9tricas, de dimens\u00f5es semelhantes \u00e0s das convencionais. Nos dias \u00fateis, de segunda a sexta, o embarque \u00e9 permitido entre 10h e 16h e das 21h at\u00e9 o encerramento da opera\u00e7\u00e3o. O embarque da bike no trem \u00e9 permitido apenas no \u00faltimo carro, no limite de quatro bicicletas por viagem.<\/p>\n<\/p><\/div>\n<p><br \/>\n<br \/><a href=\"https:\/\/www.agenciasp.sp.gov.br\/transportes-trilhos-jogo-brasil-quarta-24\/\" rel=\"noopener\">Informa\u00e7\u00f5es GOV.SP<\/a><\/p>\n","protected":false},"excerpt":{"rendered":"<p>Pensando no deslocamento dos passageiros para assistir ao jogo da Sele\u00e7\u00e3o Brasileira, que ocorre nesta quarta-feira (24), \u00e0s 19h, contra a Esc\u00f3cia, as linhas da CPTM, Metr\u00f4, Motiva e TIC Trens ter\u00e3o opera\u00e7\u00e3o especial. Na CPTM, a opera\u00e7\u00e3o nas linhas 10-Turquesa, 11-Coral, 12-Safira e 13-Jade ser\u00e1 mantida de forma habitual, com trens de prontid\u00e3o a [&hellip;]<\/p>\n","protected":false},"author":1,"featured_media":21319,"comment_status":"","ping_status":"open","sticky":false,"template":"","format":"standard","meta":{"_jetpack_newsletter_access":"","_jetpack_dont_email_post_to_subs":false,"_jetpack_newsletter_tier_id":0,"_jetpack_memberships_contains_paywalled_content":false,"_mbp_banners":[],"_jetpack_feature_clip_id":0,"_jetpack_memberships_contains_paid_content":false,"footnotes":"","jetpack_publicize_message":"","jetpack_publicize_feature_enabled":true,"jetpack_social_post_already_shared":true,"jetpack_social_options":{"image_generator_settings":{"template":"highway","default_image_id":0,"font":"","enabled":false},"version":2},"jetpack_post_was_ever_published":false},"categories":[21],"tags":[],"class_list":["post-70106","post","type-post","status-publish","format-standard","has-post-thumbnail","category-sp-news"],"jetpack_publicize_connections":[],"jetpack-related-posts":[],"jetpack_shortlink":"https:\/\/wp.me\/p7Eq1F-ieK","jetpack_sharing_enabled":true,"jetpack_featured_media_url":"https:\/\/i0.wp.com\/guialimeira.com.br\/news\/wp-content\/uploads\/2025\/01\/Estacoes-dos-Transportes-Metropolitanos-de-SP-recebem-acao-de-empregabilidade.jpg?fit=2048%2C1365&ssl=1","_links":{"self":[{"href":"https:\/\/guialimeira.com.br\/news\/wp-json\/wp\/v2\/posts\/70106","targetHints":{"allow":["GET"]}}],"collection":[{"href":"https:\/\/guialimeira.com.br\/news\/wp-json\/wp\/v2\/posts"}],"about":[{"href":"https:\/\/guialimeira.com.br\/news\/wp-json\/wp\/v2\/types\/post"}],"author":[{"embeddable":true,"href":"https:\/\/guialimeira.com.br\/news\/wp-json\/wp\/v2\/users\/1"}],"replies":[{"embeddable":true,"href":"https:\/\/guialimeira.com.br\/news\/wp-json\/wp\/v2\/comments?post=70106"}],"version-history":[{"count":0,"href":"https:\/\/guialimeira.com.br\/news\/wp-json\/wp\/v2\/posts\/70106\/revisions"}],"wp:featuredmedia":[{"embeddable":true,"href":"https:\/\/guialimeira.com.br\/news\/wp-json\/wp\/v2\/media\/21319"}],"wp:attachment":[{"href":"https:\/\/guialimeira.com.br\/news\/wp-json\/wp\/v2\/media?parent=70106"}],"wp:term":[{"taxonomy":"category","embeddable":true,"href":"https:\/\/guialimeira.com.br\/news\/wp-json\/wp\/v2\/categories?post=70106"},{"taxonomy":"post_tag","embeddable":true,"href":"https:\/\/guialimeira.com.br\/news\/wp-json\/wp\/v2\/tags?post=70106"}],"curies":[{"name":"wp","href":"https:\/\/api.w.org\/{rel}","templated":true}]}}