{"id":70097,"date":"2026-06-23T22:22:12","date_gmt":"2026-06-24T01:22:12","guid":{"rendered":"https:\/\/guialimeira.com.br\/governo-de-sp-anuncia-pacote-de-acoes-para-fortalecer-o-agro-paulista-durante-a-feicorte-2026\/"},"modified":"2026-06-23T22:22:12","modified_gmt":"2026-06-24T01:22:12","slug":"governo-de-sp-anuncia-pacote-de-acoes-para-fortalecer-o-agro-paulista-durante-a-feicorte-2026","status":"publish","type":"post","link":"https:\/\/guialimeira.com.br\/news\/governo-de-sp-anuncia-pacote-de-acoes-para-fortalecer-o-agro-paulista-durante-a-feicorte-2026\/","title":{"rendered":"Governo de SP anuncia pacote de a\u00e7\u00f5es para fortalecer o agro paulista durante a Feicorte 2026"},"content":{"rendered":"<p> <br \/>\n<\/p>\n<div>\n<p class=\"wp-block-paragraph\">O Governo de S\u00e3o Paulo anunciou nesta ter\u00e7a-feira (23) um pacote de a\u00e7\u00f5es voltadas ao fortalecimento do agroneg\u00f3cio paulista durante a abertura da 22\u00aa edi\u00e7\u00e3o da Feira Internacional da Cadeia Produtiva da Carne (Feicorte), em Presidente Prudente. As iniciativas incluem regulariza\u00e7\u00e3o fundi\u00e1ria e seguran\u00e7a alimentar, refor\u00e7ando o compromisso da gest\u00e3o estadual com o desenvolvimento rural, a seguran\u00e7a jur\u00eddica no campo e a gera\u00e7\u00e3o de oportunidades para produtores.\u00a0<\/p>\n<p class=\"wp-block-paragraph\">\u201cA Feicorte j\u00e1 faz parte do nosso calend\u00e1rio e celebra um agro que nos orgulha: forte, tecnificado e diversificado. Um setor que representa quase 20% do PIB paulista e que tem na pecu\u00e1ria de corte um dos seus grandes destaques. \u00c9 uma oportunidade de mostrar a evolu\u00e7\u00e3o da nossa produ\u00e7\u00e3o, com mais tecnologia e sustentabilidade. Temos muito orgulho do que estamos construindo no campo e da qualidade daquilo que produzimos\u201d, afirmou o governador Tarc\u00edsio de Freitas.\u00a0<\/p>\n<p class=\"wp-block-paragraph\">\u201cO agroneg\u00f3cio precisa de estabilidade, e temos conseguido proporcionar isso com regras claras para o produtor. Estamos fortalecendo o Fundo de Expans\u00e3o do Agroneg\u00f3cio Paulista (FEAP), que oferece cr\u00e9dito para financiar iniciativas como irriga\u00e7\u00e3o, mecaniza\u00e7\u00e3o e apoio a quem mais precisa, al\u00e9m de taxas que podem chegar a 20% abaixo das menores encontradas no mercado\u201d, completou.<\/p>\n<p class=\"wp-block-paragraph\">Entre as entregas realizadas durante o evento est\u00e1 a emiss\u00e3o de 20 t\u00edtulos de regulariza\u00e7\u00e3o fundi\u00e1ria rural para m\u00e9dias e grandes propriedades. A a\u00e7\u00e3o, viabilizada pelo Instituto de Terras do Estado de S\u00e3o Paulo (Itesp), garante seguran\u00e7a jur\u00eddica aos produtores, amplia o acesso ao cr\u00e9dito rural e estimula novos investimentos no campo.<\/p>\n<p class=\"wp-block-paragraph\">Com as entregas promovidas desde 2023, o Estado ultrapassa a marca de 6,3 mil t\u00edtulos rurais emitidos, beneficiando milhares de fam\u00edlias e promovendo a regulariza\u00e7\u00e3o de mais de 276 mil hectares em todas as regi\u00f5es paulistas.<\/p>\n<p class=\"wp-block-paragraph\">A programa\u00e7\u00e3o da Feicorte inclui ainda a formaliza\u00e7\u00e3o da regulariza\u00e7\u00e3o da \u00e1rea do Recinto de Exposi\u00e7\u00f5es Jacob Tosello, em Presidente Prudente, por meio da assinatura da escritura de doa\u00e7\u00e3o ao munic\u00edpio. A medida garante seguran\u00e7a jur\u00eddica para a utiliza\u00e7\u00e3o do espa\u00e7o, refer\u00eancia regional para a realiza\u00e7\u00e3o de eventos agropecu\u00e1rios, feiras, exposi\u00e7\u00f5es e atividades de interesse p\u00fablico.<\/p>\n<figure class=\"wp-block-embed is-type-video is-provider-youtube wp-block-embed-youtube wp-embed-aspect-16-9 wp-has-aspect-ratio\">\n<p>\n<span class=\"embed-youtube\" style=\"text-align:center; display: block;\"><iframe loading=\"lazy\" class=\"youtube-player\" width=\"696\" height=\"392\" src=\"https:\/\/www.youtube.com\/embed\/744l05o3GZ4?version=3&#038;rel=1&#038;showsearch=0&#038;showinfo=1&#038;iv_load_policy=1&#038;fs=1&#038;hl=pt-BR&#038;autohide=2&#038;wmode=transparent\" allowfullscreen=\"true\" style=\"border:0;\" sandbox=\"allow-scripts allow-same-origin allow-popups allow-presentation allow-popups-to-escape-sandbox\"><\/iframe><\/span>\n<\/p>\n<\/figure>\n<p class=\"wp-block-paragraph\">Outro destaque da agenda foi o descerramento das placas de tr\u00eas unidades do Projeto Cozinhalimento nos munic\u00edpios de Presidente Prudente, Presidente Epit\u00e1cio e Muritinga do Sul. Desenvolvido pelo Governo do Estado, o programa promove seguran\u00e7a alimentar, qualifica\u00e7\u00e3o profissional e gera\u00e7\u00e3o de renda por meio da implanta\u00e7\u00e3o de cozinhas industriais destinadas ao processamento, aproveitamento integral e produ\u00e7\u00e3o de alimentos.<\/p>\n<figure class=\"wp-block-image size-large\"><img data-recalc-dims=\"1\" fetchpriority=\"high\" decoding=\"async\" width=\"696\" height=\"479\" src=\"https:\/\/i0.wp.com\/www.agenciasp.sp.gov.br\/wp-content\/uploads\/2026\/06\/ROD02631-e1782257079297-1024x705.jpg?resize=696%2C479&#038;ssl=1\" alt=\"\" class=\"wp-image-154486 lazy\" srcset=\"https:\/\/www.agenciasp.sp.gov.br\/wp-content\/uploads\/2026\/06\/ROD02631-e1782257079297-1024x705.jpg 1024w, https:\/\/www.agenciasp.sp.gov.br\/wp-content\/uploads\/2026\/06\/ROD02631-e1782257079297-300x207.jpg 300w, https:\/\/www.agenciasp.sp.gov.br\/wp-content\/uploads\/2026\/06\/ROD02631-e1782257079297-768x529.jpg 768w, https:\/\/www.agenciasp.sp.gov.br\/wp-content\/uploads\/2026\/06\/ROD02631-e1782257079297-1536x1058.jpg 1536w, https:\/\/www.agenciasp.sp.gov.br\/wp-content\/uploads\/2026\/06\/ROD02631-e1782257079297-150x103.jpg 150w, https:\/\/www.agenciasp.sp.gov.br\/wp-content\/uploads\/2026\/06\/ROD02631-e1782257079297.jpg 1568w\" data-sizes=\"(max-width: 1024px) 100vw, 1024px\"\/><figcaption class=\"wp-element-caption\">As iniciativas refor\u00e7am o desenvolvimento rural, a seguran\u00e7a jur\u00eddica no campo e as oportunidades para os produtores. Foto: Governo do Estado de SP<\/figcaption><\/figure>\n<h2 class=\"wp-block-heading\"><strong>Parcerias fortalecem agro sustent\u00e1vel<\/strong><\/h2>\n<p class=\"wp-block-paragraph\">Al\u00e9m das entregas realizadas durante a cerim\u00f4nia de abertura, o Governo de S\u00e3o Paulo anunciou a amplia\u00e7\u00e3o de a\u00e7\u00f5es voltadas ao desenvolvimento sustent\u00e1vel do Pontal do Paranapanema. Entre elas est\u00e1 a assinatura de conv\u00eanio para entrega futura de 14 kits operacionais de combate a inc\u00eandios destinados a 13 munic\u00edpios da regi\u00e3o, com investimento superior a R$4,4 milh\u00f5es. Os equipamentos incluem tratores, tanques-pipa, ro\u00e7adeiras hidr\u00e1ulicas, carretas agr\u00edcolas e sopradores costais para apoio \u00e0s a\u00e7\u00f5es de preven\u00e7\u00e3o e combate a inc\u00eandios em \u00e1reas rurais.<\/p>\n<p class=\"wp-block-paragraph\">A abertura da feira tamb\u00e9m foi marcada pela assinatura de protocolo de inten\u00e7\u00f5es com a empresa Vista Alegre para implanta\u00e7\u00e3o de projetos produtivos em assentamentos estaduais. A parceria prev\u00ea o cultivo de 150 hectares de batata-doce destinados \u00e0 produ\u00e7\u00e3o de etanol e biometano e o plantio de 80 hectares de eucalipto para gera\u00e7\u00e3o de biomassa, beneficiando 45 lotes rurais.<\/p>\n<p class=\"wp-block-paragraph\">Durante os quatro dias da Feicorte, os visitantes tamb\u00e9m poder\u00e3o conhecer, no estande da Secretaria de Agricultura e Abastecimento, programas, servi\u00e7os, pesquisas e tecnologias desenvolvidos pelas coordenadorias e institutos vinculados \u00e0 Pasta, com foco no aumento da produtividade, da sustentabilidade e da competitividade do agroneg\u00f3cio paulista<em>.<\/em><\/p>\n<p class=\"wp-block-paragraph\">Ou\u00e7a os \u00e1udios:<\/p>\n<p><iframe loading=\"lazy\" width=\"100%\" height=\"166\" scrolling=\"no\" frameborder=\"no\" allow=\"autoplay; encrypted-media\" src=\"https:\/\/w.soundcloud.com\/player\/?url=https%3A\/\/api.soundcloud.com\/tracks\/soundcloud%253Atracks%253A2344969754&amp;color=%23ff5500&amp;auto_play=false&amp;hide_related=false&amp;show_comments=true&amp;show_user=true&amp;show_reposts=false&amp;show_teaser=true\"><\/iframe><\/p>\n<p><iframe loading=\"lazy\" width=\"100%\" height=\"166\" scrolling=\"no\" frameborder=\"no\" allow=\"autoplay; encrypted-media\" src=\"https:\/\/w.soundcloud.com\/player\/?url=https%3A\/\/api.soundcloud.com\/tracks\/soundcloud%253Atracks%253A2344970708&amp;color=%23ff5500&amp;auto_play=false&amp;hide_related=false&amp;show_comments=true&amp;show_user=true&amp;show_reposts=false&amp;show_teaser=true\"><\/iframe>\n\t\t\t\t<\/div>\n<p><br \/>\n<br \/><a href=\"https:\/\/www.agenciasp.sp.gov.br\/governo-de-sp-anuncia-pacote-de-acoes-para-fortalecer-o-agro-paulista-durante-a-feicorte-2026\/\" rel=\"noopener\">Informa\u00e7\u00f5es GOV.SP<\/a><\/p>\n","protected":false},"excerpt":{"rendered":"<p>O Governo de S\u00e3o Paulo anunciou nesta ter\u00e7a-feira (23) um pacote de a\u00e7\u00f5es voltadas ao fortalecimento do agroneg\u00f3cio paulista durante a abertura da 22\u00aa edi\u00e7\u00e3o da Feira Internacional da Cadeia Produtiva da Carne (Feicorte), em Presidente Prudente. As iniciativas incluem regulariza\u00e7\u00e3o fundi\u00e1ria e seguran\u00e7a alimentar, refor\u00e7ando o compromisso da gest\u00e3o estadual com o desenvolvimento rural, [&hellip;]<\/p>\n","protected":false},"author":1,"featured_media":70098,"comment_status":"","ping_status":"open","sticky":false,"template":"","format":"standard","meta":{"_jetpack_newsletter_access":"","_jetpack_dont_email_post_to_subs":false,"_jetpack_newsletter_tier_id":0,"_jetpack_memberships_contains_paywalled_content":false,"_mbp_banners":[],"_jetpack_feature_clip_id":0,"_jetpack_memberships_contains_paid_content":false,"footnotes":"","jetpack_publicize_message":"","jetpack_publicize_feature_enabled":true,"jetpack_social_post_already_shared":true,"jetpack_social_options":{"image_generator_settings":{"template":"highway","default_image_id":0,"font":"","enabled":false},"version":2},"jetpack_post_was_ever_published":false},"categories":[21],"tags":[],"class_list":["post-70097","post","type-post","status-publish","format-standard","has-post-thumbnail","category-sp-news"],"jetpack_publicize_connections":[],"jetpack-related-posts":[],"jetpack_shortlink":"https:\/\/wp.me\/p7Eq1F-ieB","jetpack_sharing_enabled":true,"jetpack_featured_media_url":"https:\/\/i0.wp.com\/guialimeira.com.br\/news\/wp-content\/uploads\/2026\/06\/Governo-de-SP-anuncia-pacote-de-acoes-para-fortalecer-o.jpg?fit=1024%2C705&ssl=1","_links":{"self":[{"href":"https:\/\/guialimeira.com.br\/news\/wp-json\/wp\/v2\/posts\/70097","targetHints":{"allow":["GET"]}}],"collection":[{"href":"https:\/\/guialimeira.com.br\/news\/wp-json\/wp\/v2\/posts"}],"about":[{"href":"https:\/\/guialimeira.com.br\/news\/wp-json\/wp\/v2\/types\/post"}],"author":[{"embeddable":true,"href":"https:\/\/guialimeira.com.br\/news\/wp-json\/wp\/v2\/users\/1"}],"replies":[{"embeddable":true,"href":"https:\/\/guialimeira.com.br\/news\/wp-json\/wp\/v2\/comments?post=70097"}],"version-history":[{"count":0,"href":"https:\/\/guialimeira.com.br\/news\/wp-json\/wp\/v2\/posts\/70097\/revisions"}],"wp:featuredmedia":[{"embeddable":true,"href":"https:\/\/guialimeira.com.br\/news\/wp-json\/wp\/v2\/media\/70098"}],"wp:attachment":[{"href":"https:\/\/guialimeira.com.br\/news\/wp-json\/wp\/v2\/media?parent=70097"}],"wp:term":[{"taxonomy":"category","embeddable":true,"href":"https:\/\/guialimeira.com.br\/news\/wp-json\/wp\/v2\/categories?post=70097"},{"taxonomy":"post_tag","embeddable":true,"href":"https:\/\/guialimeira.com.br\/news\/wp-json\/wp\/v2\/tags?post=70097"}],"curies":[{"name":"wp","href":"https:\/\/api.w.org\/{rel}","templated":true}]}}