{"id":70093,"date":"2026-06-23T21:21:29","date_gmt":"2026-06-24T00:21:29","guid":{"rendered":"https:\/\/guialimeira.com.br\/governo-de-sp-entrega-novo-nucleo-pericial-e-amplia-estrutura-de-seguranca-em-presidente-prudente\/"},"modified":"2026-06-23T21:21:29","modified_gmt":"2026-06-24T00:21:29","slug":"governo-de-sp-entrega-novo-nucleo-pericial-e-amplia-estrutura-de-seguranca-em-presidente-prudente","status":"publish","type":"post","link":"https:\/\/guialimeira.com.br\/news\/governo-de-sp-entrega-novo-nucleo-pericial-e-amplia-estrutura-de-seguranca-em-presidente-prudente\/","title":{"rendered":"Governo de SP entrega novo n\u00facleo pericial e amplia estrutura de seguran\u00e7a em Presidente Prudente"},"content":{"rendered":"<p> <br \/>\n<\/p>\n<div>\n<p class=\"wp-block-paragraph\">O Governo de S\u00e3o Paulo inaugurou, nesta ter\u00e7a-feira (23), o novo Instituto M\u00e9dico-Legal (IML) e o n\u00facleo do Instituto de Criminal\u00edstica de Presidente Prudente. Nos \u00faltimos tr\u00eas anos, os investimentos na infraestrutura da Pol\u00edcia T\u00e9cnico-Cient\u00edfica e da Pol\u00edcia Civil na cidade alcan\u00e7aram R$ 51 milh\u00f5es.<\/p>\n<p>\u201cInvestir em seguran\u00e7a p\u00fablica \u00e9 investir em intelig\u00eancia, tecnologia e estrutura para quem est\u00e1 na linha de frente protegendo a popula\u00e7\u00e3o. A entrega deste novo complexo pericial fortalece a capacidade de investiga\u00e7\u00e3o, d\u00e1 melhores condi\u00e7\u00f5es de trabalho aos nossos profissionais e amplia a presen\u00e7a do Estado em uma regi\u00e3o estrat\u00e9gica no combate ao crime organizado.\u201d\u00a0<\/p>\n<p class=\"wp-block-paragraph\">Durante a cerim\u00f4nia, tamb\u00e9m foi anunciada a conclus\u00e3o de outras duas obras no munic\u00edpio: a reforma da sede da Delegacia Seccional de Pol\u00edcia de Presidente Prudente, com investimento de R$ 4,5 milh\u00f5es do Tesouro estadual, e a sede do Departamento de Pol\u00edcia Judici\u00e1ria de S\u00e3o Paulo Interior 8 (Deinter-8), or\u00e7ada em R$ 9,3 milh\u00f5es.\u00a0<\/p>\n<p class=\"wp-block-paragraph\">\u201cA nova estrutura de per\u00edcia e a reforma das sedes da Pol\u00edcia Civil ampliam a capacidade de investiga\u00e7\u00e3o em uma regi\u00e3o que concentra o maior volume de apreens\u00f5es de drogas do Oeste paulista\u201d, afirmou o secret\u00e1rio da Seguran\u00e7a P\u00fablica do Estado, Osvaldo Nico Gon\u00e7alves.<\/p>\n<figure class=\"wp-block-image size-large\"><img data-recalc-dims=\"1\" fetchpriority=\"high\" decoding=\"async\" width=\"696\" height=\"392\" src=\"https:\/\/i0.wp.com\/www.agenciasp.sp.gov.br\/wp-content\/uploads\/2026\/06\/IMG_4966.JPG-1024x576.jpeg?resize=696%2C392&#038;ssl=1\" alt=\"\" class=\"wp-image-154494 lazy\" srcset=\"https:\/\/www.agenciasp.sp.gov.br\/wp-content\/uploads\/2026\/06\/IMG_4966.JPG-1024x576.jpeg 1024w, https:\/\/www.agenciasp.sp.gov.br\/wp-content\/uploads\/2026\/06\/IMG_4966.JPG-300x169.jpeg 300w, https:\/\/www.agenciasp.sp.gov.br\/wp-content\/uploads\/2026\/06\/IMG_4966.JPG-768x432.jpeg 768w, https:\/\/www.agenciasp.sp.gov.br\/wp-content\/uploads\/2026\/06\/IMG_4966.JPG-1536x864.jpeg 1536w, https:\/\/www.agenciasp.sp.gov.br\/wp-content\/uploads\/2026\/06\/IMG_4966.JPG-2048x1152.jpeg 2048w, https:\/\/www.agenciasp.sp.gov.br\/wp-content\/uploads\/2026\/06\/IMG_4966.JPG-150x84.jpeg 150w\" data-sizes=\"(max-width: 1024px) 100vw, 1024px\"\/><figcaption class=\"wp-element-caption\">Foto: Elaine Borges\/SSP-SP<\/figcaption><\/figure>\n<p class=\"wp-block-paragraph\">Desde o in\u00edcio da atual gest\u00e3o, em 2023, as for\u00e7as de seguran\u00e7a apreenderam 107 toneladas de drogas na regi\u00e3o Oeste, o equivalente a um preju\u00edzo de quase R$ 270 milh\u00f5es ao crime organizado.<\/p>\n<h2 class=\"wp-block-heading\"><strong>Amplia\u00e7\u00e3o de infraestrutura na regi\u00e3o<\/strong><\/h2>\n<p class=\"wp-block-paragraph\">Al\u00e9m das unidades entregues hoje, o Governo de S\u00e3o Paulo destacou outras quatro obras de constru\u00e7\u00e3o e amplia\u00e7\u00e3o de delegacias realizadas entre 2023 e 2024 na regi\u00e3o de Presidente Prudente.<\/p>\n<p class=\"wp-block-paragraph\">Em janeiro de 2023, foi conclu\u00edda a constru\u00e7\u00e3o da Delegacia de Pol\u00edcia de Ibirarema, com investimento de R$ 1,8 milh\u00e3o. J\u00e1 em novembro do mesmo ano, os 1\u00ba e 2\u00ba Distritos Policiais da Central de Pol\u00edcia Judici\u00e1ria (CPJ) de Dracena passaram por amplia\u00e7\u00e3o para aprimorar o atendimento \u00e0 popula\u00e7\u00e3o. O mesmo terreno passou a contemplar as unidades da Delegacia de Defesa da Mulher (DDM) de Dracena, al\u00e9m da DIG, DISE e Plant\u00e3o Central. A obra recebeu aporte de R$ 5 milh\u00f5es.\u00a0<\/p>\n<p class=\"wp-block-paragraph\">Em setembro de 2024, Tarum\u00e3 foi contemplada com uma nova Delegacia de Pol\u00edcia, constru\u00edda com investimento de R$ 1,9 milh\u00f5es. No m\u00eas seguinte, C\u00e2ndido Mota tamb\u00e9m recebeu uma nova unidade policial, entregue ao custo de R$ 4 milh\u00f5es.<\/p>\n<h2 class=\"wp-block-heading\"><strong>Refor\u00e7o no efetivo e amplia\u00e7\u00e3o da rede de prote\u00e7\u00e3o \u00e0s mulheres<\/strong><\/h2>\n<p class=\"wp-block-paragraph\">A regi\u00e3o tamb\u00e9m recebeu refor\u00e7o de efetivo. Foram destinados 36 policiais militares, 16 profissionais da Pol\u00edcia T\u00e9cnico-Cient\u00edfica e 189 policiais civis, somando 241 profissionais. Desse contingente, 18 policiais civis passaram a atuar nas Delegacias de Defesa da Mulher (DDM) da regi\u00e3o. Em frota, foram entregues 113 viaturas, em investimento de R$ 23,7 milh\u00f5es com recursos estaduais e de outras fontes.<\/p>\n<p class=\"wp-block-paragraph\">Outro investimento voltado \u00e0 prote\u00e7\u00e3o das mulheres foi a implanta\u00e7\u00e3o da Cabine Lil\u00e1s de Presidente Prudente, instalada no Centro de Opera\u00e7\u00f5es da Pol\u00edcia Militar (Copom) em agosto de 2025. At\u00e9 maio deste ano, o servi\u00e7o especializado realizou 993 atendimentos a v\u00edtimas de viol\u00eancia dom\u00e9stica.<\/p>\n<p class=\"wp-block-paragraph\">Os indicadores criminais da regi\u00e3o est\u00e3o nos menores patamares da s\u00e9rie hist\u00f3rica. Os roubos em geral ca\u00edram 7,3% no primeiro quadrimestre de 2026 ante o mesmo per\u00edodo de 2025, com 63 ocorr\u00eancias registradas no ano. Os furtos em geral recuaram 6,9% de janeiro a abril de 2026 na mesma compara\u00e7\u00e3o, somando 2,3 mil ocorr\u00eancias. No mesmo per\u00edodo, at\u00e9 abril, foram apreendidas 101 armas de fogo, recuperados 116 ve\u00edculos e presos ou apreendidos 2,2 mil infratores.<\/p>\n<p class=\"wp-block-paragraph\">Na regi\u00e3o, o programa Muralha Paulista integra seis munic\u00edpios e beneficia 228,3 mil habitantes: Assis, Iep\u00ea, Palmital, Presidente Epit\u00e1cio, Dracena e Tarum\u00e3.<\/p>\n<h2 class=\"wp-block-heading\"><strong>Infraestrutura urbana<\/strong><\/h2>\n<p class=\"wp-block-paragraph\">Durante a agenda, o Governo de S\u00e3o Paulo tamb\u00e9m inaugurou a Avenida Dom Antonio Agostinho Marochi, em Presidente Prudente. Com investimento de R$ 20 milh\u00f5es da Secretaria de Governo e Rela\u00e7\u00f5es Institucionais (SGRI), a nova via de 2,2 quil\u00f4metros beneficia mais de 2 mil fam\u00edlias, interliga bairros da cidade e contribui para o desenvolvimento urbano da regi\u00e3o.<\/p>\n<p class=\"wp-block-paragraph\">A obra incluiu pavimenta\u00e7\u00e3o, drenagem, sinaliza\u00e7\u00e3o e ilumina\u00e7\u00e3o p\u00fablica. Entre os beneficiados est\u00e3o os moradores do Conjunto Habitacional Ant\u00f4nio Manoel da Costa (Toninho), entregue pela CDHU em 2025. Desde 2023, a SGRI j\u00e1 firmou 270 conv\u00eanios com os 53 munic\u00edpios da Regi\u00e3o Administrativa de Presidente Prudente, totalizando cerca de R$ 160 milh\u00f5es em investimentos em infraestrutura urbana e equipamentos p\u00fablicos.<\/p>\n<\/p><\/div>\n<p><br \/>\n<br \/><a href=\"https:\/\/www.agenciasp.sp.gov.br\/governo-de-sp-entrega-novo-nucleo-pericial-e-amplia-estrutura-de-seguranca-em-presidente-prudente\/\" rel=\"noopener\">Informa\u00e7\u00f5es GOV.SP<\/a><\/p>\n","protected":false},"excerpt":{"rendered":"<p>O Governo de S\u00e3o Paulo inaugurou, nesta ter\u00e7a-feira (23), o novo Instituto M\u00e9dico-Legal (IML) e o n\u00facleo do Instituto de Criminal\u00edstica de Presidente Prudente. Nos \u00faltimos tr\u00eas anos, os investimentos na infraestrutura da Pol\u00edcia T\u00e9cnico-Cient\u00edfica e da Pol\u00edcia Civil na cidade alcan\u00e7aram R$ 51 milh\u00f5es. \u201cInvestir em seguran\u00e7a p\u00fablica \u00e9 investir em intelig\u00eancia, tecnologia e [&hellip;]<\/p>\n","protected":false},"author":1,"featured_media":70094,"comment_status":"","ping_status":"open","sticky":false,"template":"","format":"standard","meta":{"_jetpack_newsletter_access":"","_jetpack_dont_email_post_to_subs":false,"_jetpack_newsletter_tier_id":0,"_jetpack_memberships_contains_paywalled_content":false,"_mbp_banners":[],"_jetpack_feature_clip_id":0,"_jetpack_memberships_contains_paid_content":false,"footnotes":"","jetpack_publicize_message":"","jetpack_publicize_feature_enabled":true,"jetpack_social_post_already_shared":true,"jetpack_social_options":{"image_generator_settings":{"template":"highway","default_image_id":0,"font":"","enabled":false},"version":2},"jetpack_post_was_ever_published":false},"categories":[21],"tags":[],"class_list":["post-70093","post","type-post","status-publish","format-standard","has-post-thumbnail","category-sp-news"],"jetpack_publicize_connections":[],"jetpack-related-posts":[],"jetpack_shortlink":"https:\/\/wp.me\/p7Eq1F-iex","jetpack_sharing_enabled":true,"jetpack_featured_media_url":"https:\/\/i0.wp.com\/guialimeira.com.br\/news\/wp-content\/uploads\/2026\/06\/Governo-de-SP-entrega-novo-nucleo-pericial-e-amplia-estrutura.jpeg?fit=1024%2C576&ssl=1","_links":{"self":[{"href":"https:\/\/guialimeira.com.br\/news\/wp-json\/wp\/v2\/posts\/70093","targetHints":{"allow":["GET"]}}],"collection":[{"href":"https:\/\/guialimeira.com.br\/news\/wp-json\/wp\/v2\/posts"}],"about":[{"href":"https:\/\/guialimeira.com.br\/news\/wp-json\/wp\/v2\/types\/post"}],"author":[{"embeddable":true,"href":"https:\/\/guialimeira.com.br\/news\/wp-json\/wp\/v2\/users\/1"}],"replies":[{"embeddable":true,"href":"https:\/\/guialimeira.com.br\/news\/wp-json\/wp\/v2\/comments?post=70093"}],"version-history":[{"count":0,"href":"https:\/\/guialimeira.com.br\/news\/wp-json\/wp\/v2\/posts\/70093\/revisions"}],"wp:featuredmedia":[{"embeddable":true,"href":"https:\/\/guialimeira.com.br\/news\/wp-json\/wp\/v2\/media\/70094"}],"wp:attachment":[{"href":"https:\/\/guialimeira.com.br\/news\/wp-json\/wp\/v2\/media?parent=70093"}],"wp:term":[{"taxonomy":"category","embeddable":true,"href":"https:\/\/guialimeira.com.br\/news\/wp-json\/wp\/v2\/categories?post=70093"},{"taxonomy":"post_tag","embeddable":true,"href":"https:\/\/guialimeira.com.br\/news\/wp-json\/wp\/v2\/tags?post=70093"}],"curies":[{"name":"wp","href":"https:\/\/api.w.org\/{rel}","templated":true}]}}