{"id":70084,"date":"2026-06-23T19:18:12","date_gmt":"2026-06-23T22:18:12","guid":{"rendered":"https:\/\/guialimeira.com.br\/atleta-do-time-sao-paulo-maciel-santos-e-campeao-de-etapa-da-copa-do-mundo-de-bocha-paralimpica\/"},"modified":"2026-06-23T19:18:12","modified_gmt":"2026-06-23T22:18:12","slug":"atleta-do-time-sao-paulo-maciel-santos-e-campeao-de-etapa-da-copa-do-mundo-de-bocha-paralimpica","status":"publish","type":"post","link":"https:\/\/guialimeira.com.br\/news\/atleta-do-time-sao-paulo-maciel-santos-e-campeao-de-etapa-da-copa-do-mundo-de-bocha-paralimpica\/","title":{"rendered":"Atleta do Time S\u00e3o Paulo, Maciel Santos \u00e9 campe\u00e3o de etapa da Copa do Mundo de bocha paral\u00edmpica"},"content":{"rendered":"<p> <br \/>\n<br \/><img data-recalc-dims=\"1\" decoding=\"async\" src=\"https:\/\/i0.wp.com\/www.agenciasp.sp.gov.br\/wp-content\/uploads\/2026\/06\/WhatsApp-Image-2026-06-23-at-14.56.08-e1782237871282.jpeg?w=696&#038;ssl=1\" \/><\/p>\n<div>\n<p class=\"wp-block-paragraph\">O jogador de bocha e integrante do Time S\u00e3o Paulo Maciel Santos ganhou medalha de ouro na etapa da Copa do Mundo da modalidade realizada em Birmingham, nos Estados Unidos, nesta segunda-feira (22). O atleta, que compete na classe BC2, destinada a jogadores que n\u00e3o podem receber assist\u00eancia, tem tr\u00eas medalhas paral\u00edmpicas no curr\u00edculo (uma de ouro, uma de prata e uma de bronze) e j\u00e1 representa o Brasil em competi\u00e7\u00f5es internacionais desde os 14 anos.<\/p>\n<p class=\"wp-block-paragraph\">O brasileiro foi um dos grandes destaques do Birmingham 2026 World Boccia Challenger, que termina nesta ter\u00e7a-feira (23). \u201cResultados como esse s\u00e3o constru\u00eddos diariamente nos treinos, na prepara\u00e7\u00e3o f\u00edsica, no trabalho mental e em cada detalhe antes da competi\u00e7\u00e3o come\u00e7ar, por isso essa vit\u00f3ria \u00e9 compartilhada com todos que fazem parte da minha caminhada\u201d, disse ele em post publicado em suas redes sociais. \u201cAgrade\u00e7o ao secret\u00e1rio Marcos da Costa pelo incentivo ao esporte paral\u00edmpico e ao Time S\u00e3o Paulo pelo suporte e confian\u00e7a ao longo dessa trajet\u00f3ria.\u201d<\/p>\n<p class=\"wp-block-paragraph\"><strong>LEIA TAMB\u00c9M: <a href=\"https:\/\/www.agenciasp.sp.gov.br\/cristian-atletismo-rumo-a-los-angeles-2028\/\" rel=\"noopener\">Cristian Ribera, medalhista na neve, inicia temporada no atletismo rumo a Los Angeles-2028<\/a><\/strong><\/p>\n<p class=\"wp-block-paragraph\">O Time S\u00e3o Paulo \u00e9 um programa de fomento ao paradesporto nacional idealizado pela Secretaria Estadual dos Direitos da Pessoa com Defici\u00eancia em parceria com o Comit\u00ea Paral\u00edmpico Brasileiro que beneficia 157 atletas de 16 modalidades.<\/p>\n<p class=\"wp-block-paragraph\">As jogadoras de bocha do Time S\u00e3o Paulo Evani Calado e Evelyn Oliveira, medalhistas de ouro nos Jogos Rio-2016, tamb\u00e9m tiveram \u00f3timo desempenho na competi\u00e7\u00e3o. Evani ganhou medalha de prata e Evelyn ficou com o bronze ap\u00f3s vencer a disputa pelo 3\u00ba lugar. As duas competem na classe BC3, destinada a atletas com defici\u00eancias motoras severas.<\/p>\n<p class=\"wp-block-paragraph\">\u201cParab\u00e9ns ao Maciel, \u00e0 Evani e \u00e0 Evelyn pelo \u00f3timo resultado. \u00c9 muito gratificante ver o Time S\u00e3o Paulo levando atletas a p\u00f3dios mundiais, transformando suas vidas por meio do paradesporto\u201d, disse Marcos da Costa, secret\u00e1rio Estadual dos Direitos da Pessoa com Defici\u00eancia.<\/p>\n<h3 class=\"wp-block-heading\">Sobre a bocha paral\u00edmpica<\/h3>\n<p class=\"wp-block-paragraph\">Praticada por atletas com elevado grau de paralisia cerebral ou defici\u00eancias severas, a bocha paral\u00edmpica s\u00f3 apareceu no Brasil na d\u00e9cada de 1970. A competi\u00e7\u00e3o consiste em lan\u00e7ar as bolas coloridas o mais perto poss\u00edvel de uma branca (jack ou bolim).<\/p>\n<p class=\"wp-block-paragraph\">Os atletas ficam sentados em cadeiras de rodas e limitados a um espa\u00e7o demarcado para fazer os arremessos. \u00c9 permitido usar as m\u00e3os, os p\u00e9s e instrumentos de aux\u00edlio (calhas), e contar com ajudantes (calheiros), no caso dos atletas com maior comprometimento dos membros.<\/p>\n<p class=\"wp-block-paragraph\"><strong>LEIA TAMB\u00c9M: <\/strong><a href=\"https:\/\/www.agenciasp.sp.gov.br\/judoca-do-programa-talento-esportivo-rafa-cavalcanti-ganha-ouro-inedito-no-trofeu-brasil-senior\/\" rel=\"noopener\"><strong>Judoca do Programa Talento Esportivo, Rafa Cavalcanti ganha ouro in\u00e9dito no Trof\u00e9u Brasil S\u00eanior<\/strong><\/a><\/p>\n<h3 class=\"wp-block-heading\">Sobre o Time S\u00e3o Paulo<\/h3>\n<p class=\"wp-block-paragraph\">O Time S\u00e3o Paulo Paral\u00edmpico foi criado pelo Governo de S\u00e3o Paulo, por meio da Secretaria de Estado dos Direitos da Pessoa com Defici\u00eancia (SEDPcD), em parceria com o Comit\u00ea Paral\u00edmpico Brasileiro (CPB). O programa apoia atualmente 157 atletas com defici\u00eancia em 16 modalidades esportivas e promove a inclus\u00e3o por meio do esporte de alto rendimento.<\/p>\n<\/p><\/div>\n<p><br \/>\n<br \/><a href=\"https:\/\/www.agenciasp.sp.gov.br\/atleta-do-time-sao-paulo-maciel-santos-e-campeao-de-etapa-da-copa-do-mundo-de-bocha-paralimpica\/\" rel=\"noopener\">Informa\u00e7\u00f5es GOV.SP<\/a><\/p>\n","protected":false},"excerpt":{"rendered":"<p>O jogador de bocha e integrante do Time S\u00e3o Paulo Maciel Santos ganhou medalha de ouro na etapa da Copa do Mundo da modalidade realizada em Birmingham, nos Estados Unidos, nesta segunda-feira (22). O atleta, que compete na classe BC2, destinada a jogadores que n\u00e3o podem receber assist\u00eancia, tem tr\u00eas medalhas paral\u00edmpicas no curr\u00edculo (uma [&hellip;]<\/p>\n","protected":false},"author":1,"featured_media":70085,"comment_status":"","ping_status":"open","sticky":false,"template":"","format":"standard","meta":{"_jetpack_newsletter_access":"","_jetpack_dont_email_post_to_subs":false,"_jetpack_newsletter_tier_id":0,"_jetpack_memberships_contains_paywalled_content":false,"_mbp_banners":[],"_jetpack_feature_clip_id":0,"_jetpack_memberships_contains_paid_content":false,"footnotes":"","jetpack_publicize_message":"","jetpack_publicize_feature_enabled":true,"jetpack_social_post_already_shared":true,"jetpack_social_options":{"image_generator_settings":{"template":"highway","default_image_id":0,"font":"","enabled":false},"version":2},"jetpack_post_was_ever_published":false},"categories":[21],"tags":[],"class_list":["post-70084","post","type-post","status-publish","format-standard","has-post-thumbnail","category-sp-news"],"jetpack_publicize_connections":[],"jetpack-related-posts":[],"jetpack_shortlink":"https:\/\/wp.me\/p7Eq1F-ieo","jetpack_sharing_enabled":true,"jetpack_featured_media_url":"https:\/\/i0.wp.com\/guialimeira.com.br\/news\/wp-content\/uploads\/2026\/06\/Atleta-do-Time-Sao-Paulo-Maciel-Santos-e-campeao-de.jpeg?fit=1590%2C992&ssl=1","_links":{"self":[{"href":"https:\/\/guialimeira.com.br\/news\/wp-json\/wp\/v2\/posts\/70084","targetHints":{"allow":["GET"]}}],"collection":[{"href":"https:\/\/guialimeira.com.br\/news\/wp-json\/wp\/v2\/posts"}],"about":[{"href":"https:\/\/guialimeira.com.br\/news\/wp-json\/wp\/v2\/types\/post"}],"author":[{"embeddable":true,"href":"https:\/\/guialimeira.com.br\/news\/wp-json\/wp\/v2\/users\/1"}],"replies":[{"embeddable":true,"href":"https:\/\/guialimeira.com.br\/news\/wp-json\/wp\/v2\/comments?post=70084"}],"version-history":[{"count":0,"href":"https:\/\/guialimeira.com.br\/news\/wp-json\/wp\/v2\/posts\/70084\/revisions"}],"wp:featuredmedia":[{"embeddable":true,"href":"https:\/\/guialimeira.com.br\/news\/wp-json\/wp\/v2\/media\/70085"}],"wp:attachment":[{"href":"https:\/\/guialimeira.com.br\/news\/wp-json\/wp\/v2\/media?parent=70084"}],"wp:term":[{"taxonomy":"category","embeddable":true,"href":"https:\/\/guialimeira.com.br\/news\/wp-json\/wp\/v2\/categories?post=70084"},{"taxonomy":"post_tag","embeddable":true,"href":"https:\/\/guialimeira.com.br\/news\/wp-json\/wp\/v2\/tags?post=70084"}],"curies":[{"name":"wp","href":"https:\/\/api.w.org\/{rel}","templated":true}]}}