{"id":70079,"date":"2026-06-23T18:16:16","date_gmt":"2026-06-23T21:16:16","guid":{"rendered":"https:\/\/guialimeira.com.br\/festas-juninas-e-julinas-movimentam-economia-do-estado-de-sp\/"},"modified":"2026-06-23T18:16:16","modified_gmt":"2026-06-23T21:16:16","slug":"festas-juninas-e-julinas-movimentam-economia-do-estado-de-sp","status":"publish","type":"post","link":"https:\/\/guialimeira.com.br\/news\/festas-juninas-e-julinas-movimentam-economia-do-estado-de-sp\/","title":{"rendered":"Festas juninas e julinas movimentam economia do estado de SP"},"content":{"rendered":"<p> <br \/>\n<\/p>\n<div>\n<p class=\"wp-block-paragraph\">A temporada de inverno somada aos festejos t\u00edpicos juninos dever\u00e1 movimentar em torno de R$ 449,5 milh\u00f5es na economia do turismo do estado de S\u00e3o Paulo, de acordo com o levantamento feito pelo Centro de Intelig\u00eancia da Economia do Turismo (CIET), ligado \u00e0 Secretaria de Turismo e Viagens do Estado de S\u00e3o Paulo. Entre junho e agosto, a estimativa de circula\u00e7\u00e3o \u00e9 de aproximadamente 556 mil turistas pelo estado de S\u00e3o Paulo.<\/p>\n<p class=\"wp-block-paragraph\">Para o CIET, os resultados demonstram um forte potencial econ\u00f4mico e cultural, impulsionado pela sinergia entre inova\u00e7\u00e3o, sustentabilidade e preserva\u00e7\u00e3o da identidade caipira paulista. Enquanto as festividades juninas geram uma economia solid\u00e1ria com forte investimento social, a temporada de inverno se destaca por atrair um turismo de maior poder aquisitivo, apresentando maior tempo de perman\u00eancia nas cidades (m\u00e9dia de 3,3 dias) e maior gasto por visitante.<\/p>\n<p class=\"wp-block-paragraph\">As tradicionais festas juninas e julinas prometem movimentar diversas regi\u00f5es do estado com grandes p\u00fablicos. Sorocaba desponta com a expectativa de atrair mais de 400 mil visitantes na sua festa beneficente, projetando 90% de ocupa\u00e7\u00e3o hoteleira.<\/p>\n<p class=\"wp-block-paragraph\"><strong>LEIA TAMB\u00c9M: <a href=\"https:\/\/www.agenciasp.sp.gov.br\/festas-juninas-atraem-520-mil-turistas-ao-estado-de-sao-paulo\/\" data-type=\"link\" data-id=\"https:\/\/www.agenciasp.sp.gov.br\/festas-juninas-atraem-520-mil-turistas-ao-estado-de-sao-paulo\/\" rel=\"noopener\">Festas juninas devem atrair 520 mil turistas ao Estado de S\u00e3o Paulo<\/a><\/strong><\/p>\n<p class=\"wp-block-paragraph\">Outros destaques incluem Indaiatuba, com a preserva\u00e7\u00e3o de sua heran\u00e7a su\u00ed\u00e7a e expectativa de at\u00e9 100% de ocupa\u00e7\u00e3o nos meios de hospedagem; Bauru, que sedia o Arrai\u00e1 A\u00e9reo, considerado o maior evento a\u00e9reo da Am\u00e9rica Latina; al\u00e9m das celebra\u00e7\u00f5es itinerantes e religiosas em Ara\u00e7atuba, S\u00e3o Pedro e Guaratinguet\u00e1, esta \u00faltima com estimativas de atingir lota\u00e7\u00e3o hoteleira m\u00e1xima no entorno do Santu\u00e1rio de Frei Galv\u00e3o.<\/p>\n<figure class=\"wp-block-image size-large\"><img data-recalc-dims=\"1\" fetchpriority=\"high\" decoding=\"async\" width=\"696\" height=\"487\" src=\"https:\/\/i0.wp.com\/www.agenciasp.sp.gov.br\/wp-content\/uploads\/2026\/06\/Sao-Bento-Sao-Bento-do-Sapucai-_-FOTO-Aniello-de-Vita-expressao-studio.jpg-1-1024x717.jpeg?resize=696%2C487&#038;ssl=1\" alt=\"\" class=\"wp-image-154357 lazy\" srcset=\"https:\/\/www.agenciasp.sp.gov.br\/wp-content\/uploads\/2026\/06\/Sao-Bento-Sao-Bento-do-Sapucai-_-FOTO-Aniello-de-Vita-expressao-studio.jpg-1-1024x717.jpeg 1024w, https:\/\/www.agenciasp.sp.gov.br\/wp-content\/uploads\/2026\/06\/Sao-Bento-Sao-Bento-do-Sapucai-_-FOTO-Aniello-de-Vita-expressao-studio.jpg-1-300x210.jpeg 300w, https:\/\/www.agenciasp.sp.gov.br\/wp-content\/uploads\/2026\/06\/Sao-Bento-Sao-Bento-do-Sapucai-_-FOTO-Aniello-de-Vita-expressao-studio.jpg-1-768x538.jpeg 768w, https:\/\/www.agenciasp.sp.gov.br\/wp-content\/uploads\/2026\/06\/Sao-Bento-Sao-Bento-do-Sapucai-_-FOTO-Aniello-de-Vita-expressao-studio.jpg-1-1536x1075.jpeg 1536w, https:\/\/www.agenciasp.sp.gov.br\/wp-content\/uploads\/2026\/06\/Sao-Bento-Sao-Bento-do-Sapucai-_-FOTO-Aniello-de-Vita-expressao-studio.jpg-1-2048x1434.jpeg 2048w, https:\/\/www.agenciasp.sp.gov.br\/wp-content\/uploads\/2026\/06\/Sao-Bento-Sao-Bento-do-Sapucai-_-FOTO-Aniello-de-Vita-expressao-studio.jpg-1-150x105.jpeg 150w\" data-sizes=\"(max-width: 1024px) 100vw, 1024px\"\/><figcaption class=\"wp-element-caption\">S\u00e3o Bento do Sapuca\u00ed Foto: Aniello de Vita\/Express\u00e3o Studio<\/figcaption><\/figure>\n<p class=\"wp-block-paragraph\">J\u00e1 a temporada de inverno 2026 reserva festivais culturais, eventos esportivos e alta gastronomia na serra e no litoral. Cunha desponta com o festival \u201cAcordes na Serra\u201d e ocupa\u00e7\u00e3o hoteleira esperada de at\u00e9 100%. A lota\u00e7\u00e3o m\u00e1xima nos hot\u00e9is tamb\u00e9m \u00e9 aguardada para o Festival da Truta em Guaratinguet\u00e1.<\/p>\n<p class=\"wp-block-paragraph\">Pindamonhangaba e Casa Branca movimentam o interior com programa\u00e7\u00f5es diversificadas, que v\u00e3o de rodeios a festivais gastron\u00f4micos, enquanto S\u00e3o Sim\u00e3o aposta na tradi\u00e7\u00e3o do FESICA (Festival Simonense da Can\u00e7\u00e3o), que ocorreu na cidade entre 1973 e 1998 e volta ao calend\u00e1rio este ano. Ara\u00e7atuba tamb\u00e9m mant\u00e9m uma intensa agenda de eventos, como o 49\u00ba Campeonato Nacional da Ra\u00e7a Quarto de Milha, de 6 a 19 de julho, e a Expo Ara\u00e7atuba 2026. No Litoral Norte, S\u00e3o Sebasti\u00e3o projeta atrair em torno de 200 mil visitantes este ano, com atra\u00e7\u00f5es que v\u00e3o do New Orleans Fest ao avistamento de cet\u00e1ceos.<\/p>\n<p class=\"wp-block-paragraph\">A an\u00e1lise do CIET revela a maturidade do turismo paulista, onde as cidades da Serra da Mantiqueira e do litoral norte lideram com taxas de ocupa\u00e7\u00e3o pr\u00f3ximas de 100%. Al\u00e9m do sucesso de p\u00fablico e faturamento, o compromisso socioambiental se consolidou como um pilar essencial: todas as cidades pesquisadas declararam preservar integralmente suas tradi\u00e7\u00f5es locais e mais de 80% delas realizam a\u00e7\u00f5es ativas de conscientiza\u00e7\u00e3o e mitiga\u00e7\u00e3o de impactos ambientais, posicionando o estado como uma refer\u00eancia nacional.<\/p>\n<\/p><\/div>\n<p><br \/>\n<br \/><a href=\"https:\/\/www.agenciasp.sp.gov.br\/festas-juninas-devem-movimentar-economia\/\" rel=\"noopener\">Informa\u00e7\u00f5es GOV.SP<\/a><\/p>\n","protected":false},"excerpt":{"rendered":"<p>A temporada de inverno somada aos festejos t\u00edpicos juninos dever\u00e1 movimentar em torno de R$ 449,5 milh\u00f5es na economia do turismo do estado de S\u00e3o Paulo, de acordo com o levantamento feito pelo Centro de Intelig\u00eancia da Economia do Turismo (CIET), ligado \u00e0 Secretaria de Turismo e Viagens do Estado de S\u00e3o Paulo. Entre junho [&hellip;]<\/p>\n","protected":false},"author":1,"featured_media":70080,"comment_status":"","ping_status":"open","sticky":false,"template":"","format":"standard","meta":{"_jetpack_newsletter_access":"","_jetpack_dont_email_post_to_subs":false,"_jetpack_newsletter_tier_id":0,"_jetpack_memberships_contains_paywalled_content":false,"_mbp_banners":[],"_jetpack_feature_clip_id":0,"_jetpack_memberships_contains_paid_content":false,"footnotes":"","jetpack_publicize_message":"","jetpack_publicize_feature_enabled":true,"jetpack_social_post_already_shared":true,"jetpack_social_options":{"image_generator_settings":{"template":"highway","default_image_id":0,"font":"","enabled":false},"version":2},"jetpack_post_was_ever_published":false},"categories":[21],"tags":[],"class_list":["post-70079","post","type-post","status-publish","format-standard","has-post-thumbnail","category-sp-news"],"jetpack_publicize_connections":[],"jetpack-related-posts":[],"jetpack_shortlink":"https:\/\/wp.me\/p7Eq1F-iej","jetpack_sharing_enabled":true,"jetpack_featured_media_url":"https:\/\/i0.wp.com\/guialimeira.com.br\/news\/wp-content\/uploads\/2026\/06\/Festas-juninas-e-julinas-movimentam-economia-do-estado-de-SP.jpeg?fit=1024%2C717&ssl=1","_links":{"self":[{"href":"https:\/\/guialimeira.com.br\/news\/wp-json\/wp\/v2\/posts\/70079","targetHints":{"allow":["GET"]}}],"collection":[{"href":"https:\/\/guialimeira.com.br\/news\/wp-json\/wp\/v2\/posts"}],"about":[{"href":"https:\/\/guialimeira.com.br\/news\/wp-json\/wp\/v2\/types\/post"}],"author":[{"embeddable":true,"href":"https:\/\/guialimeira.com.br\/news\/wp-json\/wp\/v2\/users\/1"}],"replies":[{"embeddable":true,"href":"https:\/\/guialimeira.com.br\/news\/wp-json\/wp\/v2\/comments?post=70079"}],"version-history":[{"count":0,"href":"https:\/\/guialimeira.com.br\/news\/wp-json\/wp\/v2\/posts\/70079\/revisions"}],"wp:featuredmedia":[{"embeddable":true,"href":"https:\/\/guialimeira.com.br\/news\/wp-json\/wp\/v2\/media\/70080"}],"wp:attachment":[{"href":"https:\/\/guialimeira.com.br\/news\/wp-json\/wp\/v2\/media?parent=70079"}],"wp:term":[{"taxonomy":"category","embeddable":true,"href":"https:\/\/guialimeira.com.br\/news\/wp-json\/wp\/v2\/categories?post=70079"},{"taxonomy":"post_tag","embeddable":true,"href":"https:\/\/guialimeira.com.br\/news\/wp-json\/wp\/v2\/tags?post=70079"}],"curies":[{"name":"wp","href":"https:\/\/api.w.org\/{rel}","templated":true}]}}