{"id":70067,"date":"2026-06-23T16:52:55","date_gmt":"2026-06-23T19:52:55","guid":{"rendered":"https:\/\/guialimeira.com.br\/limeira-recebe-1a-edicao-do-bombeiros-na-praca-no-proximo-sabado-27\/"},"modified":"2026-06-23T16:52:55","modified_gmt":"2026-06-23T19:52:55","slug":"limeira-recebe-1a-edicao-do-bombeiros-na-praca-no-proximo-sabado-27","status":"publish","type":"post","link":"https:\/\/guialimeira.com.br\/news\/limeira-recebe-1a-edicao-do-bombeiros-na-praca-no-proximo-sabado-27\/","title":{"rendered":"Limeira recebe 1\u00aa edi\u00e7\u00e3o do Bombeiros na Pra\u00e7a no pr\u00f3ximo s\u00e1bado (27)"},"content":{"rendered":"<p> <br \/>\n<\/p>\n<div>\n                <main class=\"\">&#13;<br \/>\n                    &#13;<br \/>\n&#13;<br \/>\n&#13;<br \/>\n&#13;<br \/>\n&#13;<br \/>\n&#13;<br \/>\n    <img data-recalc-dims=\"1\" decoding=\"async\" src=\"https:\/\/i0.wp.com\/ecrie.com.br\/sistema\/conteudos\/imagem\/m_137_0_1_23062026165112.jpeg?w=696&#038;ssl=1\" alt=\"Limeira recebe 1\u00aa edi\u00e7\u00e3o do Bombeiros na Pra\u00e7a no pr\u00f3ximo s\u00e1bado (27)\"\/>&#13;<br \/>\n&#13;<br \/>\n&#13;<\/p>\n<p>Limeira recebe, no s\u00e1bado (27), a 1\u00aa edi\u00e7\u00e3o do Bombeiros na Pra\u00e7a. O evento \u00e9 promovido pelo Corpo de Bombeiros, em parceria com a Prefeitura de Limeira, e tem como objetivo aproximar a popula\u00e7\u00e3o do trabalho desenvolvido pela corpora\u00e7\u00e3o. As atividades ocorrer\u00e3o das 9h \u00e0s 13h, na Pra\u00e7a Toledo Barros, com atra\u00e7\u00f5es gratuitas para toda a fam\u00edlia.<\/p>\n<p>&#13;<\/p>\n<p>O p\u00fablico poder\u00e1 conferir de perto cerca de 10 viaturas utilizadas em diferentes tipos de ocorr\u00eancia, al\u00e9m de exposi\u00e7\u00f5es de uniformes, equipamentos operacionais e a\u00e7\u00f5es educativas voltadas \u00e0 preven\u00e7\u00e3o de acidentes e \u00e0 conscientiza\u00e7\u00e3o da popula\u00e7\u00e3o. O evento contar\u00e1 tamb\u00e9m com a participa\u00e7\u00e3o especial da Corpora\u00e7\u00e3o Musical Arthur Giambelli.<\/p>\n<p>&#13;<\/p>\n<p>De acordo com o comandante do Posto do Corpo de Bombeiros de Limeira, Tenente F\u00e9lix, a iniciativa busca fortalecer o v\u00ednculo entre a corpora\u00e7\u00e3o e a comunidade. \u201cA ideia \u00e9 receber as fam\u00edlias e mostrar um pouco do dia a dia da nossa profiss\u00e3o. Ser\u00e1 uma oportunidade para conhecer as viaturas, os equipamentos utilizados nos atendimentos e entender melhor o trabalho realizado pelos bombeiros em diversas situa\u00e7\u00f5es de emerg\u00eancia\u201d, destacou.<\/p>\n<p>&#13;<\/p>\n<p>Entre as atra\u00e7\u00f5es, estar\u00e1 a Casa do Bombeiro Educador, um programa que apresenta de forma l\u00fadica e interativa orienta\u00e7\u00f5es sobre preven\u00e7\u00e3o de inc\u00eandios, no\u00e7\u00f5es b\u00e1sicas de primeiros socorros e procedimentos adequados em casos de acidentes de tr\u00e2nsito.<\/p>\n<p>&#13;<\/p>\n<p>Os visitantes tamb\u00e9m poder\u00e3o tirar fotos nas viaturas e participar de atividades preparadas especialmente para crian\u00e7as e adultos. Na pra\u00e7a, ser\u00e3o montadas esta\u00e7\u00f5es tem\u00e1ticas com demonstra\u00e7\u00f5es dos equipamentos utilizados em salvamentos em altura, opera\u00e7\u00f5es de resgate e salvamento veicular. A iniciativa permitir\u00e1 que o p\u00fablico conhe\u00e7a de perto os recursos e tecnologias empregados em cada tipo de atendimento realizado pelas equipes de emerg\u00eancia.<\/p>\n<p>&#13;<\/p>\n<p>O prefeito Murilo F\u00e9lix ressaltou a import\u00e2ncia da iniciativa para a valoriza\u00e7\u00e3o dos profissionais e para a educa\u00e7\u00e3o da popula\u00e7\u00e3o. \u201cO Corpo de Bombeiros desempenha um trabalho essencial na prote\u00e7\u00e3o e no salvamento de vidas. O Bombeiro na Pra\u00e7a \u00e9 uma oportunidade para que a popula\u00e7\u00e3o conhe\u00e7a de perto essa atua\u00e7\u00e3o t\u00e3o importante, al\u00e9m de aprender medidas de preven\u00e7\u00e3o e seguran\u00e7a que fazem a diferen\u00e7a no dia a dia. Convidamos todas as fam\u00edlias de Limeira para participarem desse momento de integra\u00e7\u00e3o e conhecimento\u201d, afirmou. A programa\u00e7\u00e3o \u00e9 gratuita e aberta ao p\u00fablico.<\/p>\n<p>&#13;<br \/>\n&#13;<br \/>\n&#13;<br \/>\n&#13;<br \/>\n&#13;<\/p>\n<article class=\"conteudo-relacionado no-print\">&#13;<br \/>\n        &#13;<br \/>\n&#13;<br \/>\n        &#13;<br \/>\n    <\/article>\n<p>&#13;<br \/>\n&#13;<br \/>\n                <\/main><\/p><\/div>\n<p><br \/>\n<br \/><a href=\"https:\/\/limeira.sp.gov.br\/limeira-recebe-1-edicao-do-bombeiros-na-praca-no-proximo-sabado-27\" rel=\"noopener\">Informa\u00e7\u00f5es da PML <\/a><\/p>\n","protected":false},"excerpt":{"rendered":"<p>&#13; &#13; &#13; &#13; &#13; &#13; &#13; &#13; &#13; &#13; Limeira recebe, no s\u00e1bado (27), a 1\u00aa edi\u00e7\u00e3o do Bombeiros na Pra\u00e7a. O evento \u00e9 promovido pelo Corpo de Bombeiros, em parceria com a Prefeitura de Limeira, e tem como objetivo aproximar a popula\u00e7\u00e3o do trabalho desenvolvido pela corpora\u00e7\u00e3o. As atividades ocorrer\u00e3o das 9h \u00e0s [&hellip;]<\/p>\n","protected":false},"author":1,"featured_media":70068,"comment_status":"","ping_status":"open","sticky":false,"template":"","format":"standard","meta":{"_jetpack_newsletter_access":"","_jetpack_dont_email_post_to_subs":false,"_jetpack_newsletter_tier_id":0,"_jetpack_memberships_contains_paywalled_content":false,"_mbp_banners":[],"_jetpack_feature_clip_id":0,"_jetpack_memberships_contains_paid_content":false,"footnotes":"","jetpack_publicize_message":"","jetpack_publicize_feature_enabled":true,"jetpack_social_post_already_shared":true,"jetpack_social_options":{"image_generator_settings":{"template":"highway","default_image_id":0,"font":"","enabled":false},"version":2},"jetpack_post_was_ever_published":false},"categories":[16],"tags":[],"class_list":["post-70067","post","type-post","status-publish","format-standard","has-post-thumbnail","category-local"],"jetpack_publicize_connections":[],"jetpack-related-posts":[],"jetpack_shortlink":"https:\/\/wp.me\/p7Eq1F-ie7","jetpack_sharing_enabled":true,"jetpack_featured_media_url":"https:\/\/i0.wp.com\/guialimeira.com.br\/news\/wp-content\/uploads\/2026\/06\/m_137_0_1_23062026165112.jpeg?fit=1024%2C576&ssl=1","_links":{"self":[{"href":"https:\/\/guialimeira.com.br\/news\/wp-json\/wp\/v2\/posts\/70067","targetHints":{"allow":["GET"]}}],"collection":[{"href":"https:\/\/guialimeira.com.br\/news\/wp-json\/wp\/v2\/posts"}],"about":[{"href":"https:\/\/guialimeira.com.br\/news\/wp-json\/wp\/v2\/types\/post"}],"author":[{"embeddable":true,"href":"https:\/\/guialimeira.com.br\/news\/wp-json\/wp\/v2\/users\/1"}],"replies":[{"embeddable":true,"href":"https:\/\/guialimeira.com.br\/news\/wp-json\/wp\/v2\/comments?post=70067"}],"version-history":[{"count":0,"href":"https:\/\/guialimeira.com.br\/news\/wp-json\/wp\/v2\/posts\/70067\/revisions"}],"wp:featuredmedia":[{"embeddable":true,"href":"https:\/\/guialimeira.com.br\/news\/wp-json\/wp\/v2\/media\/70068"}],"wp:attachment":[{"href":"https:\/\/guialimeira.com.br\/news\/wp-json\/wp\/v2\/media?parent=70067"}],"wp:term":[{"taxonomy":"category","embeddable":true,"href":"https:\/\/guialimeira.com.br\/news\/wp-json\/wp\/v2\/categories?post=70067"},{"taxonomy":"post_tag","embeddable":true,"href":"https:\/\/guialimeira.com.br\/news\/wp-json\/wp\/v2\/tags?post=70067"}],"curies":[{"name":"wp","href":"https:\/\/api.w.org\/{rel}","templated":true}]}}