{"id":70060,"date":"2026-06-23T16:14:18","date_gmt":"2026-06-23T19:14:18","guid":{"rendered":"https:\/\/guialimeira.com.br\/governo-de-sp-inaugura-espaco-prevenir-no-jaragua-na-capital\/"},"modified":"2026-06-23T16:14:18","modified_gmt":"2026-06-23T19:14:18","slug":"governo-de-sp-inaugura-espaco-prevenir-no-jaragua-na-capital","status":"publish","type":"post","link":"https:\/\/guialimeira.com.br\/news\/governo-de-sp-inaugura-espaco-prevenir-no-jaragua-na-capital\/","title":{"rendered":"Governo de SP inaugura Espa\u00e7o Prevenir no Jaragu\u00e1, na capital"},"content":{"rendered":"<p> <br \/>\n<\/p>\n<div>\n<p class=\"wp-block-paragraph\">O Governo do Estado de S\u00e3o Paulo inaugurou nesta ter\u00e7a-feira (23) a 14\u00aa unidade do Espa\u00e7o Prevenir. O novo equipamento est\u00e1 localizado no bairro do Jaragu\u00e1, na zona norte da capital, e amplia o acesso da popula\u00e7\u00e3o a servi\u00e7os especializados de acolhimento e orienta\u00e7\u00e3o.<\/p>\n<p class=\"wp-block-paragraph\">A nova unidade instalada no Centro de Integra\u00e7\u00e3o da Cidadania (CIC) Oeste, na Estrada de Taipas, ter\u00e1 capacidade para atender at\u00e9 200 pessoas por m\u00eas. O servi\u00e7o, por meio das Secretarias de Desenvolvimento Social (SEDS) e da Justi\u00e7a e Cidadania, contar\u00e1 com acompanhamento t\u00e9cnico especializado realizado por uma equipe interdisciplinar formada por assistente social, psic\u00f3logo, pedagogo, coordenador e assistente administrativo.<\/p>\n<p class=\"wp-block-paragraph\"><strong>LEIA TAMB\u00c9M: <a href=\"https:\/\/www.agenciasp.sp.gov.br\/governo-de-sp-investe-mais-de-r-63-milhoes-para-habitacao-e-infraestrutura-escolar-para-a-regiao-de-presidente-prudente\/\" rel=\"noopener\">Governo de SP investe mais de R$ 63 milh\u00f5es para habita\u00e7\u00e3o e infraestrutura escolar para a regi\u00e3o de Presidente Prudente<\/a><\/strong><\/p>\n<p class=\"wp-block-paragraph\">Com a entrega, o Estado amplia a rede de prote\u00e7\u00e3o social voltada ao atendimento de pessoas com transtornos relacionados ao uso de subst\u00e2ncias psicoativas e de seus familiares. Desde 2023, o programa j\u00e1 realizou mais de 4,6 mil atendimentos, oferecendo suporte t\u00e9cnico, orienta\u00e7\u00e3o e a\u00e7\u00f5es de preven\u00e7\u00e3o.<\/p>\n<p class=\"wp-block-paragraph\">Participaram da solenidade o vice-governador de S\u00e3o Paulo, Felicio Ramuth, a secret\u00e1ria de Desenvolvimento Social, Andrezza Rosal\u00e9m, e o secret\u00e1rio da Justi\u00e7a e Cidadania, Arthur Lima.<\/p>\n<figure class=\"wp-block-image size-large\"><img data-recalc-dims=\"1\" fetchpriority=\"high\" decoding=\"async\" width=\"696\" height=\"464\" src=\"https:\/\/i0.wp.com\/www.agenciasp.sp.gov.br\/wp-content\/uploads\/2026\/06\/WhatsApp-Image-2026-06-23-at-13.47.18-1024x682.jpeg?resize=696%2C464&#038;ssl=1\" alt=\"\" class=\"wp-image-154379 lazy\" srcset=\"https:\/\/www.agenciasp.sp.gov.br\/wp-content\/uploads\/2026\/06\/WhatsApp-Image-2026-06-23-at-13.47.18-1024x682.jpeg 1024w, https:\/\/www.agenciasp.sp.gov.br\/wp-content\/uploads\/2026\/06\/WhatsApp-Image-2026-06-23-at-13.47.18-300x200.jpeg 300w, https:\/\/www.agenciasp.sp.gov.br\/wp-content\/uploads\/2026\/06\/WhatsApp-Image-2026-06-23-at-13.47.18-768x511.jpeg 768w, https:\/\/www.agenciasp.sp.gov.br\/wp-content\/uploads\/2026\/06\/WhatsApp-Image-2026-06-23-at-13.47.18-150x100.jpeg 150w, https:\/\/www.agenciasp.sp.gov.br\/wp-content\/uploads\/2026\/06\/WhatsApp-Image-2026-06-23-at-13.47.18.jpeg 1280w\" data-sizes=\"(max-width: 1024px) 100vw, 1024px\"\/><\/figure>\n<p class=\"wp-block-paragraph\">\u201cO novo Espa\u00e7o Prevenir que estamos inaugurando hoje tem a miss\u00e3o gigantesca de acompanhar a jornada daqueles que est\u00e3o se recuperando e orientar as fam\u00edlias sobre como proceder e colaborar na cura para que essas pessoas alcancem autonomia e independ\u00eancia\u201d, afirmou o vice-governador de S\u00e3o Paulo, Felicio Ramuth.<br \/>A preven\u00e7\u00e3o e o cuidado, conforme a secret\u00e1ria Andrezza Rosal\u00e9m, come\u00e7am pelo fortalecimento dos v\u00ednculos familiares e comunit\u00e1rios. \u201cO Espa\u00e7o Prevenir oferece acolhimento especializado para pessoas e fam\u00edlias que enfrentam os desafios relacionados ao uso de subst\u00e2ncias psicoativas, ampliando o acesso a servi\u00e7os qualificados e fortalecendo a rede de prote\u00e7\u00e3o social do Estado\u201d, afirma.<\/p>\n<p class=\"wp-block-paragraph\">Para o secret\u00e1rio da Justi\u00e7a e Cidadania, Arthur Lima, a inaugura\u00e7\u00e3o de mais uma unidade do Espa\u00e7o Prevenir representa muito mais do que a entrega de um novo equipamento p\u00fablico. \u201c\u00c9 o Estado presente, levando acolhimento, cuidado e dignidade para fam\u00edlias que enfrentam os impactos do uso abusivo de subst\u00e2ncias psicoativas. Esta nova unidade fortalece uma rede de prote\u00e7\u00e3o social humanizada, que aproxima servi\u00e7os essenciais da popula\u00e7\u00e3o e transforma preven\u00e7\u00e3o em oportunidade, apoio em reconstru\u00e7\u00e3o de v\u00ednculos e cuidado em cidadania.\u201d<\/p>\n<p class=\"wp-block-paragraph\"><strong>LEIA TAMB\u00c9M: <a href=\"https:\/\/www.agenciasp.sp.gov.br\/campanha-do-agasalho-2026-arrecada-r-15-mi\/\" rel=\"noopener\">Campanha do Agasalho 2026 mobiliza popula\u00e7\u00e3o e arrecada R$ 1,5 milh\u00e3o para compra de cobertores em SP<\/a><\/strong><\/p>\n<p class=\"wp-block-paragraph\">Entre as a\u00e7\u00f5es oferecidas est\u00e3o acolhimento individual e familiar, fortalecimento de v\u00ednculos familiares e comunit\u00e1rios, constru\u00e7\u00e3o de redes de apoio e cuidado, al\u00e9m de atividades voltadas \u00e0 preven\u00e7\u00e3o e ao apoio no processo de recupera\u00e7\u00e3o de pessoas com transtornos decorrentes do uso de subst\u00e2ncias psicoativas.<\/p>\n<p class=\"wp-block-paragraph\">O espa\u00e7o disp\u00f5e de recep\u00e7\u00e3o, sala para equipe t\u00e9cnica, espa\u00e7os para acolhimento inicial, tr\u00eas salas de atendimento, sendo: uma para atendimento individual ou fam\u00edlias e duas para atendimento individual, familiar ou em grupos, incluindo espa\u00e7o multim\u00eddia.<\/p>\n<figure class=\"wp-block-image size-large\"><img data-recalc-dims=\"1\" loading=\"lazy\" decoding=\"async\" width=\"696\" height=\"424\" src=\"https:\/\/i0.wp.com\/www.agenciasp.sp.gov.br\/wp-content\/uploads\/2026\/06\/WhatsApp-Image-2026-06-23-at-13.47.17-2-1024x624.jpeg?resize=696%2C424&#038;ssl=1\" alt=\"\" class=\"wp-image-154382 lazy\" srcset=\"https:\/\/www.agenciasp.sp.gov.br\/wp-content\/uploads\/2026\/06\/WhatsApp-Image-2026-06-23-at-13.47.17-2-1024x624.jpeg 1024w, https:\/\/www.agenciasp.sp.gov.br\/wp-content\/uploads\/2026\/06\/WhatsApp-Image-2026-06-23-at-13.47.17-2-300x183.jpeg 300w, https:\/\/www.agenciasp.sp.gov.br\/wp-content\/uploads\/2026\/06\/WhatsApp-Image-2026-06-23-at-13.47.17-2-768x468.jpeg 768w, https:\/\/www.agenciasp.sp.gov.br\/wp-content\/uploads\/2026\/06\/WhatsApp-Image-2026-06-23-at-13.47.17-2-150x91.jpeg 150w, https:\/\/www.agenciasp.sp.gov.br\/wp-content\/uploads\/2026\/06\/WhatsApp-Image-2026-06-23-at-13.47.17-2.jpeg 1280w\" data-sizes=\"(max-width: 1024px) 100vw, 1024px\"\/><\/figure>\n<p class=\"wp-block-paragraph\">Para a implanta\u00e7\u00e3o da unidade, o Governo do Estado investiu R$ 50 mil. Al\u00e9m disso, o servi\u00e7o contar\u00e1 com custeio mensal de R$ 75,5 mil para manuten\u00e7\u00e3o da estrutura e garantia da qualidade dos atendimentos prestados \u00e0 popula\u00e7\u00e3o.<\/p>\n<p class=\"wp-block-paragraph\">A decora\u00e7\u00e3o da unidade enaltece elementos da cultura ind\u00edgena, em alus\u00e3o \u00e0 Terra Ind\u00edgena Jaragu\u00e1, situada na mesma regi\u00e3o do Espa\u00e7o Prevenir. As salas de atendimento t\u00eam nomes como Tekopora, conceito importante na cultura Guarani relacionada ao bem viver, e Amboaty Ta, que significa vou ajuntar, remetendo \u00e0 reuni\u00e3o.<\/p>\n<p class=\"wp-block-paragraph\">Destaque tamb\u00e9m para os quadros com imagens ind\u00edgenas do fot\u00f3grafo Danilo Simpl\u00edcio, de 27 anos. \u201cComo moro na regi\u00e3o, busquei retratar a for\u00e7a e a pot\u00eancia dos povos ind\u00edgenas do Jaragu\u00e1. O que me inspira \u00e9 poder registrar a viv\u00eancia, a cultura e a resist\u00eancia desse povo por meio da fotografia\u201d, disse.<\/p>\n<h3 class=\"wp-block-heading\">Espa\u00e7o Prevenir<\/h3>\n<p class=\"wp-block-paragraph\">O Espa\u00e7o Prevenir integra a Pol\u00edtica Sobre Drogas do Governo do Estado de S\u00e3o Paulo, sob coordena\u00e7\u00e3o da SEDS, e reafirma o compromisso com a preven\u00e7\u00e3o como estrat\u00e9gia fundamental para o cuidado de fam\u00edlias impactadas pelas consequ\u00eancias do uso abusivo de subst\u00e2ncias psicoativas.<\/p>\n<p class=\"wp-block-paragraph\">O servi\u00e7o funciona nos CICs de ter\u00e7a a sexta-feira, das 10h \u00e0s 19h, e aos s\u00e1bados, das 8h \u00e0s 17h. Nas demais unidades, o atendimento ocorre de ter\u00e7a a sexta-feira, das 12h \u00e0s 21h, e, aos s\u00e1bados, das 8h \u00e0s 17h.<\/p>\n<p class=\"wp-block-paragraph\">O atendimento \u00e9 gratuito e n\u00e3o requer agendamento pr\u00e9vio, facilitando o acesso de fam\u00edlias que buscam apoio. O servi\u00e7o tem como objetivo fortalecer v\u00ednculos familiares e comunit\u00e1rios, promovendo autonomia, acolhimento e inclus\u00e3o social.<\/p>\n<figure class=\"wp-block-image size-large\"><img data-recalc-dims=\"1\" loading=\"lazy\" decoding=\"async\" width=\"696\" height=\"436\" src=\"https:\/\/i0.wp.com\/www.agenciasp.sp.gov.br\/wp-content\/uploads\/2026\/06\/WhatsApp-Image-2026-06-23-at-13.47.17-1-1024x642.jpeg?resize=696%2C436&#038;ssl=1\" alt=\"\" class=\"wp-image-154381 lazy\" srcset=\"https:\/\/www.agenciasp.sp.gov.br\/wp-content\/uploads\/2026\/06\/WhatsApp-Image-2026-06-23-at-13.47.17-1-1024x642.jpeg 1024w, https:\/\/www.agenciasp.sp.gov.br\/wp-content\/uploads\/2026\/06\/WhatsApp-Image-2026-06-23-at-13.47.17-1-300x188.jpeg 300w, https:\/\/www.agenciasp.sp.gov.br\/wp-content\/uploads\/2026\/06\/WhatsApp-Image-2026-06-23-at-13.47.17-1-768x481.jpeg 768w, https:\/\/www.agenciasp.sp.gov.br\/wp-content\/uploads\/2026\/06\/WhatsApp-Image-2026-06-23-at-13.47.17-1-150x94.jpeg 150w, https:\/\/www.agenciasp.sp.gov.br\/wp-content\/uploads\/2026\/06\/WhatsApp-Image-2026-06-23-at-13.47.17-1.jpeg 1280w\" data-sizes=\"(max-width: 1024px) 100vw, 1024px\"\/><\/figure>\n<p class=\"wp-block-paragraph\"><strong>Servi\u00e7o:<\/strong><br \/>Espa\u00e7o Prevenir \u2013 CIC Oeste<br \/>Endere\u00e7o: Estrada de Taipas, 990, Jardim Panamericano \u2013 Jaragu\u00e1, S\u00e3o Paulo<\/p>\n<\/p><\/div>\n<p><br \/>\n<br \/><a href=\"https:\/\/www.agenciasp.sp.gov.br\/governo-de-sp-inaugura-espaco-prevenir-no-jaragua-na-capital\/\" rel=\"noopener\">Informa\u00e7\u00f5es GOV.SP<\/a><\/p>\n","protected":false},"excerpt":{"rendered":"<p>O Governo do Estado de S\u00e3o Paulo inaugurou nesta ter\u00e7a-feira (23) a 14\u00aa unidade do Espa\u00e7o Prevenir. O novo equipamento est\u00e1 localizado no bairro do Jaragu\u00e1, na zona norte da capital, e amplia o acesso da popula\u00e7\u00e3o a servi\u00e7os especializados de acolhimento e orienta\u00e7\u00e3o. A nova unidade instalada no Centro de Integra\u00e7\u00e3o da Cidadania (CIC) [&hellip;]<\/p>\n","protected":false},"author":1,"featured_media":70061,"comment_status":"","ping_status":"open","sticky":false,"template":"","format":"standard","meta":{"_jetpack_newsletter_access":"","_jetpack_dont_email_post_to_subs":false,"_jetpack_newsletter_tier_id":0,"_jetpack_memberships_contains_paywalled_content":false,"_mbp_banners":[],"_jetpack_feature_clip_id":0,"_jetpack_memberships_contains_paid_content":false,"footnotes":"","jetpack_publicize_message":"","jetpack_publicize_feature_enabled":true,"jetpack_social_post_already_shared":true,"jetpack_social_options":{"image_generator_settings":{"template":"highway","default_image_id":0,"font":"","enabled":false},"version":2},"jetpack_post_was_ever_published":false},"categories":[21],"tags":[],"class_list":["post-70060","post","type-post","status-publish","format-standard","has-post-thumbnail","category-sp-news"],"jetpack_publicize_connections":[],"jetpack-related-posts":[],"jetpack_shortlink":"https:\/\/wp.me\/p7Eq1F-ie0","jetpack_sharing_enabled":true,"jetpack_featured_media_url":"https:\/\/i0.wp.com\/guialimeira.com.br\/news\/wp-content\/uploads\/2026\/06\/Governo-de-SP-inaugura-Espaco-Prevenir-no-Jaragua-na-capital.jpeg?fit=1024%2C682&ssl=1","_links":{"self":[{"href":"https:\/\/guialimeira.com.br\/news\/wp-json\/wp\/v2\/posts\/70060","targetHints":{"allow":["GET"]}}],"collection":[{"href":"https:\/\/guialimeira.com.br\/news\/wp-json\/wp\/v2\/posts"}],"about":[{"href":"https:\/\/guialimeira.com.br\/news\/wp-json\/wp\/v2\/types\/post"}],"author":[{"embeddable":true,"href":"https:\/\/guialimeira.com.br\/news\/wp-json\/wp\/v2\/users\/1"}],"replies":[{"embeddable":true,"href":"https:\/\/guialimeira.com.br\/news\/wp-json\/wp\/v2\/comments?post=70060"}],"version-history":[{"count":0,"href":"https:\/\/guialimeira.com.br\/news\/wp-json\/wp\/v2\/posts\/70060\/revisions"}],"wp:featuredmedia":[{"embeddable":true,"href":"https:\/\/guialimeira.com.br\/news\/wp-json\/wp\/v2\/media\/70061"}],"wp:attachment":[{"href":"https:\/\/guialimeira.com.br\/news\/wp-json\/wp\/v2\/media?parent=70060"}],"wp:term":[{"taxonomy":"category","embeddable":true,"href":"https:\/\/guialimeira.com.br\/news\/wp-json\/wp\/v2\/categories?post=70060"},{"taxonomy":"post_tag","embeddable":true,"href":"https:\/\/guialimeira.com.br\/news\/wp-json\/wp\/v2\/tags?post=70060"}],"curies":[{"name":"wp","href":"https:\/\/api.w.org\/{rel}","templated":true}]}}