{"id":70053,"date":"2026-06-23T15:40:17","date_gmt":"2026-06-23T18:40:17","guid":{"rendered":"https:\/\/guialimeira.com.br\/prefeitura-abre-inscricoes-para-feirantes-interessados-em-atuar-na-nova-feira-noturna-do-jardim-santa-adelia\/"},"modified":"2026-06-23T15:40:17","modified_gmt":"2026-06-23T18:40:17","slug":"prefeitura-abre-inscricoes-para-feirantes-interessados-em-atuar-na-nova-feira-noturna-do-jardim-santa-adelia","status":"publish","type":"post","link":"https:\/\/guialimeira.com.br\/news\/prefeitura-abre-inscricoes-para-feirantes-interessados-em-atuar-na-nova-feira-noturna-do-jardim-santa-adelia\/","title":{"rendered":"Prefeitura abre inscri\u00e7\u00f5es para feirantes interessados em atuar na nova Feira Noturna do Jardim Santa Ad\u00e9lia"},"content":{"rendered":"<p> <br \/>\n<\/p>\n<div>\n                <main class=\"\">&#13;<br \/>\n                    &#13;<br \/>\n&#13;<br \/>\n&#13;<br \/>\n&#13;<br \/>\n&#13;<br \/>\n&#13;<br \/>\n    <img data-recalc-dims=\"1\" decoding=\"async\" src=\"https:\/\/i0.wp.com\/ecrie.com.br\/sistema\/conteudos\/imagem\/m_137_0_1_23062026152515.jpeg?w=696&#038;ssl=1\" alt=\"Prefeitura abre inscri\u00e7\u00f5es para feirantes interessados em atuar na nova Feira Noturna do Jardim Santa Ad\u00e9lia\"\/>&#13;<br \/>\n&#13;<br \/>\n&#13;<\/p>\n<p style=\"text-align: justify;\">A Prefeitura de Limeira, por meio da Secretaria de Agroneg\u00f3cios e \u00c1reas Rurais, abriu as inscri\u00e7\u00f5es para feirantes interessados em participar da nova Feira Noturna do Jardim Santa Ad\u00e9lia. O chamamento p\u00fablico foi publicado no Jornal Oficial do Munic\u00edpio de quarta-feira (17), e prev\u00ea o preenchimento de 40 vagas, distribu\u00eddas entre diferentes segmentos de comercializa\u00e7\u00e3o.<\/p>\n<p>&#13;<\/p>\n<p style=\"text-align: justify;\">A feira ser\u00e1 realizada na Avenida Modesto dos Santos, nas proximidades da Pra\u00e7a de Esportes Lu\u00eds Carlos Favetta, no Jardim Santa Ad\u00e9lia. As atividades ocorrer\u00e3o quinzenalmente, \u00e0s quintas-feiras, das 17h \u00e0s 22h. A previs\u00e3o \u00e9 que a inaugura\u00e7\u00e3o aconte\u00e7a em 6 de agosto, em car\u00e1ter experimental por 90 dias, per\u00edodo em que ser\u00e3o avaliados aspectos operacionais e a ades\u00e3o do p\u00fablico antes da oficializa\u00e7\u00e3o do evento.<\/p>\n<p>&#13;<\/p>\n<p style=\"text-align: justify;\">\u201cO objetivo \u00e9 ampliar as op\u00e7\u00f5es de lazer, conviv\u00eancia e compras para os moradores da regi\u00e3o, al\u00e9m de fomentar a gera\u00e7\u00e3o de renda e fortalecer os pequenos empreendedores do munic\u00edpio\u201d, afirmou o prefeito Murilo F\u00e9lix.<\/p>\n<p>&#13;<\/p>\n<p style=\"text-align: justify;\">As inscri\u00e7\u00f5es devem ser realizadas exclusivamente pelo sistema Limeira Digital, por meio do servi\u00e7o \u201cCadastro de Feirantes \u2013 Feira Livre\u201d. Os interessados precisam apresentar a documenta\u00e7\u00e3o exigida pela Lei Municipal n\u00ba 6.333\/2019, incluindo requerimento digital preenchido, documento de identidade, comprovante de endere\u00e7o, foto recente e demais documentos espec\u00edficos para pessoas f\u00edsicas ou jur\u00eddicas.<\/p>\n<p>&#13;<\/p>\n<p style=\"text-align: justify;\">\u201cAp\u00f3s o protocolo, os cadastros passar\u00e3o por an\u00e1lise da fiscaliza\u00e7\u00e3o do Departamento de Agricultura e Manuten\u00e7\u00e3o Rural. A atribui\u00e7\u00e3o das vagas ser\u00e1 feita conforme a ordem de protocolo registrada no sistema\u201d, explicou a secret\u00e1ria de Agroneg\u00f3cios e \u00c1reas Rurais, Antonieta Polatto.<\/p>\n<p>&#13;<\/p>\n<p style=\"text-align: justify;\">A nova feira busca incentivar o com\u00e9rcio local e oferecer mais uma op\u00e7\u00e3o de entretenimento e abastecimento para a popula\u00e7\u00e3o da regi\u00e3o do Jardim Santa Ad\u00e9lia. Os interessados podem acessar o site: <a href=\"https:\/\/ecrie.com.br\/sistema\/limeira.sp.gov.br\/jornaloficial%20\" rel=\"noopener\">limeira.sp.gov.br\/jornaloficial<\/a> e consultar o edital completo para obter mais informa\u00e7\u00f5es sobre os crit\u00e9rios de participa\u00e7\u00e3o e a documenta\u00e7\u00e3o necess\u00e1ria.<\/p>\n<p>&#13;<br \/>\n&#13;<br \/>\n&#13;<br \/>\n&#13;<\/p>\n<article class=\"conteudo-relacionado no-print\">&#13;<br \/>\n        &#13;<br \/>\n&#13;<br \/>\n        &#13;<br \/>\n    <\/article>\n<p>&#13;<br \/>\n&#13;<br \/>\n                <\/main><\/p><\/div>\n<p><br \/>\n<br \/><a href=\"https:\/\/limeira.sp.gov.br\/prefeitura-abre-inscricoes-para-feirantes-interessados-em-atuar-na-nova-feira-noturna-do-jardim-santa-adelia\" rel=\"noopener\">Informa\u00e7\u00f5es da PML <\/a><\/p>\n","protected":false},"excerpt":{"rendered":"<p>&#13; &#13; &#13; &#13; &#13; &#13; &#13; &#13; &#13; &#13; A Prefeitura de Limeira, por meio da Secretaria de Agroneg\u00f3cios e \u00c1reas Rurais, abriu as inscri\u00e7\u00f5es para feirantes interessados em participar da nova Feira Noturna do Jardim Santa Ad\u00e9lia. O chamamento p\u00fablico foi publicado no Jornal Oficial do Munic\u00edpio de quarta-feira (17), e prev\u00ea o [&hellip;]<\/p>\n","protected":false},"author":1,"featured_media":70054,"comment_status":"","ping_status":"open","sticky":false,"template":"","format":"standard","meta":{"_jetpack_newsletter_access":"","_jetpack_dont_email_post_to_subs":false,"_jetpack_newsletter_tier_id":0,"_jetpack_memberships_contains_paywalled_content":false,"_mbp_banners":[],"_jetpack_feature_clip_id":0,"_jetpack_memberships_contains_paid_content":false,"footnotes":"","jetpack_publicize_message":"","jetpack_publicize_feature_enabled":true,"jetpack_social_post_already_shared":true,"jetpack_social_options":{"image_generator_settings":{"template":"highway","default_image_id":0,"font":"","enabled":false},"version":2},"jetpack_post_was_ever_published":false},"categories":[16],"tags":[],"class_list":["post-70053","post","type-post","status-publish","format-standard","has-post-thumbnail","category-local"],"jetpack_publicize_connections":[],"jetpack-related-posts":[],"jetpack_shortlink":"https:\/\/wp.me\/p7Eq1F-idT","jetpack_sharing_enabled":true,"jetpack_featured_media_url":"https:\/\/i0.wp.com\/guialimeira.com.br\/news\/wp-content\/uploads\/2026\/06\/m_137_0_1_23062026152515.jpeg?fit=1024%2C768&ssl=1","_links":{"self":[{"href":"https:\/\/guialimeira.com.br\/news\/wp-json\/wp\/v2\/posts\/70053","targetHints":{"allow":["GET"]}}],"collection":[{"href":"https:\/\/guialimeira.com.br\/news\/wp-json\/wp\/v2\/posts"}],"about":[{"href":"https:\/\/guialimeira.com.br\/news\/wp-json\/wp\/v2\/types\/post"}],"author":[{"embeddable":true,"href":"https:\/\/guialimeira.com.br\/news\/wp-json\/wp\/v2\/users\/1"}],"replies":[{"embeddable":true,"href":"https:\/\/guialimeira.com.br\/news\/wp-json\/wp\/v2\/comments?post=70053"}],"version-history":[{"count":0,"href":"https:\/\/guialimeira.com.br\/news\/wp-json\/wp\/v2\/posts\/70053\/revisions"}],"wp:featuredmedia":[{"embeddable":true,"href":"https:\/\/guialimeira.com.br\/news\/wp-json\/wp\/v2\/media\/70054"}],"wp:attachment":[{"href":"https:\/\/guialimeira.com.br\/news\/wp-json\/wp\/v2\/media?parent=70053"}],"wp:term":[{"taxonomy":"category","embeddable":true,"href":"https:\/\/guialimeira.com.br\/news\/wp-json\/wp\/v2\/categories?post=70053"},{"taxonomy":"post_tag","embeddable":true,"href":"https:\/\/guialimeira.com.br\/news\/wp-json\/wp\/v2\/tags?post=70053"}],"curies":[{"name":"wp","href":"https:\/\/api.w.org\/{rel}","templated":true}]}}