{"id":70049,"date":"2026-06-23T15:30:25","date_gmt":"2026-06-23T18:30:25","guid":{"rendered":"https:\/\/guialimeira.com.br\/fundo-social-de-limeira-abre-vagas-para-voluntarios-na-campanha-do-agasalho\/"},"modified":"2026-06-23T15:30:25","modified_gmt":"2026-06-23T18:30:25","slug":"fundo-social-de-limeira-abre-vagas-para-voluntarios-na-campanha-do-agasalho","status":"publish","type":"post","link":"https:\/\/guialimeira.com.br\/news\/fundo-social-de-limeira-abre-vagas-para-voluntarios-na-campanha-do-agasalho\/","title":{"rendered":"Fundo Social de Limeira abre vagas para volunt\u00e1rios na Campanha do Agasalho"},"content":{"rendered":"<p> <br \/>\n<\/p>\n<div>\n                <main class=\"\">&#13;<br \/>\n                    &#13;<br \/>\n&#13;<br \/>\n&#13;<br \/>\n&#13;<br \/>\n&#13;<br \/>\n&#13;<br \/>\n    <img data-recalc-dims=\"1\" decoding=\"async\" src=\"https:\/\/i0.wp.com\/ecrie.com.br\/sistema\/conteudos\/imagem\/m_137_0_1_23062026152906.jpeg?w=696&#038;ssl=1\" alt=\"Fundo Social de Limeira abre vagas para volunt\u00e1rios na Campanha do Agasalho\"\/>&#13;<br \/>\n&#13;<br \/>\n&#13;<\/p>\n<p style=\"text-align: justify;\">O Fundo Social de Limeira est\u00e1 com vagas abertas para volunt\u00e1rios interessados em colaborar com a Campanha do Agasalho 2026. Os participantes ir\u00e3o auxiliar nos trabalhos de triagem e organiza\u00e7\u00e3o das pe\u00e7as arrecadadas, etapa fundamental para garantir que as doa\u00e7\u00f5es cheguem \u00e0s fam\u00edlias em situa\u00e7\u00e3o de vulnerabilidade social.<\/p>\n<p>&#13;<\/p>\n<p style=\"text-align: justify;\">Os volunt\u00e1rios atuam na separa\u00e7\u00e3o e organiza\u00e7\u00e3o de roupas masculinas, femininas, infantis e para beb\u00eas. Ap\u00f3s a triagem, as pe\u00e7as s\u00e3o encaminhadas aos Centros de Refer\u00eancia de Assist\u00eancia Social (CRAS) e aos centros comunit\u00e1rios do munic\u00edpio, respons\u00e1veis pela distribui\u00e7\u00e3o \u00e0s fam\u00edlias atendidas. \u201cQuanto mais volunt\u00e1rios tivermos, mais rapidamente conseguiremos concluir a triagem e encaminhar as pe\u00e7as para as fam\u00edlias que precisam\u201d, afirmou a presidente do Fundo Social, Carla Kalid.<\/p>\n<p>&#13;<\/p>\n<p style=\"text-align: justify;\">Os interessados em atuar como volunt\u00e1rios podem entrar em contato com o Fundo Social pelo WhatsApp (19) 98375-0086.<\/p>\n<p>&#13;<\/p>\n<p style=\"text-align: justify;\"><strong>Exemplo de solidariedade<\/strong><\/p>\n<p>&#13;<\/p>\n<p style=\"text-align: justify;\">A campanha contou recentemente com a participa\u00e7\u00e3o de um grupo de 10 estudantes ind\u00edgenas e universit\u00e1rios da FCA\/Unicamp, que dedicaram um dia de trabalho volunt\u00e1rio \u00e0 organiza\u00e7\u00e3o das doa\u00e7\u00f5es.<\/p>\n<p>&#13;<\/p>\n<p style=\"text-align: justify;\">Para Amanda Kumaruara, integrante do grupo, o trabalho coletivo faz parte da cultura e da ancestralidade dos povos ind\u00edgenas. \u201cAjudar o pr\u00f3ximo \u00e9 algo que o povo ind\u00edgena sempre fez. \u00c9 um ensinamento que vem da nossa ancestralidade e que continuamos praticando mesmo quando estamos fora do nosso territ\u00f3rio, porque acreditamos na for\u00e7a da coletividade\u201d, destacou.<\/p>\n<p>&#13;<\/p>\n<p style=\"text-align: justify;\">A iniciativa est\u00e1 alinhada ao Objetivo de Desenvolvimento Sustent\u00e1vel (ODS) 10, da Organiza\u00e7\u00e3o das Na\u00e7\u00f5es Unidas (ONU), que trata da redu\u00e7\u00e3o das desigualdades por meio de a\u00e7\u00f5es de inclus\u00e3o, prote\u00e7\u00e3o social e melhoria da qualidade de vida.<\/p>\n<p>&#13;<br \/>\n&#13;<br \/>\n&#13;<br \/>\n&#13;<\/p>\n<article class=\"conteudo-relacionado no-print\">&#13;<br \/>\n        &#13;<br \/>\n&#13;<br \/>\n        &#13;<br \/>\n    <\/article>\n<p>&#13;<br \/>\n&#13;<br \/>\n                <\/main><\/p><\/div>\n<p><br \/>\n<br \/><a href=\"https:\/\/limeira.sp.gov.br\/fundo-social-de-limeira-abre-vagas-para-voluntarios-na-campanha-do-agasalho\" rel=\"noopener\">Informa\u00e7\u00f5es da PML <\/a><\/p>\n","protected":false},"excerpt":{"rendered":"<p>&#13; &#13; &#13; &#13; &#13; &#13; &#13; &#13; &#13; &#13; O Fundo Social de Limeira est\u00e1 com vagas abertas para volunt\u00e1rios interessados em colaborar com a Campanha do Agasalho 2026. Os participantes ir\u00e3o auxiliar nos trabalhos de triagem e organiza\u00e7\u00e3o das pe\u00e7as arrecadadas, etapa fundamental para garantir que as doa\u00e7\u00f5es cheguem \u00e0s fam\u00edlias em situa\u00e7\u00e3o [&hellip;]<\/p>\n","protected":false},"author":1,"featured_media":70050,"comment_status":"","ping_status":"open","sticky":false,"template":"","format":"standard","meta":{"_jetpack_newsletter_access":"","_jetpack_dont_email_post_to_subs":false,"_jetpack_newsletter_tier_id":0,"_jetpack_memberships_contains_paywalled_content":false,"_mbp_banners":[],"_jetpack_feature_clip_id":0,"_jetpack_memberships_contains_paid_content":false,"footnotes":"","jetpack_publicize_message":"","jetpack_publicize_feature_enabled":true,"jetpack_social_post_already_shared":true,"jetpack_social_options":{"image_generator_settings":{"template":"highway","default_image_id":0,"font":"","enabled":false},"version":2},"jetpack_post_was_ever_published":false},"categories":[16],"tags":[],"class_list":["post-70049","post","type-post","status-publish","format-standard","has-post-thumbnail","category-local"],"jetpack_publicize_connections":[],"jetpack-related-posts":[],"jetpack_shortlink":"https:\/\/wp.me\/p7Eq1F-idP","jetpack_sharing_enabled":true,"jetpack_featured_media_url":"https:\/\/i0.wp.com\/guialimeira.com.br\/news\/wp-content\/uploads\/2026\/06\/m_137_0_1_23062026152906.jpeg?fit=1024%2C680&ssl=1","_links":{"self":[{"href":"https:\/\/guialimeira.com.br\/news\/wp-json\/wp\/v2\/posts\/70049","targetHints":{"allow":["GET"]}}],"collection":[{"href":"https:\/\/guialimeira.com.br\/news\/wp-json\/wp\/v2\/posts"}],"about":[{"href":"https:\/\/guialimeira.com.br\/news\/wp-json\/wp\/v2\/types\/post"}],"author":[{"embeddable":true,"href":"https:\/\/guialimeira.com.br\/news\/wp-json\/wp\/v2\/users\/1"}],"replies":[{"embeddable":true,"href":"https:\/\/guialimeira.com.br\/news\/wp-json\/wp\/v2\/comments?post=70049"}],"version-history":[{"count":0,"href":"https:\/\/guialimeira.com.br\/news\/wp-json\/wp\/v2\/posts\/70049\/revisions"}],"wp:featuredmedia":[{"embeddable":true,"href":"https:\/\/guialimeira.com.br\/news\/wp-json\/wp\/v2\/media\/70050"}],"wp:attachment":[{"href":"https:\/\/guialimeira.com.br\/news\/wp-json\/wp\/v2\/media?parent=70049"}],"wp:term":[{"taxonomy":"category","embeddable":true,"href":"https:\/\/guialimeira.com.br\/news\/wp-json\/wp\/v2\/categories?post=70049"},{"taxonomy":"post_tag","embeddable":true,"href":"https:\/\/guialimeira.com.br\/news\/wp-json\/wp\/v2\/tags?post=70049"}],"curies":[{"name":"wp","href":"https:\/\/api.w.org\/{rel}","templated":true}]}}