{"id":70047,"date":"2026-06-23T15:13:10","date_gmt":"2026-06-23T18:13:10","guid":{"rendered":"https:\/\/guialimeira.com.br\/coronel-alexandre-boggi-assume-comando-do-corpo-de-bombeiros-de-sao-paulo\/"},"modified":"2026-06-23T15:13:10","modified_gmt":"2026-06-23T18:13:10","slug":"coronel-alexandre-boggi-assume-comando-do-corpo-de-bombeiros-de-sao-paulo","status":"publish","type":"post","link":"https:\/\/guialimeira.com.br\/news\/coronel-alexandre-boggi-assume-comando-do-corpo-de-bombeiros-de-sao-paulo\/","title":{"rendered":"Coronel Alexandre Boggi assume comando do Corpo de Bombeiros de S\u00e3o Paulo"},"content":{"rendered":"<p> <br \/>\n<\/p>\n<div>\n<p class=\"wp-block-paragraph\">O coronel Alexandre Coelho Boggi \u00e9 o novo comandante do Corpo de Bombeiros do Estado de S\u00e3o Paulo. Ele assume o cargo deixado pelo coronel Alexandre Merlin, transferido para a Diretoria de Log\u00edstica da Pol\u00edcia Militar. O decreto foi publicado nesta ter\u00e7a-feira (23) no Di\u00e1rio Oficial do Estado (DOE).<\/p>\n<p class=\"wp-block-paragraph\">Natural da capital paulista, Boggi ingressou na Academia de Pol\u00edcia Militar do Barro Branco em 1994 e foi declarado aspirante a oficial tr\u00eas anos depois. Em abril de 2025, alcan\u00e7ou o posto de coronel da corpora\u00e7\u00e3o e passou a comandar o Comando de Bombeiros do Interior 3, respons\u00e1vel pelo atendimento nas regi\u00f5es da Baixada Santista, Vale do Ribeira e Vale do Para\u00edba.<\/p>\n<p class=\"wp-block-paragraph\"><strong>LEIA TAMB\u00c9M: <a href=\"https:\/\/www.agenciasp.sp.gov.br\/policia-militar-de-sp-inscreve-para-2-mil-vagas-de-soldados-veja-requisitos-e-etapas-do-concurso\/\" rel=\"noopener\">Pol\u00edcia Militar de SP inscreve para 2 mil vagas de soldados; veja requisitos e etapas do concurso<\/a><\/strong><\/p>\n<figure class=\"wp-block-image size-large\"><img data-recalc-dims=\"1\" fetchpriority=\"high\" decoding=\"async\" width=\"696\" height=\"870\" src=\"https:\/\/i0.wp.com\/www.agenciasp.sp.gov.br\/wp-content\/uploads\/2026\/06\/WhatsApp-Image-2026-06-23-at-14.31.51-819x1024.jpeg?resize=696%2C870&#038;ssl=1\" alt=\"\" class=\"wp-image-154322 lazy\" srcset=\"https:\/\/www.agenciasp.sp.gov.br\/wp-content\/uploads\/2026\/06\/WhatsApp-Image-2026-06-23-at-14.31.51-819x1024.jpeg 819w, https:\/\/www.agenciasp.sp.gov.br\/wp-content\/uploads\/2026\/06\/WhatsApp-Image-2026-06-23-at-14.31.51-240x300.jpeg 240w, https:\/\/www.agenciasp.sp.gov.br\/wp-content\/uploads\/2026\/06\/WhatsApp-Image-2026-06-23-at-14.31.51-768x960.jpeg 768w, https:\/\/www.agenciasp.sp.gov.br\/wp-content\/uploads\/2026\/06\/WhatsApp-Image-2026-06-23-at-14.31.51-150x187.jpeg 150w, https:\/\/www.agenciasp.sp.gov.br\/wp-content\/uploads\/2026\/06\/WhatsApp-Image-2026-06-23-at-14.31.51.jpeg 1122w\" data-sizes=\"(max-width: 819px) 100vw, 819px\"\/><figcaption class=\"wp-element-caption\">Coronel Alexandre Boggi, rec\u00e9m empossado comandante do Corpo de Bombeiros do Estado de S\u00e3o Paulo \u2013 Foto: Divulga\u00e7\u00e3o\/Governo de S\u00e3o Paulo<\/figcaption><\/figure>\n<p class=\"wp-block-paragraph\">\u201cAssumir o comando do Corpo de Bombeiros de S\u00e3o Paulo \u00e9 uma grande honra e um privil\u00e9gio. Recebo essa miss\u00e3o com muita responsabilidade e com o compromisso de dar continuidade ao trabalho desenvolvido pela corpora\u00e7\u00e3o, valorizando os profissionais e mantendo o foco na prote\u00e7\u00e3o da popula\u00e7\u00e3o\u201d, afirmou o coronel Alexandre Boggi.<\/p>\n<h3 class=\"wp-block-heading\">Trajet\u00f3ria na corpora\u00e7\u00e3o<\/h3>\n<p class=\"wp-block-paragraph\">Ao longo da carreira, o novo comandante passou por diferentes \u00e1reas do Corpo de Bombeiros e da Pol\u00edcia Militar, com atua\u00e7\u00e3o em unidades operacionais, administrativas e de forma\u00e7\u00e3o.<\/p>\n<p class=\"wp-block-paragraph\">Entre os cargos exercidos est\u00e3o fun\u00e7\u00f5es no 7\u00ba Batalh\u00e3o de Pol\u00edcia Militar Metropolitano, no 1\u00ba Grupamento de Bombeiros, no Comando de Bombeiros Metropolitano, em grupamentos do interior e na Escola Superior de Bombeiros \u201cCel PM Paulo Marques Pereira\u201d.<\/p>\n<p class=\"wp-block-paragraph\">Com forma\u00e7\u00e3o voltada \u00e0 seguran\u00e7a p\u00fablica e \u00e0 atividade de bombeiros, Boggi possui mestrado e doutorado em Ci\u00eancias Policiais de Seguran\u00e7a e Ordem P\u00fablica pelo Centro de Altos Estudos de Seguran\u00e7a da Pol\u00edcia Militar de S\u00e3o Paulo. Tamb\u00e9m realizou cursos de especializa\u00e7\u00e3o em \u00e1reas como salvamento terrestre, mergulho aut\u00f4nomo, salvamento em altura e per\u00edcia de inc\u00eandio.<\/p>\n<p class=\"wp-block-paragraph\">Entre as condecora\u00e7\u00f5es recebidas est\u00e3o a Medalha Valor Militar \u2014 Grau Ouro, a L\u00e1urea do M\u00e9rito Pessoal em 1\u00ba Grau, a Medalha do Centen\u00e1rio do Corpo de Bombeiros da Pol\u00edcia Militar do Estado de S\u00e3o Paulo, a Medalha Brigadeiro Tobias e a Medalha Luz da P\u00e1tria<\/p>\n<\/p><\/div>\n<p><br \/>\n<br \/><a href=\"https:\/\/www.agenciasp.sp.gov.br\/coronel-alexandre-boggi-assume-comando-do-corpo-de-bombeiros-de-sao-paulo\/\" rel=\"noopener\">Informa\u00e7\u00f5es GOV.SP<\/a><\/p>\n","protected":false},"excerpt":{"rendered":"<p>O coronel Alexandre Coelho Boggi \u00e9 o novo comandante do Corpo de Bombeiros do Estado de S\u00e3o Paulo. Ele assume o cargo deixado pelo coronel Alexandre Merlin, transferido para a Diretoria de Log\u00edstica da Pol\u00edcia Militar. O decreto foi publicado nesta ter\u00e7a-feira (23) no Di\u00e1rio Oficial do Estado (DOE). Natural da capital paulista, Boggi ingressou [&hellip;]<\/p>\n","protected":false},"author":1,"featured_media":70048,"comment_status":"","ping_status":"open","sticky":false,"template":"","format":"standard","meta":{"_jetpack_newsletter_access":"","_jetpack_dont_email_post_to_subs":false,"_jetpack_newsletter_tier_id":0,"_jetpack_memberships_contains_paywalled_content":false,"_mbp_banners":[],"_jetpack_feature_clip_id":0,"_jetpack_memberships_contains_paid_content":false,"footnotes":"","jetpack_publicize_message":"","jetpack_publicize_feature_enabled":true,"jetpack_social_post_already_shared":true,"jetpack_social_options":{"image_generator_settings":{"template":"highway","default_image_id":0,"font":"","enabled":false},"version":2},"jetpack_post_was_ever_published":false},"categories":[21],"tags":[],"class_list":["post-70047","post","type-post","status-publish","format-standard","has-post-thumbnail","category-sp-news"],"jetpack_publicize_connections":[],"jetpack-related-posts":[],"jetpack_shortlink":"https:\/\/wp.me\/p7Eq1F-idN","jetpack_sharing_enabled":true,"jetpack_featured_media_url":"https:\/\/i0.wp.com\/guialimeira.com.br\/news\/wp-content\/uploads\/2026\/06\/Coronel-Alexandre-Boggi-assume-comando-do-Corpo-de-Bombeiros-de.jpeg?fit=819%2C1024&ssl=1","_links":{"self":[{"href":"https:\/\/guialimeira.com.br\/news\/wp-json\/wp\/v2\/posts\/70047","targetHints":{"allow":["GET"]}}],"collection":[{"href":"https:\/\/guialimeira.com.br\/news\/wp-json\/wp\/v2\/posts"}],"about":[{"href":"https:\/\/guialimeira.com.br\/news\/wp-json\/wp\/v2\/types\/post"}],"author":[{"embeddable":true,"href":"https:\/\/guialimeira.com.br\/news\/wp-json\/wp\/v2\/users\/1"}],"replies":[{"embeddable":true,"href":"https:\/\/guialimeira.com.br\/news\/wp-json\/wp\/v2\/comments?post=70047"}],"version-history":[{"count":0,"href":"https:\/\/guialimeira.com.br\/news\/wp-json\/wp\/v2\/posts\/70047\/revisions"}],"wp:featuredmedia":[{"embeddable":true,"href":"https:\/\/guialimeira.com.br\/news\/wp-json\/wp\/v2\/media\/70048"}],"wp:attachment":[{"href":"https:\/\/guialimeira.com.br\/news\/wp-json\/wp\/v2\/media?parent=70047"}],"wp:term":[{"taxonomy":"category","embeddable":true,"href":"https:\/\/guialimeira.com.br\/news\/wp-json\/wp\/v2\/categories?post=70047"},{"taxonomy":"post_tag","embeddable":true,"href":"https:\/\/guialimeira.com.br\/news\/wp-json\/wp\/v2\/tags?post=70047"}],"curies":[{"name":"wp","href":"https:\/\/api.w.org\/{rel}","templated":true}]}}