{"id":70043,"date":"2026-06-23T14:12:14","date_gmt":"2026-06-23T17:12:14","guid":{"rendered":"https:\/\/guialimeira.com.br\/operacao-da-policia-civil-desarticula-esquema-de-desvio-de-maquinas-de-cartao-e-prende-7-suspeitos\/"},"modified":"2026-06-23T14:12:14","modified_gmt":"2026-06-23T17:12:14","slug":"operacao-da-policia-civil-desarticula-esquema-de-desvio-de-maquinas-de-cartao-e-prende-7-suspeitos","status":"publish","type":"post","link":"https:\/\/guialimeira.com.br\/news\/operacao-da-policia-civil-desarticula-esquema-de-desvio-de-maquinas-de-cartao-e-prende-7-suspeitos\/","title":{"rendered":"Opera\u00e7\u00e3o da Pol\u00edcia Civil desarticula esquema de desvio de m\u00e1quinas de cart\u00e3o e prende 7 suspeitos"},"content":{"rendered":"<p> <br \/>\n<\/p>\n<div>\n<p class=\"wp-block-paragraph\">A Pol\u00edcia Civil deflagrou nesta ter\u00e7a-feira (23) a Opera\u00e7\u00e3o Famulus, que cumpriu sete mandados de pris\u00e3o tempor\u00e1ria e 15 mandados de busca e apreens\u00e3o em seis cidades de S\u00e3o Paulo e do Rio de Janeiro. A a\u00e7\u00e3o teve como alvo uma organiza\u00e7\u00e3o criminosa que desviava m\u00e1quinas de cart\u00e3o para aplica\u00e7\u00e3o de golpes.<\/p>\n<p class=\"wp-block-paragraph\">A opera\u00e7\u00e3o foi coordenada pela 1\u00aa Delegacia de Investiga\u00e7\u00f5es Gerais (DIG) da Deic de Ara\u00e7atuba. Dos 15 mandados de busca e apreens\u00e3o, sete foram cumpridos em Ara\u00e7atuba, quatro em S\u00e3o Paulo e em Cotia, Diadema, Peru\u00edbe e Rio de Janeiro.<\/p>\n<figure class=\"wp-block-image alignleft size-large is-resized\"><img data-recalc-dims=\"1\" fetchpriority=\"high\" decoding=\"async\" width=\"696\" height=\"928\" src=\"https:\/\/i0.wp.com\/www.agenciasp.sp.gov.br\/wp-content\/uploads\/2026\/06\/WhatsApp-Image-2026-06-23-at-13.50.00-768x1024.jpeg?resize=696%2C928&#038;ssl=1\" alt=\"\" class=\"wp-image-154310 lazy\" style=\"width:317px;height:auto\" srcset=\"https:\/\/www.agenciasp.sp.gov.br\/wp-content\/uploads\/2026\/06\/WhatsApp-Image-2026-06-23-at-13.50.00-768x1024.jpeg 768w, https:\/\/www.agenciasp.sp.gov.br\/wp-content\/uploads\/2026\/06\/WhatsApp-Image-2026-06-23-at-13.50.00-225x300.jpeg 225w, https:\/\/www.agenciasp.sp.gov.br\/wp-content\/uploads\/2026\/06\/WhatsApp-Image-2026-06-23-at-13.50.00-640x853.jpeg 640w, https:\/\/www.agenciasp.sp.gov.br\/wp-content\/uploads\/2026\/06\/WhatsApp-Image-2026-06-23-at-13.50.00-150x200.jpeg 150w, https:\/\/www.agenciasp.sp.gov.br\/wp-content\/uploads\/2026\/06\/WhatsApp-Image-2026-06-23-at-13.50.00.jpeg 960w\" data-sizes=\"(max-width: 768px) 100vw, 768px\"\/><figcaption class=\"wp-element-caption\"><em>Foto: Divulga\u00e7\u00e3o\/Governo de SP<\/em><\/figcaption><\/figure>\n<p class=\"wp-block-paragraph\">Na a\u00e7\u00e3o foram apreendidos um ve\u00edculo, uma moto, cerca de R$ 14 mil em esp\u00e9cie, mais de 30 aparelhos celulares, computadores, 117 m\u00e1quinas de cart\u00e3o e 1,3 mil chips de celular.<\/p>\n<p class=\"wp-block-paragraph\"><strong>LEIA TAMB\u00c9M: <\/strong><a href=\"https:\/\/www.agenciasp.sp.gov.br\/pm-de-sp-prende-homem-que-fez-refens-em-onibus-que-levava-pacientes-para-hospital-em-ribeirao-preto\/\" rel=\"noopener\">PM de SP prende homem que fez ref\u00e9ns em \u00f4nibus que levava pacientes para hospital em Ribeir\u00e3o Preto<\/a><\/p>\n<p class=\"wp-block-paragraph\">As investiga\u00e7\u00f5es come\u00e7aram em fevereiro, ap\u00f3s a descoberta de um esquema em que funcion\u00e1rios de uma empresa de m\u00e1quinas de cart\u00e3o desviavam equipamentos para integrantes da organiza\u00e7\u00e3o criminosa.<\/p>\n<p class=\"wp-block-paragraph\">Segundo a Pol\u00edcia Civil, os aparelhos eram reconfigurados para uso em atividades il\u00edcitas, como jogos de azar ilegais e golpes aplicados contra v\u00edtimas. O preju\u00edzo \u00e9 estimado em R$ 1 milh\u00e3o.<\/p>\n<p class=\"wp-block-paragraph\"><strong>LEIA TAMB\u00c9M: <\/strong><a href=\"https:\/\/www.agenciasp.sp.gov.br\/acao-do-deic-desarticula-organizacao-criminosa-que-comanda-o-trafico-de-drogas-na-zona-leste-de-sp\/\" rel=\"noopener\">A\u00e7\u00e3o da Pol\u00edcia de SP desarticula organiza\u00e7\u00e3o criminosa que comanda o tr\u00e1fico de drogas na Zona Leste<\/a><\/p>\n<p class=\"wp-block-paragraph\">O caso foi registrado como furto mediante fraude, associa\u00e7\u00e3o criminosa e lavagem de dinheiro. Os sete suspeitos foram indiciados e permanecem \u00e0 disposi\u00e7\u00e3o da Pol\u00edcia Civil, que segue com as investiga\u00e7\u00f5es sob condu\u00e7\u00e3o da 1\u00aa DIG da Deic de Ara\u00e7atuba.<\/p>\n<\/p><\/div>\n<p><br \/>\n<br \/><a href=\"https:\/\/www.agenciasp.sp.gov.br\/operacao-da-policia-civil-desarticula-esquema-de-desvio-de-maquinas-de-cartao-e-prende-7-suspeitos\/\" rel=\"noopener\">Informa\u00e7\u00f5es GOV.SP<\/a><\/p>\n","protected":false},"excerpt":{"rendered":"<p>A Pol\u00edcia Civil deflagrou nesta ter\u00e7a-feira (23) a Opera\u00e7\u00e3o Famulus, que cumpriu sete mandados de pris\u00e3o tempor\u00e1ria e 15 mandados de busca e apreens\u00e3o em seis cidades de S\u00e3o Paulo e do Rio de Janeiro. A a\u00e7\u00e3o teve como alvo uma organiza\u00e7\u00e3o criminosa que desviava m\u00e1quinas de cart\u00e3o para aplica\u00e7\u00e3o de golpes. A opera\u00e7\u00e3o foi [&hellip;]<\/p>\n","protected":false},"author":1,"featured_media":70044,"comment_status":"","ping_status":"open","sticky":false,"template":"","format":"standard","meta":{"_jetpack_newsletter_access":"","_jetpack_dont_email_post_to_subs":false,"_jetpack_newsletter_tier_id":0,"_jetpack_memberships_contains_paywalled_content":false,"_mbp_banners":[],"_jetpack_feature_clip_id":0,"_jetpack_memberships_contains_paid_content":false,"footnotes":"","jetpack_publicize_message":"","jetpack_publicize_feature_enabled":true,"jetpack_social_post_already_shared":true,"jetpack_social_options":{"image_generator_settings":{"template":"highway","default_image_id":0,"font":"","enabled":false},"version":2},"jetpack_post_was_ever_published":false},"categories":[21],"tags":[],"class_list":["post-70043","post","type-post","status-publish","format-standard","has-post-thumbnail","category-sp-news"],"jetpack_publicize_connections":[],"jetpack-related-posts":[],"jetpack_shortlink":"https:\/\/wp.me\/p7Eq1F-idJ","jetpack_sharing_enabled":true,"jetpack_featured_media_url":"https:\/\/i0.wp.com\/guialimeira.com.br\/news\/wp-content\/uploads\/2026\/06\/Operacao-da-Policia-Civil-desarticula-esquema-de-desvio-de-maquinas.jpeg?fit=768%2C1024&ssl=1","_links":{"self":[{"href":"https:\/\/guialimeira.com.br\/news\/wp-json\/wp\/v2\/posts\/70043","targetHints":{"allow":["GET"]}}],"collection":[{"href":"https:\/\/guialimeira.com.br\/news\/wp-json\/wp\/v2\/posts"}],"about":[{"href":"https:\/\/guialimeira.com.br\/news\/wp-json\/wp\/v2\/types\/post"}],"author":[{"embeddable":true,"href":"https:\/\/guialimeira.com.br\/news\/wp-json\/wp\/v2\/users\/1"}],"replies":[{"embeddable":true,"href":"https:\/\/guialimeira.com.br\/news\/wp-json\/wp\/v2\/comments?post=70043"}],"version-history":[{"count":0,"href":"https:\/\/guialimeira.com.br\/news\/wp-json\/wp\/v2\/posts\/70043\/revisions"}],"wp:featuredmedia":[{"embeddable":true,"href":"https:\/\/guialimeira.com.br\/news\/wp-json\/wp\/v2\/media\/70044"}],"wp:attachment":[{"href":"https:\/\/guialimeira.com.br\/news\/wp-json\/wp\/v2\/media?parent=70043"}],"wp:term":[{"taxonomy":"category","embeddable":true,"href":"https:\/\/guialimeira.com.br\/news\/wp-json\/wp\/v2\/categories?post=70043"},{"taxonomy":"post_tag","embeddable":true,"href":"https:\/\/guialimeira.com.br\/news\/wp-json\/wp\/v2\/tags?post=70043"}],"curies":[{"name":"wp","href":"https:\/\/api.w.org\/{rel}","templated":true}]}}