{"id":70034,"date":"2026-06-23T13:11:12","date_gmt":"2026-06-23T16:11:12","guid":{"rendered":"https:\/\/guialimeira.com.br\/pm-de-sp-prende-homem-que-fez-refens-em-onibus-que-levava-pacientes-para-hospital-em-ribeirao-preto\/"},"modified":"2026-06-23T13:11:12","modified_gmt":"2026-06-23T16:11:12","slug":"pm-de-sp-prende-homem-que-fez-refens-em-onibus-que-levava-pacientes-para-hospital-em-ribeirao-preto","status":"publish","type":"post","link":"https:\/\/guialimeira.com.br\/news\/pm-de-sp-prende-homem-que-fez-refens-em-onibus-que-levava-pacientes-para-hospital-em-ribeirao-preto\/","title":{"rendered":"PM de SP prende homem que fez ref\u00e9ns em \u00f4nibus que levava pacientes para hospital em Ribeir\u00e3o Preto"},"content":{"rendered":"<p> <br \/>\n<br \/><img data-recalc-dims=\"1\" decoding=\"async\" src=\"https:\/\/i0.wp.com\/www.agenciasp.sp.gov.br\/wp-content\/uploads\/2026\/06\/WhatsApp-Image-2026-06-23-at-12.05.07.jpeg?w=696&#038;ssl=1\" \/><\/p>\n<div data-id=\"5a922b4\" data-element_type=\"widget\" data-e-type=\"widget\" data-widget_type=\"theme-post-content.default\">\n<div class=\"elementor-widget-container\">\n<p class=\"wp-block-paragraph\">Um homem de 31 anos foi preso pela Pol\u00edcia Militar na manh\u00e3 desta ter\u00e7a-feira (23) ap\u00f3s invadir um \u00f4nibus da Prefeitura de Santa Rita do Passa Quatro que transportava pacientes para consultas no Hospital das Cl\u00ednicas de Ribeir\u00e3o Preto e manter 12 pessoas ref\u00e9ns durante o trajeto. O caso terminou sem feridos ap\u00f3s a PM negociar a rendi\u00e7\u00e3o do suspeito.<\/p>\n<p class=\"wp-block-paragraph\">Segundo informa\u00e7\u00f5es iniciais, a ocorr\u00eancia teve in\u00edcio por volta das 5h40, em Santa Rita do Passa Quatro, quando o suspeito entrou no ve\u00edculo armado com um rev\u00f3lver e anunciou o sequestro.<\/p>\n<p class=\"wp-block-paragraph\"><strong>LEIA TAMB\u00c9M: <a href=\"https:\/\/www.agenciasp.sp.gov.br\/pm-rodoviaria-apreende-r-850-mil-em-eletronicos-e-mercadorias-sem-documentacao-fiscal-no-interior-de-sp\/\" rel=\"noopener\">PM Rodovi\u00e1ria apreende R$ 850 mil em eletr\u00f4nicos e mercadorias sem documenta\u00e7\u00e3o fiscal no interior de SP<\/a><\/strong><\/p>\n<p class=\"wp-block-paragraph\">Durante a viagem, os ocupantes do \u00f4nibus conseguiram enviar mensagens para familiares, que acionaram o Centro de Opera\u00e7\u00f5es da Pol\u00edcia Militar (Copom). As equipes passaram a acompanhar a situa\u00e7\u00e3o enquanto o motorista seguia o trajeto conforme determinado pelo suspeito.<\/p>\n<p class=\"wp-block-paragraph\">A abordagem ocorreu j\u00e1 em Ribeir\u00e3o Preto, nas proximidades do viaduto da Avenida Cost\u00e1bile Romano, cerca de 40 minutos ap\u00f3s o in\u00edcio do deslocamento. Antes da interven\u00e7\u00e3o policial, o homem havia efetuado um disparo de arma de fogo, mas ningu\u00e9m ficou ferido.<\/p>\n<p class=\"wp-block-paragraph\">Ap\u00f3s a negocia\u00e7\u00e3o, os passageiros foram retirados do ve\u00edculo em seguran\u00e7a e o suspeito se rendeu. \u201cFoi um al\u00edvio. N\u00e3o houve feridos na ocorr\u00eancia. Todos foram libertados em seguran\u00e7a e, ap\u00f3s a apresenta\u00e7\u00e3o do caso na delegacia, puderam realizar os exames no hospital normalmente\u201d, afirmou o sargento Joel Souza, que participou da ocorr\u00eancia.<\/p>\n<p class=\"wp-block-paragraph\">A arma utilizada na a\u00e7\u00e3o foi deixada dentro do ve\u00edculo junto com muni\u00e7\u00f5es e acabou apreendida pelos policiais. As equipes tamb\u00e9m recolheram tr\u00eas celulares que estavam com o homem. Um deles pertencia ao suspeito, enquanto os outros dois n\u00e3o tinham comprova\u00e7\u00e3o de origem.<\/p>\n<p class=\"wp-block-paragraph\">De acordo com a Pol\u00edcia Militar, o homem possui antecedentes por crimes de roubo e furto e havia recebido alvar\u00e1 de soltura em 27 de maio. O caso est\u00e1 sendo apresentado na Central de Pol\u00edcia Judici\u00e1ria de Ribeir\u00e3o Preto.<\/p>\n<\/p><\/div>\n<\/p><\/div>\n<p><br \/>\n<br \/><a href=\"https:\/\/www.agenciasp.sp.gov.br\/pm-de-sp-prende-homem-que-fez-refens-em-onibus-que-levava-pacientes-para-hospital-em-ribeirao-preto\/\" rel=\"noopener\">Informa\u00e7\u00f5es GOV.SP<\/a><\/p>\n","protected":false},"excerpt":{"rendered":"<p>Um homem de 31 anos foi preso pela Pol\u00edcia Militar na manh\u00e3 desta ter\u00e7a-feira (23) ap\u00f3s invadir um \u00f4nibus da Prefeitura de Santa Rita do Passa Quatro que transportava pacientes para consultas no Hospital das Cl\u00ednicas de Ribeir\u00e3o Preto e manter 12 pessoas ref\u00e9ns durante o trajeto. O caso terminou sem feridos ap\u00f3s a PM [&hellip;]<\/p>\n","protected":false},"author":1,"featured_media":70035,"comment_status":"","ping_status":"open","sticky":false,"template":"","format":"standard","meta":{"_jetpack_newsletter_access":"","_jetpack_dont_email_post_to_subs":false,"_jetpack_newsletter_tier_id":0,"_jetpack_memberships_contains_paywalled_content":false,"_mbp_banners":[],"_jetpack_feature_clip_id":0,"_jetpack_memberships_contains_paid_content":false,"footnotes":"","jetpack_publicize_message":"","jetpack_publicize_feature_enabled":true,"jetpack_social_post_already_shared":true,"jetpack_social_options":{"image_generator_settings":{"template":"highway","default_image_id":0,"font":"","enabled":false},"version":2},"jetpack_post_was_ever_published":false},"categories":[21],"tags":[],"class_list":["post-70034","post","type-post","status-publish","format-standard","has-post-thumbnail","category-sp-news"],"jetpack_publicize_connections":[],"jetpack-related-posts":[],"jetpack_shortlink":"https:\/\/wp.me\/p7Eq1F-idA","jetpack_sharing_enabled":true,"jetpack_featured_media_url":"https:\/\/i0.wp.com\/guialimeira.com.br\/news\/wp-content\/uploads\/2026\/06\/PM-de-SP-prende-homem-que-fez-refens-em-onibus.jpeg?fit=1600%2C900&ssl=1","_links":{"self":[{"href":"https:\/\/guialimeira.com.br\/news\/wp-json\/wp\/v2\/posts\/70034","targetHints":{"allow":["GET"]}}],"collection":[{"href":"https:\/\/guialimeira.com.br\/news\/wp-json\/wp\/v2\/posts"}],"about":[{"href":"https:\/\/guialimeira.com.br\/news\/wp-json\/wp\/v2\/types\/post"}],"author":[{"embeddable":true,"href":"https:\/\/guialimeira.com.br\/news\/wp-json\/wp\/v2\/users\/1"}],"replies":[{"embeddable":true,"href":"https:\/\/guialimeira.com.br\/news\/wp-json\/wp\/v2\/comments?post=70034"}],"version-history":[{"count":0,"href":"https:\/\/guialimeira.com.br\/news\/wp-json\/wp\/v2\/posts\/70034\/revisions"}],"wp:featuredmedia":[{"embeddable":true,"href":"https:\/\/guialimeira.com.br\/news\/wp-json\/wp\/v2\/media\/70035"}],"wp:attachment":[{"href":"https:\/\/guialimeira.com.br\/news\/wp-json\/wp\/v2\/media?parent=70034"}],"wp:term":[{"taxonomy":"category","embeddable":true,"href":"https:\/\/guialimeira.com.br\/news\/wp-json\/wp\/v2\/categories?post=70034"},{"taxonomy":"post_tag","embeddable":true,"href":"https:\/\/guialimeira.com.br\/news\/wp-json\/wp\/v2\/tags?post=70034"}],"curies":[{"name":"wp","href":"https:\/\/api.w.org\/{rel}","templated":true}]}}