{"id":70030,"date":"2026-06-23T12:10:28","date_gmt":"2026-06-23T15:10:28","guid":{"rendered":"https:\/\/guialimeira.com.br\/metro-de-sp-tera-distribuicao-gratuita-de-albuns-da-copa-e-pontos-de-doacao-de-figurinhas\/"},"modified":"2026-06-23T12:10:28","modified_gmt":"2026-06-23T15:10:28","slug":"metro-de-sp-tera-distribuicao-gratuita-de-albuns-da-copa-e-pontos-de-doacao-de-figurinhas","status":"publish","type":"post","link":"https:\/\/guialimeira.com.br\/news\/metro-de-sp-tera-distribuicao-gratuita-de-albuns-da-copa-e-pontos-de-doacao-de-figurinhas\/","title":{"rendered":"Metr\u00f4 de SP ter\u00e1 distribui\u00e7\u00e3o gratuita de \u00e1lbuns da Copa e pontos de doa\u00e7\u00e3o de figurinhas"},"content":{"rendered":"<p> <br \/>\n<br \/><img data-recalc-dims=\"1\" decoding=\"async\" src=\"https:\/\/i0.wp.com\/www.agenciasp.sp.gov.br\/wp-content\/uploads\/2025\/01\/2206_2167_Area_Central_Estacao_Se-2-scaled-1.jpg?w=696&#038;ssl=1\" \/><\/p>\n<div>\n<p class=\"wp-block-paragraph\">A partir desta ter\u00e7a-feira (23), cinco esta\u00e7\u00f5es do Metr\u00f4 ter\u00e3o a\u00e7\u00f5es para a distribui\u00e7\u00e3o gratuita de \u00e1lbuns e figurinhas da Copa do Mundo, al\u00e9m da arrecada\u00e7\u00e3o de cromos repetidos, que ser\u00e3o destinados a crian\u00e7as que n\u00e3o t\u00eam condi\u00e7\u00f5es de adquirir e completar os \u00e1lbuns.<\/p>\n<p class=\"wp-block-paragraph\">A a\u00e7\u00e3o vai ocorrer nas esta\u00e7\u00f5es Luz, Ana Rosa e Portuguesa\u2013Tiet\u00ea (Linha 1-Azul), al\u00e9m de Palmeiras-Barra Funda e S\u00e9 (Linha 3-Vermelha). A distribui\u00e7\u00e3o dos \u00e1lbuns \u00e9 feita em parceria com a Panini, enquanto a arrecada\u00e7\u00e3o dos cromos ser\u00e1 realizada por meio do projeto \u201cFigurinha para Todos\u201d.<\/p>\n<p class=\"wp-block-paragraph\"><strong>LEIA TAMB\u00c9M: <a href=\"https:\/\/www.agenciasp.sp.gov.br\/cafu-gols-do-brasil-no-metro\/\" rel=\"noopener\">Cafu anuncia gols do Brasil nos trens do Metr\u00f4 em a\u00e7\u00e3o especial para os jogos da Sele\u00e7\u00e3o<\/a><\/strong><\/p>\n<p class=\"wp-block-paragraph\"><strong>Distribui\u00e7\u00e3o gratuita de \u00e1lbuns<\/strong><\/p>\n<p class=\"wp-block-paragraph\">Em parceria com a Panini, ser\u00e3o distribu\u00eddos \u00e1lbuns da Copa do Mundo, cada um acompanhado de seis figurinhas. A distribui\u00e7\u00e3o acontecer\u00e1 nos balc\u00f5es de atendimento do Metr\u00f4 de ter\u00e7a a sexta, das 10h \u00e0s 17h, em cinco esta\u00e7\u00f5es de grande movimento \u2013 Palmeiras-Barra Funda, S\u00e9, Luz, Ana Rosa e Portuguesa\u2013Tiet\u00ea \u2013 at\u00e9 o t\u00e9rmino dos estoques.<\/p>\n<p class=\"wp-block-paragraph\"><strong>Arrecada\u00e7\u00e3o solid\u00e1ria<\/strong><\/p>\n<p>Paralelamente, os passageiros poder\u00e3o participar de uma iniciativa solid\u00e1ria com a doa\u00e7\u00e3o de figurinhas repetidas. Urnas estar\u00e3o dispon\u00edveis de ter\u00e7a (23) a sexta-feira (26), das 8h \u00e0s 18h, nos balc\u00f5es de atendimento das esta\u00e7\u00f5es Palmeiras-Barra Funda, S\u00e9, Luz, Ana Rosa e Portuguesa\u2013Tiet\u00ea para a arrecada\u00e7\u00e3o dos cromos, que ser\u00e3o encaminhados ao projeto \u201cFigurinhas para Todos\u201d, respons\u00e1vel pela distribui\u00e7\u00e3o \u00e0s crian\u00e7as que n\u00e3o t\u00eam condi\u00e7\u00f5es de adquiri-las.<\/p>\n<p class=\"wp-block-paragraph\"><strong>LEIA TAMB\u00c9M:\u00a0<a href=\"https:\/\/www.agenciasp.sp.gov.br\/copa-do-mundo-veja-oito-experiencias-para-viver-a-paixao-pelo-futebol-no-estado-de-sp\/\" rel=\"noopener\">Copa do Mundo: veja oito experi\u00eancias para viver a paix\u00e3o pelo futebol no estado de SP<\/a><\/strong><\/p>\n<p class=\"wp-block-paragraph\"><strong>Servi\u00e7o<\/strong><\/p>\n<p>Distribui\u00e7\u00e3o de \u00e1lbuns e figurinhas \u2013 Panini<br \/>Esta\u00e7\u00f5es: Luz, Ana Rosa e Portuguesa\u2013Tiet\u00ea (Linha 1-Azul); Palmeiras-Barra Funda e S\u00e9 (Linha 3-Vermelha) \u2013 Balc\u00e3o de atendimento do Metr\u00f4<br \/>Data: a partir de 23 de junho de 2026 (ter\u00e7a-feira) at\u00e9 o t\u00e9rmino dos estoques<br \/>Hor\u00e1rio: das 10h \u00e0s 17h<\/p>\n<p class=\"wp-block-paragraph\">Arrecada\u00e7\u00e3o de figurinhas repetidas para doa\u00e7\u00e3o \u2013 Projeto \u201cFigurinha para Todos\u201d<br \/>Esta\u00e7\u00f5es: Luz, Ana Rosa e Portuguesa\u2013Tiet\u00ea (Linha 1-Azul); Palmeiras-Barra Funda e S\u00e9 (Linha 3-Vermelha) \u2013 Balc\u00e3o de atendimento do Metr\u00f4<br \/>Data: de ter\u00e7a-feira (23) a sexta-feira (26)<br \/>Hor\u00e1rio: das 8h \u00e0s 18h<\/p>\n<p class=\"wp-block-paragraph\"><strong>LEIA TAMB\u00c9M:\u00a0<a href=\"https:\/\/www.agenciasp.sp.gov.br\/espacos-cultsp-jogos-do-brasil-copa-2026\/\" rel=\"noopener\">Espa\u00e7os da CultSP transmitem jogos do Brasil na Copa do Mundo 2026<\/a><\/strong><\/p>\n<\/p><\/div>\n<p><br \/>\n<br \/><a href=\"https:\/\/www.agenciasp.sp.gov.br\/metro-de-sp-tera-distribuicao-gratuita-de-albuns-da-copa-e-pontos-de-doacao-de-figurinhas\/\" rel=\"noopener\">Informa\u00e7\u00f5es GOV.SP<\/a><\/p>\n","protected":false},"excerpt":{"rendered":"<p>A partir desta ter\u00e7a-feira (23), cinco esta\u00e7\u00f5es do Metr\u00f4 ter\u00e3o a\u00e7\u00f5es para a distribui\u00e7\u00e3o gratuita de \u00e1lbuns e figurinhas da Copa do Mundo, al\u00e9m da arrecada\u00e7\u00e3o de cromos repetidos, que ser\u00e3o destinados a crian\u00e7as que n\u00e3o t\u00eam condi\u00e7\u00f5es de adquirir e completar os \u00e1lbuns. A a\u00e7\u00e3o vai ocorrer nas esta\u00e7\u00f5es Luz, Ana Rosa e Portuguesa\u2013Tiet\u00ea [&hellip;]<\/p>\n","protected":false},"author":1,"featured_media":43491,"comment_status":"","ping_status":"open","sticky":false,"template":"","format":"standard","meta":{"_jetpack_newsletter_access":"","_jetpack_dont_email_post_to_subs":false,"_jetpack_newsletter_tier_id":0,"_jetpack_memberships_contains_paywalled_content":false,"_mbp_banners":[],"_jetpack_feature_clip_id":0,"_jetpack_memberships_contains_paid_content":false,"footnotes":"","jetpack_publicize_message":"","jetpack_publicize_feature_enabled":true,"jetpack_social_post_already_shared":true,"jetpack_social_options":{"image_generator_settings":{"template":"highway","default_image_id":0,"font":"","enabled":false},"version":2},"jetpack_post_was_ever_published":false},"categories":[21],"tags":[],"class_list":["post-70030","post","type-post","status-publish","format-standard","has-post-thumbnail","category-sp-news"],"jetpack_publicize_connections":[],"jetpack-related-posts":[],"jetpack_shortlink":"https:\/\/wp.me\/p7Eq1F-idw","jetpack_sharing_enabled":true,"jetpack_featured_media_url":"https:\/\/i0.wp.com\/guialimeira.com.br\/news\/wp-content\/uploads\/2025\/09\/NFL-Metro-e-CPTM-funcionarao-24-horas-para-atender-torcedores.jpg?fit=1920%2C1280&ssl=1","_links":{"self":[{"href":"https:\/\/guialimeira.com.br\/news\/wp-json\/wp\/v2\/posts\/70030","targetHints":{"allow":["GET"]}}],"collection":[{"href":"https:\/\/guialimeira.com.br\/news\/wp-json\/wp\/v2\/posts"}],"about":[{"href":"https:\/\/guialimeira.com.br\/news\/wp-json\/wp\/v2\/types\/post"}],"author":[{"embeddable":true,"href":"https:\/\/guialimeira.com.br\/news\/wp-json\/wp\/v2\/users\/1"}],"replies":[{"embeddable":true,"href":"https:\/\/guialimeira.com.br\/news\/wp-json\/wp\/v2\/comments?post=70030"}],"version-history":[{"count":0,"href":"https:\/\/guialimeira.com.br\/news\/wp-json\/wp\/v2\/posts\/70030\/revisions"}],"wp:featuredmedia":[{"embeddable":true,"href":"https:\/\/guialimeira.com.br\/news\/wp-json\/wp\/v2\/media\/43491"}],"wp:attachment":[{"href":"https:\/\/guialimeira.com.br\/news\/wp-json\/wp\/v2\/media?parent=70030"}],"wp:term":[{"taxonomy":"category","embeddable":true,"href":"https:\/\/guialimeira.com.br\/news\/wp-json\/wp\/v2\/categories?post=70030"},{"taxonomy":"post_tag","embeddable":true,"href":"https:\/\/guialimeira.com.br\/news\/wp-json\/wp\/v2\/tags?post=70030"}],"curies":[{"name":"wp","href":"https:\/\/api.w.org\/{rel}","templated":true}]}}