{"id":70023,"date":"2026-06-23T11:09:50","date_gmt":"2026-06-23T14:09:50","guid":{"rendered":"https:\/\/guialimeira.com.br\/campanha-do-agasalho-2026-mobiliza-populacao-e-arrecada-r-15-milhao-para-compra-de-cobertores-em-sp\/"},"modified":"2026-06-23T11:09:50","modified_gmt":"2026-06-23T14:09:50","slug":"campanha-do-agasalho-2026-mobiliza-populacao-e-arrecada-r-15-milhao-para-compra-de-cobertores-em-sp","status":"publish","type":"post","link":"https:\/\/guialimeira.com.br\/news\/campanha-do-agasalho-2026-mobiliza-populacao-e-arrecada-r-15-milhao-para-compra-de-cobertores-em-sp\/","title":{"rendered":"Campanha do Agasalho 2026 mobiliza popula\u00e7\u00e3o e arrecada R$ 1,5 milh\u00e3o para compra de cobertores em SP"},"content":{"rendered":"<p> <br \/>\n<br \/><img data-recalc-dims=\"1\" decoding=\"async\" src=\"https:\/\/i0.wp.com\/www.agenciasp.sp.gov.br\/wp-content\/uploads\/2026\/06\/WhatsApp-Image-2026-06-23-at-10.56.46.jpeg?w=696&#038;ssl=1\" \/><\/p>\n<div>\n<p class=\"wp-block-paragraph\">Em pouco mais de dois meses, a Campanha do Agasalho 2026 j\u00e1 arrecadou R$ 1,5 milh\u00e3o em doa\u00e7\u00f5es financeiras destinadas \u00e0 compra de cobertores para pessoas em situa\u00e7\u00e3o de vulnerabilidade social no estado de S\u00e3o Paulo. O valor, obtido desde o lan\u00e7amento da iniciativa, em 15 de abril, j\u00e1 supera toda a arrecada\u00e7\u00e3o financeira registrada na edi\u00e7\u00e3o anterior, em 2025, refor\u00e7ando o engajamento da popula\u00e7\u00e3o na campanha.<\/p>\n<p class=\"wp-block-paragraph\">Coordenada pelo <a href=\"https:\/\/www.fundosocial.sp.gov.br\/\" target=\"_blank\" rel=\"noopener\">Fundo Social de S\u00e3o Paulo<\/a>, a iniciativa tamb\u00e9m recebeu 4,8 mil pe\u00e7as de vestu\u00e1rio desde o in\u00edcio da arrecada\u00e7\u00e3o. Os itens s\u00e3o destinados a entidades assistenciais e aos Fundos Sociais Municipais, respons\u00e1veis pela distribui\u00e7\u00e3o \u00e0s fam\u00edlias atendidas em diferentes regi\u00f5es do estado.<\/p>\n<p class=\"wp-block-paragraph\"><strong>LEIA TAMB\u00c9M:<\/strong> <a href=\"https:\/\/www.agenciasp.sp.gov.br\/defesa-civil-de-sao-paulo-alerta-para-primeira-frente-fria-do-inverno-com-chuva-ventos-e-queda-de-temperatura\/\" rel=\"noopener\">Defesa Civil de S\u00e3o Paulo alerta para primeira frente fria do inverno com chuva, ventos e queda de temperatura<\/a><\/p>\n<p class=\"wp-block-paragraph\">Com a chegada das temperaturas mais baixas neste m\u00eas de junho, a campanha segue mobilizando a sociedade para garantir prote\u00e7\u00e3o a quem mais precisa. A popula\u00e7\u00e3o pode participar com a doa\u00e7\u00e3o de roupas de inverno, cobertores e outros itens essenciais, al\u00e9m de contribuir financeiramente para a compra de cobertores que ser\u00e3o distribu\u00eddos durante o per\u00edodo de frio.<\/p>\n<h3 class=\"wp-block-heading\">Saiba como contribuir<\/h3>\n<p class=\"wp-block-paragraph\">As doa\u00e7\u00f5es podem ser entregues em mais de 900 pontos de arrecada\u00e7\u00e3o distribu\u00eddos pelo estado. A rede re\u00fane 642 pontos nos Fundos Sociais Municipais, 244 unidades do Poupatempo, 79 postos do Corpo de Bombeiros em cidades do interior e 21 pontos em esta\u00e7\u00f5es de transporte p\u00fablico da capital e da Regi\u00e3o Metropolitana.<\/p>\n<p class=\"wp-block-paragraph\">Entre os locais de arrecada\u00e7\u00e3o est\u00e3o a esta\u00e7\u00e3o S\u00e9 do Metr\u00f4 e unidades administradas pela TIC Trens e pela CPTM, como Palmeiras-Barra Funda, \u00c1gua Branca, Lapa, Pirituba, Jaragu\u00e1, Perus, Caieiras, Francisco Morato, Jundia\u00ed, Tamanduate\u00ed, S\u00e3o Caetano e Mau\u00e1.<\/p>\n<p class=\"wp-block-paragraph\"><strong>LEIA TAMB\u00c9M: <\/strong><a href=\"https:\/\/www.agenciasp.sp.gov.br\/transporte-campanha-do-agasalho-2026\/\" rel=\"noopener\">Transportes Metropolitanos de SP recebem doa\u00e7\u00f5es para Campanha do Agasalho 2026<\/a><\/p>\n<p class=\"wp-block-paragraph\">S\u00e3o aceitos agasalhos, cobertores, meias, toucas, cachec\u00f3is, cal\u00e7ados e demais itens adequados para o inverno, desde que estejam limpos e em bom estado de conserva\u00e7\u00e3o. A campanha tamb\u00e9m recebe roupas \u00edntimas adultas e infantis novas.<\/p>\n<p class=\"wp-block-paragraph\">Tamb\u00e9m \u00e9 poss\u00edvel contribuir por meio de doa\u00e7\u00e3o financeira via PIX, utilizando a chave doacoesfussp@sp.gov.br. Todo o valor arrecadado \u00e9 destinado integralmente \u00e0 compra de cobertores para distribui\u00e7\u00e3o durante o per\u00edodo de frio.<\/p>\n<p class=\"wp-block-paragraph\">As doa\u00e7\u00f5es podem ser entregues diretamente no Centro de Distribui\u00e7\u00e3o do Fundo Social de S\u00e3o Paulo, localizado na Rua Marechal M\u00e1rio Guedes, n\u00ba 301, no Jaguar\u00e9, zona oeste da capital, de segunda a sexta-feira, das 8h \u00e0s 16h.<\/p>\n<p class=\"wp-block-paragraph\">Mais informa\u00e7\u00f5es sobre os pontos de arrecada\u00e7\u00e3o e outras formas de participa\u00e7\u00e3o est\u00e3o dispon\u00edveis em: <a href=\"https:\/\/campanhadoagasalho.sp.gov.br\" data-type=\"link\" data-id=\"campanhadoagasalho.sp.gov.br\" target=\"_blank\" rel=\"noopener\">campanhadoagasalho.sp.gov.br<\/a>.<\/p>\n<\/p><\/div>\n<p><br \/>\n<br \/><a href=\"https:\/\/www.agenciasp.sp.gov.br\/campanha-do-agasalho-2026-arrecada-r-15-mi\/\" rel=\"noopener\">Informa\u00e7\u00f5es GOV.SP<\/a><\/p>\n","protected":false},"excerpt":{"rendered":"<p>Em pouco mais de dois meses, a Campanha do Agasalho 2026 j\u00e1 arrecadou R$ 1,5 milh\u00e3o em doa\u00e7\u00f5es financeiras destinadas \u00e0 compra de cobertores para pessoas em situa\u00e7\u00e3o de vulnerabilidade social no estado de S\u00e3o Paulo. O valor, obtido desde o lan\u00e7amento da iniciativa, em 15 de abril, j\u00e1 supera toda a arrecada\u00e7\u00e3o financeira registrada [&hellip;]<\/p>\n","protected":false},"author":1,"featured_media":70024,"comment_status":"","ping_status":"open","sticky":false,"template":"","format":"standard","meta":{"_jetpack_newsletter_access":"","_jetpack_dont_email_post_to_subs":false,"_jetpack_newsletter_tier_id":0,"_jetpack_memberships_contains_paywalled_content":false,"_mbp_banners":[],"_jetpack_feature_clip_id":0,"_jetpack_memberships_contains_paid_content":false,"footnotes":"","jetpack_publicize_message":"","jetpack_publicize_feature_enabled":true,"jetpack_social_post_already_shared":true,"jetpack_social_options":{"image_generator_settings":{"template":"highway","default_image_id":0,"font":"","enabled":false},"version":2},"jetpack_post_was_ever_published":false},"categories":[21],"tags":[],"class_list":["post-70023","post","type-post","status-publish","format-standard","has-post-thumbnail","category-sp-news"],"jetpack_publicize_connections":[],"jetpack-related-posts":[],"jetpack_shortlink":"https:\/\/wp.me\/p7Eq1F-idp","jetpack_sharing_enabled":true,"jetpack_featured_media_url":"https:\/\/i0.wp.com\/guialimeira.com.br\/news\/wp-content\/uploads\/2026\/06\/Campanha-do-Agasalho-2026-mobiliza-populacao-e-arrecada-R-15.jpeg?fit=1600%2C1200&ssl=1","_links":{"self":[{"href":"https:\/\/guialimeira.com.br\/news\/wp-json\/wp\/v2\/posts\/70023","targetHints":{"allow":["GET"]}}],"collection":[{"href":"https:\/\/guialimeira.com.br\/news\/wp-json\/wp\/v2\/posts"}],"about":[{"href":"https:\/\/guialimeira.com.br\/news\/wp-json\/wp\/v2\/types\/post"}],"author":[{"embeddable":true,"href":"https:\/\/guialimeira.com.br\/news\/wp-json\/wp\/v2\/users\/1"}],"replies":[{"embeddable":true,"href":"https:\/\/guialimeira.com.br\/news\/wp-json\/wp\/v2\/comments?post=70023"}],"version-history":[{"count":0,"href":"https:\/\/guialimeira.com.br\/news\/wp-json\/wp\/v2\/posts\/70023\/revisions"}],"wp:featuredmedia":[{"embeddable":true,"href":"https:\/\/guialimeira.com.br\/news\/wp-json\/wp\/v2\/media\/70024"}],"wp:attachment":[{"href":"https:\/\/guialimeira.com.br\/news\/wp-json\/wp\/v2\/media?parent=70023"}],"wp:term":[{"taxonomy":"category","embeddable":true,"href":"https:\/\/guialimeira.com.br\/news\/wp-json\/wp\/v2\/categories?post=70023"},{"taxonomy":"post_tag","embeddable":true,"href":"https:\/\/guialimeira.com.br\/news\/wp-json\/wp\/v2\/tags?post=70023"}],"curies":[{"name":"wp","href":"https:\/\/api.w.org\/{rel}","templated":true}]}}