{"id":70019,"date":"2026-06-23T10:07:58","date_gmt":"2026-06-23T13:07:58","guid":{"rendered":"https:\/\/guialimeira.com.br\/sp-pod-secretario-marcos-da-costa-destaca-expansao-do-centro-tea-paulista-e-acolhimento-as-familias\/"},"modified":"2026-06-23T10:07:58","modified_gmt":"2026-06-23T13:07:58","slug":"sp-pod-secretario-marcos-da-costa-destaca-expansao-do-centro-tea-paulista-e-acolhimento-as-familias","status":"publish","type":"post","link":"https:\/\/guialimeira.com.br\/news\/sp-pod-secretario-marcos-da-costa-destaca-expansao-do-centro-tea-paulista-e-acolhimento-as-familias\/","title":{"rendered":"SP POD: secret\u00e1rio Marcos da Costa destaca expans\u00e3o do Centro TEA Paulista e acolhimento \u00e0s fam\u00edlias"},"content":{"rendered":"<p> <br \/>\n<br \/><img data-recalc-dims=\"1\" decoding=\"async\" src=\"https:\/\/i0.wp.com\/www.agenciasp.sp.gov.br\/wp-content\/uploads\/2026\/06\/sppod-marcos-02.png?w=696&#038;ssl=1\" \/><\/p>\n<div>\n<p class=\"wp-block-paragraph\">Criado pelo Governo de S\u00e3o Paulo para fortalecer a rede de atendimento \u00e0s pessoas com Transtorno do Espectro Autista (TEA), o <a href=\"https:\/\/www.agenciasp.sp.gov.br\/sp-encerra-ano-com-mais-de-130-mil-carteiras-de-identificacao-emitidas-para-pessoas-com-tea\/\" rel=\"noopener\">Centro TEA Paulista<\/a> j\u00e1 realizou mais de 8 mil atendimentos desde a inaugura\u00e7\u00e3o, em junho de 2025. Em entrevista ao SP POD, videocast da Ag\u00eancia SP, o secret\u00e1rio de Estado dos Direitos da Pessoa com Defici\u00eancia, Marcos da Costa, destacou o papel do equipamento no acolhimento \u00e0s fam\u00edlias, na qualifica\u00e7\u00e3o de profissionais e no apoio aos munic\u00edpios na formula\u00e7\u00e3o de pol\u00edticas p\u00fablicas voltadas \u00e0 popula\u00e7\u00e3o autista.<\/p>\n<p class=\"wp-block-paragraph\">Localizado na Vila Leopoldina, na zona oeste da capital, o Centro TEA Paulista re\u00fane servi\u00e7os de orienta\u00e7\u00e3o, atendimento multidisciplinar, atividades terap\u00eauticas, suporte a familiares e cuidadores, al\u00e9m de a\u00e7\u00f5es voltadas \u00e0 inclus\u00e3o e \u00e0 autonomia das pessoas autistas. Segundo o secret\u00e1rio, o equipamento foi concebido para funcionar como uma refer\u00eancia para fam\u00edlias que buscam informa\u00e7\u00f5es, apoio e acesso aos servi\u00e7os dispon\u00edveis.<\/p>\n<p class=\"wp-block-paragraph\"><a href=\"https:\/\/www.agenciasp.sp.gov.br\/governo-de-sp-inaugura-centro-tea-paulista-em-bauru-e-inicia-expansao-do-atendimento-especializado-no-interior\/\" rel=\"noopener\">Nesta semana, a gest\u00e3o paulista iniciou a expans\u00e3o do programa para outras regi\u00f5es do estado. Na segunda-feira (22), foi inaugurada a unidade em Bauru, primeira regional do equipamento. <\/a>A iniciativa amplia o acesso ao atendimento especializado, \u00e0 orienta\u00e7\u00e3o de fam\u00edlias e \u00e0 capacita\u00e7\u00e3o de profissionais, fortalecendo a rede de apoio \u00e0s pessoas com autismo fora da capital.<\/p>\n<h3 class=\"wp-block-heading\">Centro foi estruturado em quatro eixos<\/h3>\n<p class=\"wp-block-paragraph\">Durante a entrevista, o secret\u00e1rio explicou que o equipamento foi estruturado a partir de quatro frentes principais: acolhimento, pesquisa, apoio aos munic\u00edpios e qualifica\u00e7\u00e3o profissional.<\/p>\n<p class=\"wp-block-paragraph\">\u201cO centro foi um instrumento importante pensado no governo Tarc\u00edsio de Freitas, inaugurado em junho do ano passado, e foi constru\u00eddo com base em quatro eixos: o eixo do acolhimento do autista, da sua fam\u00edlia, especialmente da m\u00e3e at\u00edpica e dos cuidadores; o eixo da pesquisa, que \u00e9 muito importante; o eixo do apoio \u00e0s prefeituras na formula\u00e7\u00e3o de pol\u00edticas p\u00fablicas; e o eixo da qualifica\u00e7\u00e3o profissional\u201d, afirmou.<\/p>\n<p class=\"wp-block-paragraph\">Segundo ele, o espa\u00e7o tamb\u00e9m passou a atuar como refer\u00eancia para gestores p\u00fablicos interessados em desenvolver pol\u00edticas voltadas \u00e0 popula\u00e7\u00e3o autista. O centro mant\u00e9m parcerias com universidades para pesquisas e oferece suporte t\u00e9cnico a prefeituras e secretarias municipais.<\/p>\n<p class=\"wp-block-paragraph\"><strong>LEIA TAMB\u00c9M: <a href=\"https:\/\/www.agenciasp.sp.gov.br\/centro-tea-paulista-sala-multissensorial-fortalece-terapias-e-promove-bem-estar-para-pessoas-com-autismo\/\" rel=\"noopener\">Centro TEA Paulista: sala multissensorial fortalece terapias e promove bem-estar para pessoas com autismo<\/a><\/strong><\/p>\n<p class=\"wp-block-paragraph\">O Centro TEA Paulista na capital paulista tamb\u00e9m abriga o Centro de Cidadania da Pessoa com Defici\u00eancia, respons\u00e1vel por oferecer orienta\u00e7\u00f5es sobre benef\u00edcios, programas sociais e direitos, al\u00e9m de apoio psicol\u00f3gico, jur\u00eddico e social.<\/p>\n<p class=\"wp-block-paragraph\">O Centro TEA Paulista funciona 24 horas, todos os dias da semana, com teleatendimento no per\u00edodo noturno (das 18h \u00e0s 8h) e com regime ininterrupto aos fins de semana e feriados. O objetivo \u00e9 facilitar o acesso e estabelecer um canal de apoio e orienta\u00e7\u00e3o em diferentes situa\u00e7\u00f5es e contextos, nas quais as pessoas com Transtorno do Espectro Autista (TEA), seus familiares e cuidadores possam ter um atendimento remoto, acess\u00edvel e humanizado.<\/p>\n<h3 class=\"wp-block-heading\">Apoio \u00e0s fam\u00edlias \u00e9 prioridade<\/h3>\n<p class=\"wp-block-paragraph\">Ao comentar a experi\u00eancia como pai de uma pessoa autista, o secret\u00e1rio ressaltou a import\u00e2ncia de oferecer orienta\u00e7\u00e3o \u00e0s fam\u00edlias que recebem o diagn\u00f3stico e precisam lidar com d\u00favidas e inseguran\u00e7as.<\/p>\n<p class=\"wp-block-paragraph\">\u201cO centro serve para essa fam\u00edlia que tem d\u00favida, que vai procurar na internet, ache algu\u00e9m que sabe, para servir de orienta\u00e7\u00e3o. E essa orienta\u00e7\u00e3o tamb\u00e9m serve para acalmar a fam\u00edlia\u201d, disse.<\/p>\n<p class=\"wp-block-paragraph\">O acolhimento \u00e0s m\u00e3es e cuidadores \u00e9 uma das frentes permanentes do equipamento. O espa\u00e7o conta com salas de escuta, encontros entre familiares e atividades voltadas ao compartilhamento de experi\u00eancias.<\/p>\n<h3 class=\"wp-block-heading\">Amplia\u00e7\u00e3o dos profissionais<\/h3>\n<p class=\"wp-block-paragraph\">Outro tema abordado durante a entrevista foi a qualifica\u00e7\u00e3o de profissionais para atua\u00e7\u00e3o com pessoas com defici\u00eancia e autistas. Segundo o secret\u00e1rio, a pasta criou uma disciplina universit\u00e1ria voltada ao tema em parceria com institui\u00e7\u00f5es p\u00fablicas de ensino superior do Estado. A iniciativa passou a ser oferecida por universidades como USP, Unesp, Unicamp e Univesp.<\/p>\n<p class=\"wp-block-paragraph\">\u201cA qualifica\u00e7\u00e3o partiu de uma constata\u00e7\u00e3o de que n\u00f3s n\u00e3o temos profissionais qualificados para trabalhar com a pessoa com defici\u00eancia e com autistas. Porque na nossa forma\u00e7\u00e3o profissional o tema pessoa com defici\u00eancia n\u00e3o era presente\u201d, explicou.<\/p>\n<p class=\"wp-block-paragraph\">De acordo com ele, cerca de 20 mil estudantes j\u00e1 participaram da forma\u00e7\u00e3o. \u201cS\u00e3o os futuros profissionais e priorizamos aqueles que estavam no \u00faltimo semestre de cada \u00e1rea. S\u00e3o profissionais que est\u00e3o entrando no mercado sem preconceito, sem ideias pr\u00e9-concebidas e sem medo de trabalhar com pessoas com defici\u00eancia\u201d, ressaltou.\u00a0<\/p>\n<\/p><\/div>\n<p><br \/>\n<br \/><a href=\"https:\/\/www.agenciasp.sp.gov.br\/sp-pod-secretario-marcos-da-costa-destaca-expansao-do-centro-tea-paulista-e-acolhimento-as-familias\/\" rel=\"noopener\">Informa\u00e7\u00f5es GOV.SP<\/a><\/p>\n","protected":false},"excerpt":{"rendered":"<p>Criado pelo Governo de S\u00e3o Paulo para fortalecer a rede de atendimento \u00e0s pessoas com Transtorno do Espectro Autista (TEA), o Centro TEA Paulista j\u00e1 realizou mais de 8 mil atendimentos desde a inaugura\u00e7\u00e3o, em junho de 2025. Em entrevista ao SP POD, videocast da Ag\u00eancia SP, o secret\u00e1rio de Estado dos Direitos da Pessoa [&hellip;]<\/p>\n","protected":false},"author":1,"featured_media":70020,"comment_status":"","ping_status":"open","sticky":false,"template":"","format":"standard","meta":{"_jetpack_newsletter_access":"","_jetpack_dont_email_post_to_subs":false,"_jetpack_newsletter_tier_id":0,"_jetpack_memberships_contains_paywalled_content":false,"_mbp_banners":[],"_jetpack_feature_clip_id":0,"_jetpack_memberships_contains_paid_content":false,"footnotes":"","jetpack_publicize_message":"","jetpack_publicize_feature_enabled":true,"jetpack_social_post_already_shared":true,"jetpack_social_options":{"image_generator_settings":{"template":"highway","default_image_id":0,"font":"","enabled":false},"version":2},"jetpack_post_was_ever_published":false},"categories":[21],"tags":[],"class_list":["post-70019","post","type-post","status-publish","format-standard","has-post-thumbnail","category-sp-news"],"jetpack_publicize_connections":[],"jetpack-related-posts":[],"jetpack_shortlink":"https:\/\/wp.me\/p7Eq1F-idl","jetpack_sharing_enabled":true,"jetpack_featured_media_url":"https:\/\/i0.wp.com\/guialimeira.com.br\/news\/wp-content\/uploads\/2026\/06\/SP-POD-secretario-Marcos-da-Costa-destaca-expansao-do-Centro.png?fit=1809%2C840&ssl=1","_links":{"self":[{"href":"https:\/\/guialimeira.com.br\/news\/wp-json\/wp\/v2\/posts\/70019","targetHints":{"allow":["GET"]}}],"collection":[{"href":"https:\/\/guialimeira.com.br\/news\/wp-json\/wp\/v2\/posts"}],"about":[{"href":"https:\/\/guialimeira.com.br\/news\/wp-json\/wp\/v2\/types\/post"}],"author":[{"embeddable":true,"href":"https:\/\/guialimeira.com.br\/news\/wp-json\/wp\/v2\/users\/1"}],"replies":[{"embeddable":true,"href":"https:\/\/guialimeira.com.br\/news\/wp-json\/wp\/v2\/comments?post=70019"}],"version-history":[{"count":0,"href":"https:\/\/guialimeira.com.br\/news\/wp-json\/wp\/v2\/posts\/70019\/revisions"}],"wp:featuredmedia":[{"embeddable":true,"href":"https:\/\/guialimeira.com.br\/news\/wp-json\/wp\/v2\/media\/70020"}],"wp:attachment":[{"href":"https:\/\/guialimeira.com.br\/news\/wp-json\/wp\/v2\/media?parent=70019"}],"wp:term":[{"taxonomy":"category","embeddable":true,"href":"https:\/\/guialimeira.com.br\/news\/wp-json\/wp\/v2\/categories?post=70019"},{"taxonomy":"post_tag","embeddable":true,"href":"https:\/\/guialimeira.com.br\/news\/wp-json\/wp\/v2\/tags?post=70019"}],"curies":[{"name":"wp","href":"https:\/\/api.w.org\/{rel}","templated":true}]}}