{"id":70015,"date":"2026-06-23T09:06:56","date_gmt":"2026-06-23T12:06:56","guid":{"rendered":"https:\/\/guialimeira.com.br\/veja-onde-o-bom-prato-inverno-vai-funcionar-no-jantar\/"},"modified":"2026-06-23T09:06:56","modified_gmt":"2026-06-23T12:06:56","slug":"veja-onde-o-bom-prato-inverno-vai-funcionar-no-jantar","status":"publish","type":"post","link":"https:\/\/guialimeira.com.br\/news\/veja-onde-o-bom-prato-inverno-vai-funcionar-no-jantar\/","title":{"rendered":"Veja onde o Bom Prato Inverno vai funcionar no jantar"},"content":{"rendered":"<p> <br \/>\n<br \/><img data-recalc-dims=\"1\" decoding=\"async\" src=\"https:\/\/i0.wp.com\/www.agenciasp.sp.gov.br\/wp-content\/uploads\/2025\/07\/204223f0-8d38-487c-abcd-081c3b668f55.jpeg?w=696&#038;ssl=1\" \/><\/p>\n<div>\n<p class=\"wp-block-paragraph\">Em resposta \u00e0s baixas temperaturas do inverno paulista, o Programa Bom Prato vai se mobilizar para auxiliar no enfrentamento do frio do jeito que s\u00f3 o maior programa de combate \u00e0 fome do Estado de S\u00e3o Paulo consegue: com refei\u00e7\u00f5es quentinhas e acolhimento. Desde segunda-feira (22), as 64 unidades do Bom Prato que contam com o servi\u00e7o de jantar v\u00e3o servir caldos nutritivos aos frequentadores.<\/p>\n<p class=\"wp-block-paragraph\">Criada nesta gest\u00e3o, a a\u00e7\u00e3o integra a Opera\u00e7\u00e3o Inverno, que ocorre at\u00e9 22 de setembro. O Bom Prato Inverno tem como objetivo auxiliar a popula\u00e7\u00e3o em situa\u00e7\u00e3o de vulnerabilidade social nos dias mais frios do ano. Para isso, as unidades v\u00e3o complementar os jantares com caldos quentes, que contribuem para o aquecimento corporal, a hidrata\u00e7\u00e3o e uma nutri\u00e7\u00e3o equilibrada.<\/p>\n<p class=\"wp-block-paragraph\"><strong>LEIA TAMB\u00c9M <a href=\"https:\/\/www.agenciasp.sp.gov.br\/transporte-campanha-do-agasalho-2026\/\" rel=\"noopener\">Transportes Metropolitanos de SP recebem doa\u00e7\u00f5es para Campanha do Agasalho 2026<\/a><\/strong><\/p>\n<p class=\"wp-block-paragraph\">Com o acolhimento vai al\u00e9m de refei\u00e7\u00f5es quentes, os restaurantes populares da rede estar\u00e3o de portas abertas, prontos para receber os frequentadores em seus sal\u00f5es, equipados para proporcionar um local digno, bem-estar e conforto t\u00e9rmico durante os dias de frio mais intenso.<\/p>\n<p class=\"wp-block-paragraph\">\u201cNos dias mais frios, nosso compromisso vai al\u00e9m de garantir a seguran\u00e7a alimentar; queremos oferecer acolhimento e dignidade para quem mais precisa. Com o Bom Prato Inverno, refor\u00e7amos esse cuidado ao disponibilizar refei\u00e7\u00f5es quentes e nutritivas, contribuindo para o bem-estar da popula\u00e7\u00e3o em situa\u00e7\u00e3o de vulnerabilidade em todo o Estado\u201d, afirma a diretora Rita Dalmaso, da Diretoria de Combate \u00e0 Fome (DICOF).<\/p>\n<p class=\"wp-block-paragraph\"><strong>LEIA TAMB\u00c9M: <a href=\"https:\/\/www.agenciasp.sp.gov.br\/caravana-3d-com-formatura-de-13-mil-alunos-na-baixada-santista-caminho-da-capacitacao-alcanca-todas-as-regioes-paulistas\/\" rel=\"noopener\">Caravana 3D: Com formatura de 1,3 mil alunos na Baixada Santista, Caminho da Capacita\u00e7\u00e3o alcan\u00e7a todas as regi\u00f5es paulistas<\/a><\/strong><\/p>\n<p class=\"wp-block-paragraph\">Na primeira edi\u00e7\u00e3o da a\u00e7\u00e3o, em 2025, a ades\u00e3o positiva dos frequentadores resultou em mais de 1,1 milh\u00e3o de caldos servidos. O alcance reflete o compromisso do Estado de S\u00e3o Paulo no combate \u00e0 fome no territ\u00f3rio paulista e na execu\u00e7\u00e3o de uma pol\u00edtica p\u00fablica estruturada e eficaz como o Bom Prato.<\/p>\n<h3 class=\"wp-block-heading\">Confira a rela\u00e7\u00e3o das unidades que v\u00e3o contar com os caldos<\/h3>\n<ul class=\"wp-block-list\">\n<li><strong>Capital:<\/strong> 25 de Mar\u00e7o, Br\u00e1s, Brasil\u00e2ndia, Campo Limpo, Cap\u00e3o Redondo, Cidade Ademar, Cidade Dutra, Guaianases, Heli\u00f3polis, Itaim Paulista, Itaquera, Lapa, Lim\u00e3o, M\u2019Boi Mirim, Parais\u00f3polis, Parelheiros, Perus, Santana, Santo Amaro, S\u00e3o Mateus, S\u00e3o Miguel Paulista, Tucuruvi e Vila Nova Cachoeirinha.<\/li>\n<li><strong>Regi\u00e3o Metropolitana de S\u00e3o Paulo (RMSP):<\/strong> Carapicu\u00edba, Cotia, Embu das Artes, Ferraz de Vasconcelos, Francisco Morato, Guarulhos, Itapevi, Itaquaquecetuba, Jandira, Mogi das Cruzes I, Mogi das Cruzes II \u2013 Jundiapeba, Osasco, Santo Andr\u00e9 I, Santo Andr\u00e9 II \u2013 Vila Luzita, S\u00e3o Bernardo do Campo I, Suzano e Tabo\u00e3o da Serra.<\/li>\n<li><strong>Interior:<\/strong> Ara\u00e7atuba, Araraquara, Bauru, Campinas, Franca, Jacare\u00ed, Jundia\u00ed, Limeira, Mar\u00edlia, Presidente Prudente, Ribeir\u00e3o Preto, Rio Claro, S\u00e3o Carlos, S\u00e3o Jos\u00e9 do Rio Preto, S\u00e3o Jos\u00e9 dos Campos, Sorocaba, Sumar\u00e9 e Taubat\u00e9.<\/li>\n<li><strong>Litoral:<\/strong> Cubat\u00e3o, Praia Grande, Santos I \u2013 Mercado, Santos II \u2013 Zona Noroeste e Santos IV \u2013 Dique Vila Gilda e S\u00e3o Vicente \u2013 Quarenten\u00e1rio.<\/li>\n<\/ul>\n<h3 class=\"wp-block-heading\">Avan\u00e7o na seguran\u00e7a alimentar <\/h3>\n<p class=\"wp-block-paragraph\">Atualmente, o programa conta com 71 unidades fixas, quatro refeit\u00f3rios e 48 caminh\u00f5es que atendem a 53 pontos de atendimento do Bom Prato M\u00f3vel, totalizando 128 localidades em 42 munic\u00edpios. Somente nesta gest\u00e3o, foram entregues 26 novas unidades, sendo 22 caminh\u00f5es do BPM e quatro refeit\u00f3rios.<\/p>\n<p class=\"wp-block-paragraph\">A alimenta\u00e7\u00e3o oferecida no Bom Prato \u00e9 subsidiada pelo Governo do Estado de S\u00e3o Paulo, aumentando a oferta de comida acess\u00edvel e nutritiva \u00e0 comunidade. As refei\u00e7\u00f5es s\u00e3o balanceadas e oferecem, al\u00e9m do arroz e do feij\u00e3o, uma guarni\u00e7\u00e3o, uma prote\u00edna e uma fruta, ao pre\u00e7o simb\u00f3lico de R$ 1,00.<\/p>\n<p class=\"wp-block-paragraph\">Em alguns pontos de atendimento tamb\u00e9m s\u00e3o servidos o jantar (ao mesmo pre\u00e7o do almo\u00e7o), e o caf\u00e9 da manh\u00e3, oferecido por R$ 0,50. Os pontos de atendimento podem ser consultados na p\u00e1gina do programa, no link: <a href=\"https:\/\/www.desenvolvimentosocial.sp.gov.br\/sec_desenvolv_social\/programas%20estaduais\/bom%20prato\" target=\"_blank\" rel=\"noopener\">https:\/\/www.desenvolvimentosocial.sp.gov.br\/sec_desenvolv_social\/programas%20estaduais\/bom%20prato<\/a><\/p>\n<\/p><\/div>\n<p><br \/>\n<br \/><a href=\"https:\/\/www.agenciasp.sp.gov.br\/veja-onde-o-bom-prato-inverno-vai-funcionar-no-jantar\/\" rel=\"noopener\">Informa\u00e7\u00f5es GOV.SP<\/a><\/p>\n","protected":false},"excerpt":{"rendered":"<p>Em resposta \u00e0s baixas temperaturas do inverno paulista, o Programa Bom Prato vai se mobilizar para auxiliar no enfrentamento do frio do jeito que s\u00f3 o maior programa de combate \u00e0 fome do Estado de S\u00e3o Paulo consegue: com refei\u00e7\u00f5es quentinhas e acolhimento. Desde segunda-feira (22), as 64 unidades do Bom Prato que contam com [&hellip;]<\/p>\n","protected":false},"author":1,"featured_media":69987,"comment_status":"","ping_status":"open","sticky":false,"template":"","format":"standard","meta":{"_jetpack_newsletter_access":"","_jetpack_dont_email_post_to_subs":false,"_jetpack_newsletter_tier_id":0,"_jetpack_memberships_contains_paywalled_content":false,"_mbp_banners":[],"_jetpack_feature_clip_id":0,"_jetpack_memberships_contains_paid_content":false,"footnotes":"","jetpack_publicize_message":"","jetpack_publicize_feature_enabled":true,"jetpack_social_post_already_shared":true,"jetpack_social_options":{"image_generator_settings":{"template":"highway","default_image_id":0,"font":"","enabled":false},"version":2},"jetpack_post_was_ever_published":false},"categories":[21],"tags":[],"class_list":["post-70015","post","type-post","status-publish","format-standard","has-post-thumbnail","category-sp-news"],"jetpack_publicize_connections":[],"jetpack-related-posts":[],"jetpack_shortlink":"https:\/\/wp.me\/p7Eq1F-idh","jetpack_sharing_enabled":true,"jetpack_featured_media_url":"https:\/\/i0.wp.com\/guialimeira.com.br\/news\/wp-content\/uploads\/2026\/06\/Bom-Prato-Inverno-64-unidades-terao-caldos-quentes-no-jantar.jpeg?fit=1600%2C1200&ssl=1","_links":{"self":[{"href":"https:\/\/guialimeira.com.br\/news\/wp-json\/wp\/v2\/posts\/70015","targetHints":{"allow":["GET"]}}],"collection":[{"href":"https:\/\/guialimeira.com.br\/news\/wp-json\/wp\/v2\/posts"}],"about":[{"href":"https:\/\/guialimeira.com.br\/news\/wp-json\/wp\/v2\/types\/post"}],"author":[{"embeddable":true,"href":"https:\/\/guialimeira.com.br\/news\/wp-json\/wp\/v2\/users\/1"}],"replies":[{"embeddable":true,"href":"https:\/\/guialimeira.com.br\/news\/wp-json\/wp\/v2\/comments?post=70015"}],"version-history":[{"count":0,"href":"https:\/\/guialimeira.com.br\/news\/wp-json\/wp\/v2\/posts\/70015\/revisions"}],"wp:featuredmedia":[{"embeddable":true,"href":"https:\/\/guialimeira.com.br\/news\/wp-json\/wp\/v2\/media\/69987"}],"wp:attachment":[{"href":"https:\/\/guialimeira.com.br\/news\/wp-json\/wp\/v2\/media?parent=70015"}],"wp:term":[{"taxonomy":"category","embeddable":true,"href":"https:\/\/guialimeira.com.br\/news\/wp-json\/wp\/v2\/categories?post=70015"},{"taxonomy":"post_tag","embeddable":true,"href":"https:\/\/guialimeira.com.br\/news\/wp-json\/wp\/v2\/tags?post=70015"}],"curies":[{"name":"wp","href":"https:\/\/api.w.org\/{rel}","templated":true}]}}