{"id":700,"date":"2024-04-02T00:15:45","date_gmt":"2024-04-02T03:15:45","guid":{"rendered":"https:\/\/guialimeira.com.br\/2024\/04\/02\/mprj-denuncia-oito-pessoas-que-atacaram-deputada-em-nova-friburgo\/"},"modified":"2024-04-02T00:15:45","modified_gmt":"2024-04-02T03:15:45","slug":"mprj-denuncia-oito-pessoas-que-atacaram-deputada-em-nova-friburgo","status":"publish","type":"post","link":"https:\/\/guialimeira.com.br\/news\/mprj-denuncia-oito-pessoas-que-atacaram-deputada-em-nova-friburgo\/","title":{"rendered":"MPRJ denuncia oito pessoas que atacaram deputada\u00a0em Nova Friburgo"},"content":{"rendered":"<p> <br \/>\n<\/p>\n<div>\n<p>A Promotoria de Investiga\u00e7\u00e3o Penal de Nova Friburgo denunciou oito pessoas que proferiram ofensas verbais, empurraram e atacaram com garrafas, pedras e ovos, a deputada estadual Lucia Marina dos Santos (PT), conhecida como Marina do MST. Os crimes foram praticados em agosto de 2023, durante um encontro da parlamentar com a popula\u00e7\u00e3o de Lumiar, na regi\u00e3o serrana do Rio. A den\u00fancia foi recebida nesta segunda-feira (1\u00b0) pelo Ju\u00edzo da 1\u00aa Vara Criminal da Comarca da cidade.<img data-recalc-dims=\"1\" decoding=\"async\" src=\"https:\/\/i0.wp.com\/agenciabrasil.ebc.com.br\/ebc.png?w=696&#038;ssl=1\" style=\"width:1px; height:1px; display:inline;\"\/><img data-recalc-dims=\"1\" decoding=\"async\" src=\"https:\/\/i0.wp.com\/agenciabrasil.ebc.com.br\/ebc.gif?w=696&#038;ssl=1\" style=\"width:1px; height:1px; display:inline;\"\/><\/p>\n<p>Foram denunciados Jailton Barroso Eller, por incitar publicamente a pr\u00e1tica de crime, Wanderl\u00eai Araujo, Leandro Nascimento Longo, Manoel Jo\u00e3o Leal, Marcos Halley da Silva Klein, Aderl\u00e3 de Oliveira Frez, Maria Concei\u00e7\u00e3o Costa e Samara Thuller de Oliveira, por inj\u00faria real e constrangimento ilegal.<\/p>\n<p>De acordo com a den\u00fancia, um dia antes do evento, por meio de um aplicativo de mensagens, Jailton incitou pessoas a comparecerem ao local para impedir a realiza\u00e7\u00e3o do encontro, que supostamente estaria programado com a finalidade de invadir terras.<\/p>\n<p>No dia 12 de agosto do ano passado, os outros sete denunciados compareceram ao local, acompanhados de v\u00e1rias outras pessoas n\u00e3o identificadas e passaram a xingar a deputada, que foi violentamente empurrada para fora do coreto da pra\u00e7a de Lumiar, lugar marcado para a reuni\u00e3o. Os denunciados e seu grupo ainda passaram a arremessar l\u00edquidos e garrafas na dire\u00e7\u00e3o da parlamentar.<\/p>\n<p>Escoltada pela Pol\u00edcia Militar, a deputada e seu grupo seguiram at\u00e9 o p\u00e1tio do posto de policiamento, onde realizaram a reuni\u00e3o, mas acompanhados de perto pelos opositores, que continuaram a gritar palavras de ordem e jogar ovos e garrafas contra a parlamentar e seu grupo.<\/p>\n<p>A Promotoria de Investiga\u00e7\u00e3o Penal de Nova Friburgo ainda prop\u00f4s para outras tr\u00eas pessoas que praticaram crimes de menor potencial ofensivo o pagamento de um sal\u00e1rio-m\u00ednimo, proibi\u00e7\u00e3o de se ausentar da comarca onde residem por mais de 20 dias, sem pr\u00e9via autoriza\u00e7\u00e3o do juiz e comparecimento obrigat\u00f3rio \u00e0 Justi\u00e7a, a cada dois meses, para informar e justificar suas atividades.<\/p>\n<p>Lumiar fica a 30 quil\u00f4metros do centro de Friburgo, dentro da Reserva Florestal de Maca\u00e9 de Cima. Tem dezenas de cachoeiras, trilhas, hot\u00e9is, passeios, acampamentos, muito apreciados por jovens e uma popula\u00e7\u00e3o de cerca de 5 mil habitantes.<\/p>\n<\/p><\/div>\n<p><br \/>\n<br \/><a href=\"https:\/\/agenciabrasil.ebc.com.br\/justica\/noticia\/2024-04\/mprj-denuncia-oito-pessoas-que-atacaram-deputada-em-nova-friburgo\" rel=\"noopener\">Ag\u00eancia Brasil<\/a><\/p>\n","protected":false},"excerpt":{"rendered":"<p>A Promotoria de Investiga\u00e7\u00e3o Penal de Nova Friburgo denunciou oito pessoas que proferiram ofensas verbais, empurraram e atacaram com garrafas, pedras e ovos, a deputada estadual Lucia Marina dos Santos (PT), conhecida como Marina do MST. Os crimes foram praticados em agosto de 2023, durante um encontro da parlamentar com a popula\u00e7\u00e3o de Lumiar, na [&hellip;]<\/p>\n","protected":false},"author":1,"featured_media":269,"comment_status":"open","ping_status":"open","sticky":false,"template":"","format":"standard","meta":{"_jetpack_newsletter_access":"","_jetpack_dont_email_post_to_subs":false,"_jetpack_newsletter_tier_id":0,"_jetpack_memberships_contains_paywalled_content":false,"_mbp_banners":[],"_jetpack_feature_clip_id":0,"_jetpack_memberships_contains_paid_content":false,"footnotes":"","jetpack_publicize_message":"","jetpack_publicize_feature_enabled":true,"jetpack_social_post_already_shared":true,"jetpack_social_options":{"image_generator_settings":{"template":"highway","default_image_id":0,"font":"","enabled":false},"version":2},"jetpack_post_was_ever_published":false},"categories":[22],"tags":[],"class_list":["post-700","post","type-post","status-publish","format-standard","has-post-thumbnail","category-nacional"],"jetpack_publicize_connections":[],"jetpack-related-posts":[],"jetpack_shortlink":"https:\/\/wp.me\/p7Eq1F-bi","jetpack_sharing_enabled":true,"jetpack_featured_media_url":"https:\/\/i0.wp.com\/guialimeira.com.br\/news\/wp-content\/uploads\/2024\/03\/thumb_1200x600_agbrasil.png?fit=1200%2C600&ssl=1","_links":{"self":[{"href":"https:\/\/guialimeira.com.br\/news\/wp-json\/wp\/v2\/posts\/700","targetHints":{"allow":["GET"]}}],"collection":[{"href":"https:\/\/guialimeira.com.br\/news\/wp-json\/wp\/v2\/posts"}],"about":[{"href":"https:\/\/guialimeira.com.br\/news\/wp-json\/wp\/v2\/types\/post"}],"author":[{"embeddable":true,"href":"https:\/\/guialimeira.com.br\/news\/wp-json\/wp\/v2\/users\/1"}],"replies":[{"embeddable":true,"href":"https:\/\/guialimeira.com.br\/news\/wp-json\/wp\/v2\/comments?post=700"}],"version-history":[{"count":0,"href":"https:\/\/guialimeira.com.br\/news\/wp-json\/wp\/v2\/posts\/700\/revisions"}],"wp:featuredmedia":[{"embeddable":true,"href":"https:\/\/guialimeira.com.br\/news\/wp-json\/wp\/v2\/media\/269"}],"wp:attachment":[{"href":"https:\/\/guialimeira.com.br\/news\/wp-json\/wp\/v2\/media?parent=700"}],"wp:term":[{"taxonomy":"category","embeddable":true,"href":"https:\/\/guialimeira.com.br\/news\/wp-json\/wp\/v2\/categories?post=700"},{"taxonomy":"post_tag","embeddable":true,"href":"https:\/\/guialimeira.com.br\/news\/wp-json\/wp\/v2\/tags?post=700"}],"curies":[{"name":"wp","href":"https:\/\/api.w.org\/{rel}","templated":true}]}}