{"id":69976,"date":"2026-06-22T20:49:06","date_gmt":"2026-06-22T23:49:06","guid":{"rendered":"https:\/\/guialimeira.com.br\/previsao-do-tempo-para-terca-feira-23-em-sp-dia-comeca-com-ceu-nublado\/"},"modified":"2026-06-22T20:49:06","modified_gmt":"2026-06-22T23:49:06","slug":"previsao-do-tempo-para-terca-feira-23-em-sp-dia-comeca-com-ceu-nublado","status":"publish","type":"post","link":"https:\/\/guialimeira.com.br\/news\/previsao-do-tempo-para-terca-feira-23-em-sp-dia-comeca-com-ceu-nublado\/","title":{"rendered":"Previs\u00e3o do tempo para ter\u00e7a-feira (23) em SP: dia come\u00e7a com c\u00e9u nublado"},"content":{"rendered":"<p> <br \/>\n<br \/><img data-recalc-dims=\"1\" decoding=\"async\" src=\"https:\/\/i0.wp.com\/www.agenciasp.sp.gov.br\/wp-content\/uploads\/2025\/09\/Imagem-do-WhatsApp-de-2025-09-23-as-09.49.35_c68e257a-scaled.jpg?w=696&#038;ssl=1\" \/><\/p>\n<div>\n<p class=\"wp-block-paragraph\">Nesta ter\u00e7a-feira, o dia come\u00e7a com c\u00e9u nublado na maior parte do estado de S\u00e3o Paulo.<\/p>\n<p class=\"wp-block-paragraph\">Ao longo do per\u00edodo, h\u00e1 previs\u00e3o de pancadas isoladas de chuva, que podem vir acompanhadas de raios e rajadas de vento no leste e sudeste do estado, onde a chuva poder\u00e1 ocorrer de forma persistente em alguns momentos, favorecendo acumulados mais elevados.<\/p>\n<p class=\"wp-block-paragraph\">As temperaturas come\u00e7am amenas e aumentam gradualmente no per\u00edodo da tarde.<\/p>\n<p class=\"wp-block-paragraph\">Na capital paulista, as temperaturas variam entre 13\u00b0C e 21\u00b0C. Em Maraca\u00ed, a m\u00ednima prevista \u00e9 de 11\u00b0C, enquanto a m\u00e1xima pode alcan\u00e7ar os 17\u00b0C.<\/p>\n<p class=\"wp-block-paragraph\">Em dias de chuva, consulte a previs\u00e3o do tempo e fique atento aos alertas da Defesa Civil do Estado de S\u00e3o Paulo, seguindo as principais redes sociais do governo.<\/p>\n<p class=\"wp-block-paragraph\"><strong>LEIA MAIS:\u00a0<a href=\"https:\/\/www.agenciasp.sp.gov.br\/frente-fria-perde-forca-em-sao-paulo-mas-pancadas-de-chuva-ainda-podem-ocorrer-diz-defesa-civil\/\" rel=\"noopener\"><a href=\"https:\/\/www.agenciasp.sp.gov.br\/sp-sempre-alerta-entenda-o-significado-de-cada-alerta-da-defesa-civil\/\" rel=\"noopener\">SP Sempre Alerta: entenda o significado das cores dos avisos da Defesa Civil<\/a><\/strong><\/p>\n<h2 class=\"wp-block-heading\">Ou\u00e7a a previs\u00e3o do tempo no boletim de r\u00e1dio da Defesa Civil<\/h2>\n<figure class=\"wp-block-embed is-type-rich is-provider-soundcloud wp-block-embed-soundcloud\">\n<p>\n<iframe loading=\"lazy\" title=\"Defesa Civil - Ter\u00e7a-Feira, dia 23\/06, o dia come\u00e7a com c\u00e9u nublado na maior parte do estado de S\u00e3o Paulo by Governo do Estado de S\u00e3o Paulo\" width=\"800\" height=\"400\" scrolling=\"no\" frameborder=\"no\" allow=\"autoplay; encrypted-media\" src=\"https:\/\/w.soundcloud.com\/player\/?visual=true&amp;url=https%3A%2F%2Fapi.soundcloud.com%2Ftracks%2F2344388237&amp;show_artwork=true&amp;maxheight=1000&amp;maxwidth=800\"><\/iframe>\n<\/p>\n<\/figure><\/div>\n<p><br \/>\n<br \/><a href=\"https:\/\/www.agenciasp.sp.gov.br\/previsao-do-tempo-para-terca-feira-23-em-sp-dia-comeca-com-ceu-nublado\/\" rel=\"noopener\">Informa\u00e7\u00f5es GOV.SP<\/a><\/p>\n","protected":false},"excerpt":{"rendered":"<p>Nesta ter\u00e7a-feira, o dia come\u00e7a com c\u00e9u nublado na maior parte do estado de S\u00e3o Paulo. Ao longo do per\u00edodo, h\u00e1 previs\u00e3o de pancadas isoladas de chuva, que podem vir acompanhadas de raios e rajadas de vento no leste e sudeste do estado, onde a chuva poder\u00e1 ocorrer de forma persistente em alguns momentos, favorecendo [&hellip;]<\/p>\n","protected":false},"author":1,"featured_media":47328,"comment_status":"","ping_status":"open","sticky":false,"template":"","format":"standard","meta":{"_jetpack_newsletter_access":"","_jetpack_dont_email_post_to_subs":false,"_jetpack_newsletter_tier_id":0,"_jetpack_memberships_contains_paywalled_content":false,"_mbp_banners":[],"_jetpack_feature_clip_id":0,"_jetpack_memberships_contains_paid_content":false,"footnotes":"","jetpack_publicize_message":"","jetpack_publicize_feature_enabled":true,"jetpack_social_post_already_shared":true,"jetpack_social_options":{"image_generator_settings":{"template":"highway","default_image_id":0,"font":"","enabled":false},"version":2},"jetpack_post_was_ever_published":false},"categories":[21],"tags":[],"class_list":["post-69976","post","type-post","status-publish","format-standard","has-post-thumbnail","category-sp-news"],"jetpack_publicize_connections":[],"jetpack-related-posts":[],"jetpack_shortlink":"https:\/\/wp.me\/p7Eq1F-icE","jetpack_sharing_enabled":true,"jetpack_featured_media_url":"https:\/\/i0.wp.com\/guialimeira.com.br\/news\/wp-content\/uploads\/2025\/10\/Previsao-do-tempo-para-quarta-feira-08-em-SP-tempo-instavel.jpg?fit=2560%2C1707&ssl=1","_links":{"self":[{"href":"https:\/\/guialimeira.com.br\/news\/wp-json\/wp\/v2\/posts\/69976","targetHints":{"allow":["GET"]}}],"collection":[{"href":"https:\/\/guialimeira.com.br\/news\/wp-json\/wp\/v2\/posts"}],"about":[{"href":"https:\/\/guialimeira.com.br\/news\/wp-json\/wp\/v2\/types\/post"}],"author":[{"embeddable":true,"href":"https:\/\/guialimeira.com.br\/news\/wp-json\/wp\/v2\/users\/1"}],"replies":[{"embeddable":true,"href":"https:\/\/guialimeira.com.br\/news\/wp-json\/wp\/v2\/comments?post=69976"}],"version-history":[{"count":0,"href":"https:\/\/guialimeira.com.br\/news\/wp-json\/wp\/v2\/posts\/69976\/revisions"}],"wp:featuredmedia":[{"embeddable":true,"href":"https:\/\/guialimeira.com.br\/news\/wp-json\/wp\/v2\/media\/47328"}],"wp:attachment":[{"href":"https:\/\/guialimeira.com.br\/news\/wp-json\/wp\/v2\/media?parent=69976"}],"wp:term":[{"taxonomy":"category","embeddable":true,"href":"https:\/\/guialimeira.com.br\/news\/wp-json\/wp\/v2\/categories?post=69976"},{"taxonomy":"post_tag","embeddable":true,"href":"https:\/\/guialimeira.com.br\/news\/wp-json\/wp\/v2\/tags?post=69976"}],"curies":[{"name":"wp","href":"https:\/\/api.w.org\/{rel}","templated":true}]}}