{"id":69972,"date":"2026-06-22T19:47:10","date_gmt":"2026-06-22T22:47:10","guid":{"rendered":"https:\/\/guialimeira.com.br\/regiao-de-franca-tem-150-vagas-de-emprego-disponiveis-veja-ocupacoes-mais-procuradas-por-empresas\/"},"modified":"2026-06-22T19:47:10","modified_gmt":"2026-06-22T22:47:10","slug":"regiao-de-franca-tem-150-vagas-de-emprego-disponiveis-veja-ocupacoes-mais-procuradas-por-empresas","status":"publish","type":"post","link":"https:\/\/guialimeira.com.br\/news\/regiao-de-franca-tem-150-vagas-de-emprego-disponiveis-veja-ocupacoes-mais-procuradas-por-empresas\/","title":{"rendered":"Regi\u00e3o de Franca tem 150 vagas de emprego dispon\u00edveis; veja ocupa\u00e7\u00f5es mais procuradas por empresas"},"content":{"rendered":"<p> <br \/>\n<br \/><img data-recalc-dims=\"1\" decoding=\"async\" src=\"https:\/\/i0.wp.com\/www.agenciasp.sp.gov.br\/wp-content\/uploads\/2025\/12\/54693060271_d001a714a6_k.jpg?w=696&#038;ssl=1\" \/><\/p>\n<div>\n<p class=\"wp-block-paragraph\">Os Postos de Atendimento ao Trabalhador (PATs) do Governo de S\u00e3o Paulo oferecem, nesta segunda-feira (22), 150 vagas de emprego na regi\u00e3o administrativa de Franca. A Secretaria de Desenvolvimento Econ\u00f4mico conta com mais de 200 unidades de atendimento espalhadas por todo o estado para auxiliar quem est\u00e1 em busca de emprego. Al\u00e9m dos PATs, os trabalhadores de S\u00e3o Paulo contam com o Trampolim, plataforma que re\u00fane vagas de emprego e cursos de qualifica\u00e7\u00e3o.<\/p>\n<p class=\"wp-block-paragraph\">As dez ocupa\u00e7\u00f5es com mais vagas oferecidas nesta regi\u00e3o s\u00e3o:<\/p>\n<ul class=\"wp-block-list\">\n<li>Operador de caixa: 24 vagas;<\/li>\n<li>Atendente de lojas e mercados: 16 vagas;<\/li>\n<li>Alimentador de linha de produ\u00e7\u00e3o: 11 vagas;<\/li>\n<li>Confeiteiro: 10 vagas;<\/li>\n<li>Repositor de mercadorias: 9 vagas;<\/li>\n<li>Vendedor de com\u00e9rcio varejista: 7 vagas;<\/li>\n<li>Assistente de vendas: 7 vagas;<\/li>\n<li>Ajudante de motorista: 6 vagas;<\/li>\n<li>Auxiliar de escrit\u00f3rio em geral: 4 vagas;<\/li>\n<li>* Operador de prensa de material recicl\u00e1vel: 4 vagas.<\/li>\n<\/ul>\n<p class=\"wp-block-paragraph\">Para usar um servi\u00e7o do PAT em seu munic\u00edpio, \u00e9 necess\u00e1rio levar RG, CPF e Carteira de Trabalho. Os endere\u00e7os podem ser conferidos\u00a0<a href=\"https:\/\/www.desenvolvimentoeconomico.sp.gov.br\/DesenvolvimentoEconomico\/institucional\/Programas\/pat_programa\" target=\"_blank\" rel=\"noopener\">neste link<\/a>.<\/p>\n<p class=\"wp-block-paragraph\">Al\u00e9m das vagas, os PATs oferecem atendimento e servi\u00e7os gratuitos para trabalhadores, como a habilita\u00e7\u00e3o ao Seguro-Desemprego. \u00c9 importante lembrar que as vagas podem ser preenchidas a qualquer momento e o n\u00famero pode variar ao longo do dia.<\/p>\n<p class=\"wp-block-paragraph\">Ao todo, o estado tem 13.161 vagas dispon\u00edveis nos PATs nesta segunda-feira (22). Veja abaixo o n\u00famero de vagas nas demais regi\u00f5es administrativas do estado:<\/p>\n<ul class=\"wp-block-list\">\n<li>Ara\u00e7atuba: 35 vagas;<\/li>\n<li>Barretos: 115 vagas;<\/li>\n<li>Bauru: 97 vagas;<\/li>\n<li>Campinas: 2.711 vagas;<\/li>\n<li>Itapeva: 139 vagas;<\/li>\n<li>Mar\u00edlia: 99 vagas;<\/li>\n<li>Presidente Prudente: 6 vagas;<\/li>\n<li>Central: 276 vagas;<\/li>\n<li>Ribeir\u00e3o Preto: 150 vagas;<\/li>\n<li>Santos: 181 vagas;<\/li>\n<li>Sorocaba: 1.473 vagas;<\/li>\n<li>S\u00e3o Jos\u00e9 do Rio Preto: 189 vagas;<\/li>\n<li>S\u00e3o Jos\u00e9 dos Campos: 612 vagas;<\/li>\n<li>S\u00e3o Paulo: 6.828 vagas.<\/li>\n<\/ul>\n<h3 class=\"wp-block-heading\">Trampolim<\/h3>\n<p class=\"wp-block-paragraph\">A plataforma Trampolim re\u00fane vagas de emprego e cursos de qualifica\u00e7\u00e3o em um s\u00f3 lugar. Por l\u00e1, o candidato pode aplicar filtros para vagas de acordo com a \u00e1rea e com a localiza\u00e7\u00e3o de sua prefer\u00eancia. Al\u00e9m disso, tamb\u00e9m encontra cursos de qualifica\u00e7\u00e3o para conseguir concorrer \u00e0s melhores vagas.<\/p>\n<p class=\"wp-block-paragraph\">O Trampolim \u00e9 uma plataforma digital gratuita. Al\u00e9m de apresentar uma curadoria de vagas de emprego e cursos, ela tamb\u00e9m oferece testes de habilidades e uma ferramenta para cria\u00e7\u00e3o de curr\u00edculo profissional.<\/p>\n<p class=\"wp-block-paragraph\">H\u00e1 tamb\u00e9m uma se\u00e7\u00e3o dedicada exclusivamente para o p\u00fablico idoso que busca recoloca\u00e7\u00e3o profissional. Por l\u00e1, o p\u00fablico 60+ consegue acessar microcr\u00e9dito e cursos de qualifica\u00e7\u00e3o profissional. Saiba mais no site do Trampolim.<\/p>\n<h3 class=\"wp-block-heading\">Postos de Atendimento ao Trabalhador<\/h3>\n<p class=\"wp-block-paragraph\">O Governo de S\u00e3o Paulo conta com mais de 200 Postos de Atendimento ao Trabalhador (PATs), presentes em todo o estado. O equipamento concentra servi\u00e7os gratuitos \u00e0 popula\u00e7\u00e3o, destinados \u00e0 gera\u00e7\u00e3o de emprego e renda.<\/p>\n<p class=\"wp-block-paragraph\">Os PATs realizam a intermedia\u00e7\u00e3o de m\u00e3o de obra. O objetivo \u00e9 promover a recoloca\u00e7\u00e3o do trabalhador no mercado de trabalho por meio de buscas junto ao Sistema Nacional de Emprego (SINE). Assim, o equipamento reduz os custos e o tempo de espera tanto para o trabalhador quanto para o empregador.<\/p>\n<p class=\"wp-block-paragraph\">Al\u00e9m disso, nos PATs, o cidad\u00e3o tamb\u00e9m encontra o servi\u00e7o de habilita\u00e7\u00e3o ao seguro-desemprego. Assim, o trabalhador desempregado tem acesso a assist\u00eancia financeira tempor\u00e1ria em virtude da dispensa sem justa causa.<\/p>\n<p class=\"wp-block-paragraph\">Para atendimento nas unidades, deve-se comparecer diretamente ao Posto mais pr\u00f3ximo com RG, CPF e Carteira de Trabalho. Os endere\u00e7os est\u00e3o dispon\u00edveis\u00a0<a href=\"https:\/\/www.desenvolvimentoeconomico.sp.gov.br\/DesenvolvimentoEconomico\/institucional\/Programas\/pat_programa\" target=\"_blank\" rel=\"noopener\">neste link<\/a>.<\/p>\n<\/p><\/div>\n<p><br \/>\n<br \/><a href=\"https:\/\/www.agenciasp.sp.gov.br\/regiao-de-franca-tem-150-vagas-de-emprego-disponiveis-veja-ocupacoes-mais-procuradas-por-empresas\/\" rel=\"noopener\">Informa\u00e7\u00f5es GOV.SP<\/a><\/p>\n","protected":false},"excerpt":{"rendered":"<p>Os Postos de Atendimento ao Trabalhador (PATs) do Governo de S\u00e3o Paulo oferecem, nesta segunda-feira (22), 150 vagas de emprego na regi\u00e3o administrativa de Franca. A Secretaria de Desenvolvimento Econ\u00f4mico conta com mais de 200 unidades de atendimento espalhadas por todo o estado para auxiliar quem est\u00e1 em busca de emprego. Al\u00e9m dos PATs, os [&hellip;]<\/p>\n","protected":false},"author":1,"featured_media":52725,"comment_status":"","ping_status":"open","sticky":false,"template":"","format":"standard","meta":{"_jetpack_newsletter_access":"","_jetpack_dont_email_post_to_subs":false,"_jetpack_newsletter_tier_id":0,"_jetpack_memberships_contains_paywalled_content":false,"_mbp_banners":[],"_jetpack_feature_clip_id":0,"_jetpack_memberships_contains_paid_content":false,"footnotes":"","jetpack_publicize_message":"","jetpack_publicize_feature_enabled":true,"jetpack_social_post_already_shared":true,"jetpack_social_options":{"image_generator_settings":{"template":"highway","default_image_id":0,"font":"","enabled":false},"version":2},"jetpack_post_was_ever_published":false},"categories":[21],"tags":[],"class_list":["post-69972","post","type-post","status-publish","format-standard","has-post-thumbnail","category-sp-news"],"jetpack_publicize_connections":[],"jetpack-related-posts":[],"jetpack_shortlink":"https:\/\/wp.me\/p7Eq1F-icA","jetpack_sharing_enabled":true,"jetpack_featured_media_url":"https:\/\/i0.wp.com\/guialimeira.com.br\/news\/wp-content\/uploads\/2026\/01\/Regiao-de-Aracatuba-tem-130-vagas-de-emprego-disponiveis-veja.jpg?fit=2048%2C1365&ssl=1","_links":{"self":[{"href":"https:\/\/guialimeira.com.br\/news\/wp-json\/wp\/v2\/posts\/69972","targetHints":{"allow":["GET"]}}],"collection":[{"href":"https:\/\/guialimeira.com.br\/news\/wp-json\/wp\/v2\/posts"}],"about":[{"href":"https:\/\/guialimeira.com.br\/news\/wp-json\/wp\/v2\/types\/post"}],"author":[{"embeddable":true,"href":"https:\/\/guialimeira.com.br\/news\/wp-json\/wp\/v2\/users\/1"}],"replies":[{"embeddable":true,"href":"https:\/\/guialimeira.com.br\/news\/wp-json\/wp\/v2\/comments?post=69972"}],"version-history":[{"count":0,"href":"https:\/\/guialimeira.com.br\/news\/wp-json\/wp\/v2\/posts\/69972\/revisions"}],"wp:featuredmedia":[{"embeddable":true,"href":"https:\/\/guialimeira.com.br\/news\/wp-json\/wp\/v2\/media\/52725"}],"wp:attachment":[{"href":"https:\/\/guialimeira.com.br\/news\/wp-json\/wp\/v2\/media?parent=69972"}],"wp:term":[{"taxonomy":"category","embeddable":true,"href":"https:\/\/guialimeira.com.br\/news\/wp-json\/wp\/v2\/categories?post=69972"},{"taxonomy":"post_tag","embeddable":true,"href":"https:\/\/guialimeira.com.br\/news\/wp-json\/wp\/v2\/tags?post=69972"}],"curies":[{"name":"wp","href":"https:\/\/api.w.org\/{rel}","templated":true}]}}