{"id":69960,"date":"2026-06-22T17:45:04","date_gmt":"2026-06-22T20:45:04","guid":{"rendered":"https:\/\/guialimeira.com.br\/carretas-do-caminho-da-capacitacao-chegam-a-zona-leste-de-sao-paulo-com-mais-de-2-mil-vagas-gratuitas\/"},"modified":"2026-06-22T17:45:04","modified_gmt":"2026-06-22T20:45:04","slug":"carretas-do-caminho-da-capacitacao-chegam-a-zona-leste-de-sao-paulo-com-mais-de-2-mil-vagas-gratuitas","status":"publish","type":"post","link":"https:\/\/guialimeira.com.br\/news\/carretas-do-caminho-da-capacitacao-chegam-a-zona-leste-de-sao-paulo-com-mais-de-2-mil-vagas-gratuitas\/","title":{"rendered":"Carretas do Caminho da Capacita\u00e7\u00e3o chegam \u00e0 zona leste de S\u00e3o Paulo com mais de 2 mil vagas gratuitas"},"content":{"rendered":"<p> <br \/>\n<br \/><img data-recalc-dims=\"1\" decoding=\"async\" src=\"https:\/\/i0.wp.com\/www.agenciasp.sp.gov.br\/wp-content\/uploads\/2026\/06\/WhatsApp-Image-2026-06-22-at-17.16.37.jpeg?w=696&#038;ssl=1\" \/><\/p>\n<div>\n<p class=\"wp-block-paragraph\">O Caminho da Capacita\u00e7\u00e3o, programa do Fundo Social de S\u00e3o Paulo, inicia nesta segunda-feira (22) seu 23\u00ba ciclo com a chegada das carretas de qualifica\u00e7\u00e3o profissional \u00e0 Zona Leste da capital paulista. Ao todo, s\u00e3o 2.078 vagas gratuitas em cursos voltados \u00e0 gera\u00e7\u00e3o de renda e \u00e0 inser\u00e7\u00e3o no mercado de trabalho, com aulas previstas at\u00e9 2 de julho. Quem ainda n\u00e3o realizou a inscri\u00e7\u00e3o tem at\u00e9 esta ter\u00e7a-feira (23) para garantir uma oportunidade.<\/p>\n<p class=\"wp-block-paragraph\">Nesta etapa, as unidades m\u00f3veis do programa est\u00e3o distribu\u00eddas em 18 Centros Educacionais Unificados (CEUs) e quatro subprefeituras da regi\u00e3o. O ciclo tamb\u00e9m conta com a participa\u00e7\u00e3o de 14 Organiza\u00e7\u00f5es da Sociedade Civil (OSCs) parceiras, que oferecem turmas na modalidade fixa. Ao todo, os participantes podem escolher forma\u00e7\u00f5es em \u00e1reas como gastronomia, tecnologia, administra\u00e7\u00e3o, beleza e bem-estar, moda, constru\u00e7\u00e3o civil, entre outras.<\/p>\n<p class=\"wp-block-paragraph\">Com carga hor\u00e1ria de 40 horas, os cursos s\u00e3o ministrados por profissionais capacitados e oferecem aos alunos uma forma\u00e7\u00e3o pr\u00e1tica, alinhada \u00e0s demandas do mercado. Ao final da capacita\u00e7\u00e3o, os participantes que conclu\u00edrem a jornada recebem certificado oficial em cerim\u00f4nia de formatura.<\/p>\n<h3 class=\"wp-block-heading\">Locais de atendimento<\/h3>\n<p class=\"wp-block-paragraph\"><strong>CEUs<\/strong><\/p>\n<p class=\"wp-block-paragraph\">CEU \u00c1gua Azul<br \/>Unidade: Manuten\u00e7\u00e3o de Motos<br \/>Avenida dos Metal\u00fargicos, n\u00ba 1.300 \u2013 Cidade Tiradentes<\/p>\n<p class=\"wp-block-paragraph\">CEU In\u00e1cio Monteiro<br \/>Unidades: Imagem Pessoal e Costura Criativa<br \/>Rua Bar\u00e3o Barroso do Amazonas, s\/n \u2013 Conj. Hab. In\u00e1cio Monteiro<\/p>\n<p class=\"wp-block-paragraph\">CEU Barro Branco<br \/>Unidade: Beleza e Est\u00e9tica<br \/>Rua Numa Pomp\u00edlio, s\/n \u2013 Barro Branco, Cidade Tiradentes<\/p>\n<p class=\"wp-block-paragraph\">CEU Jambeiro<br \/>Unidade: Soldagem<br \/>Avenida Jos\u00e9 Pinheiro Borges, n\u00ba 60 \u2013 Guaianases<\/p>\n<p class=\"wp-block-paragraph\">CEU Aricanduva<br \/>Unidades: Soldagem e Hospitalidade<br \/>Port\u00e3o 5 \u2013 Avenida Aricanduva, s\/n<br \/>Rua Olga Fadel Abarca, s\/n<\/p>\n<p class=\"wp-block-paragraph\">CEU Azul da Cor do Mar<br \/>Unidade: Pet<br \/>Avenida Ernesto Souza Cruz, n\u00ba 2171 \u2013 Cidade Ant\u00f4nio Est\u00eav\u00e3o de Carvalho (portaria 2)<\/p>\n<p class=\"wp-block-paragraph\">CEU Jos\u00e9 Bonif\u00e1cio \/ S\u00e3o Pedro<br \/>Unidade: Confec\u00e7\u00e3o Industrial<br \/>Rua Professora Lucila Cerqueira, n\u00ba 194 \u2013 Jardim S\u00e3o Pedro (port\u00e3o 4)<\/p>\n<p class=\"wp-block-paragraph\">CEU Rei Pel\u00e9<br \/>Unidade: Cuidador de Idosos<br \/>Rua Camap\u00fa \u2013 Jardim Santa Maria \u2013 Cidade L\u00edder<\/p>\n<p class=\"wp-block-paragraph\">CEU Parque Veredas<br \/>Unidade: Pet<br \/>Rua Junco Florido, n\u00ba 187 \u2013 Ch\u00e1cara Dona Olivia<\/p>\n<p class=\"wp-block-paragraph\">CEU Tr\u00eas Pontes<br \/>Unidades: Manuten\u00e7\u00e3o de Motos e Panifica\u00e7\u00e3o e A\u00e7ougue<br \/>Rua Capach\u00f3s, n\u00ba 400 \u2013 Jardim C\u00e9lia<\/p>\n<p class=\"wp-block-paragraph\">CEU Vila Curu\u00e7\u00e1<br \/>Unidade: Beleza e Est\u00e9tica<br \/>Avenida Marechal Titto, n\u00ba 3452 \u2013 Itaim Paulista<\/p>\n<p class=\"wp-block-paragraph\">CEU Arthur Alvim<br \/>Unidade: Panifica\u00e7\u00e3o e A\u00e7ougue<br \/>Avenida Sylvio Torres, n\u00ba 195 \u2013 Bairro Arthur Alvim<\/p>\n<p class=\"wp-block-paragraph\">CEU Quinta do Sol<br \/>Unidade: Imagem Pessoal<br \/>Avenida Luis Imparato<\/p>\n<p class=\"wp-block-paragraph\">CEU Padre Tic\u00e3o<br \/>Unidade: Confec\u00e7\u00e3o Industrial<br \/>Rua Reverendo Jo\u00e3o Euclides Pereira, n\u00ba 308 \u2013 Jardim Matarazzo<\/p>\n<p class=\"wp-block-paragraph\">CEU Alto Alegre<br \/>Unidade: Pet<br \/>Avenida Bento Guelfi, portaria 2<\/p>\n<p class=\"wp-block-paragraph\">CEU Papa Francisco<br \/>Unidade: Costura Criativa<br \/>Rua Ant\u00f4nio L\u00e1zaro, s\/n \u2013 esquina com Rua Pedro de Castro Velho<\/p>\n<p class=\"wp-block-paragraph\">CEU Rosa da China<br \/>Unidades: Cuidador de Idosos e Imagem Pessoal<br \/>Rua Clara Petrela, n\u00ba 113 \u2013 Sapopemba<\/p>\n<p class=\"wp-block-paragraph\">CEU S\u00e3o Mateus<br \/>Unidade: Panifica\u00e7\u00e3o<br \/>Rua Curumatim, n\u00ba 201 \u2013 S\u00e3o Mateus<\/p>\n<h3 class=\"wp-block-heading\">Subprefeituras<\/h3>\n<p class=\"wp-block-paragraph\">Subprefeitura de Itaim Paulista<br \/>Unidade: Tecnologia<br \/>Avenida Marechal Tito, n\u00ba 3012 \u2013 Itaim Paulista<\/p>\n<p class=\"wp-block-paragraph\">Subprefeitura de Sapopemba<br \/>Unidade: Tecnologia<br \/>Avenida Sapopemba, n\u00ba 9064 \u2013 Jardim Adutora<\/p>\n<p class=\"wp-block-paragraph\">Subprefeitura de S\u00e3o Miguel Paulista<br \/>Unidade: Gastronomia<br \/>Rua Severina de Souza, n\u00ba 60 \u2013 S\u00e3o Miguel Paulista (Mercado Am\u00e9rico Sugai)<\/p>\n<h3 class=\"wp-block-heading\">Organiza\u00e7\u00f5es da Sociedade Civil (OSCs)<\/h3>\n<p class=\"wp-block-paragraph\">As forma\u00e7\u00f5es tamb\u00e9m s\u00e3o oferecidas por organiza\u00e7\u00f5es sociais parceiras:<\/p>\n<ul class=\"wp-block-list\">\n<li>Instituto Rainha da Paz<\/li>\n<li>Associa\u00e7\u00e3o Uni\u00e3o de Amigos do Jardim S\u00e3o Francisco e Jardim Rodolfo Pirani<\/li>\n<li>Associa\u00e7\u00e3o Sonhar e Viver<\/li>\n<li>Instituto Filhos e Filhas Dorcas<\/li>\n<li>Associa\u00e7\u00e3o Beneficente Divina Gra\u00e7a<\/li>\n<li>Associa\u00e7\u00e3o dos Moradores do Jardim Aurea<\/li>\n<li>Projeto Povo da Periferia<\/li>\n<li>ONG Casa de Lei<\/li>\n<li>For\u00e7a de Mulher<\/li>\n<li>Funda\u00e7\u00e3o Comunidade da Gra\u00e7a \u2013 Rede Comunita<\/li>\n<li>Centro Beneficente de Assist\u00eancia Social (CBAS)<\/li>\n<li>CEBECH Barro Branco<\/li>\n<li>Centro Comunit\u00e1rio Beneficente Conj. Hab. Castro Alves e Adjacentes<\/li>\n<li>Associa\u00e7\u00e3o M\u00e3o no Arado<\/li>\n<\/ul>\n<h3 class=\"wp-block-heading\">Inscri\u00e7\u00f5es<\/h3>\n<p class=\"wp-block-paragraph\">As inscri\u00e7\u00f5es s\u00e3o gratuitas e podem ser realizadas pelo site cursofussp.sp.gov.br.<\/p>\n<p class=\"wp-block-paragraph\">Os cursos s\u00e3o destinados prioritariamente a pessoas em situa\u00e7\u00e3o de vulnerabilidade social, como desempregados, benefici\u00e1rios de programas sociais e mulheres respons\u00e1veis pelo sustento da fam\u00edlia. A idade m\u00ednima varia conforme a modalidade, podendo ser de 14, 16 ou 18 anos.<\/p>\n<h3 class=\"wp-block-heading\">Sobre o programa<\/h3>\n<p class=\"wp-block-paragraph\">Promovido pelo Fundo Social de S\u00e3o Paulo, o Caminho da Capacita\u00e7\u00e3o integra o programa SuperA\u00e7\u00e3o SP, pol\u00edtica p\u00fablica do Governo do Estado voltada \u00e0 supera\u00e7\u00e3o da pobreza.<\/p>\n<p class=\"wp-block-paragraph\">Desde o lan\u00e7amento, a iniciativa j\u00e1 formou mais de 16,5 mil alunos em 299 munic\u00edpios paulistas, levando capacita\u00e7\u00e3o gratuita e novas perspectivas de gera\u00e7\u00e3o de renda para todas as regi\u00f5es do Estado.<\/p>\n<p class=\"wp-block-paragraph\">Mais informa\u00e7\u00f5es sobre cursos, locais e cronogramas est\u00e3o dispon\u00edveis em: www.caminhodacapacitacao.sp.gov.br.<\/p>\n<\/p><\/div>\n<p><br \/>\n<br \/><a href=\"https:\/\/www.agenciasp.sp.gov.br\/carretas-do-caminho-da-capacitacao-chegam-a-zona-leste-de-sao-paulo-com-mais-de-2-mil-vagas-gratuitas\/\" rel=\"noopener\">Informa\u00e7\u00f5es GOV.SP<\/a><\/p>\n","protected":false},"excerpt":{"rendered":"<p>O Caminho da Capacita\u00e7\u00e3o, programa do Fundo Social de S\u00e3o Paulo, inicia nesta segunda-feira (22) seu 23\u00ba ciclo com a chegada das carretas de qualifica\u00e7\u00e3o profissional \u00e0 Zona Leste da capital paulista. Ao todo, s\u00e3o 2.078 vagas gratuitas em cursos voltados \u00e0 gera\u00e7\u00e3o de renda e \u00e0 inser\u00e7\u00e3o no mercado de trabalho, com aulas previstas [&hellip;]<\/p>\n","protected":false},"author":1,"featured_media":69961,"comment_status":"","ping_status":"open","sticky":false,"template":"","format":"standard","meta":{"_jetpack_newsletter_access":"","_jetpack_dont_email_post_to_subs":false,"_jetpack_newsletter_tier_id":0,"_jetpack_memberships_contains_paywalled_content":false,"_mbp_banners":[],"_jetpack_feature_clip_id":0,"_jetpack_memberships_contains_paid_content":false,"footnotes":"","jetpack_publicize_message":"","jetpack_publicize_feature_enabled":true,"jetpack_social_post_already_shared":true,"jetpack_social_options":{"image_generator_settings":{"template":"highway","default_image_id":0,"font":"","enabled":false},"version":2},"jetpack_post_was_ever_published":false},"categories":[21],"tags":[],"class_list":["post-69960","post","type-post","status-publish","format-standard","has-post-thumbnail","category-sp-news"],"jetpack_publicize_connections":[],"jetpack-related-posts":[],"jetpack_shortlink":"https:\/\/wp.me\/p7Eq1F-ico","jetpack_sharing_enabled":true,"jetpack_featured_media_url":"https:\/\/i0.wp.com\/guialimeira.com.br\/news\/wp-content\/uploads\/2026\/06\/Carretas-do-Caminho-da-Capacitacao-chegam-a-zona-leste-de.jpeg?fit=1600%2C1066&ssl=1","_links":{"self":[{"href":"https:\/\/guialimeira.com.br\/news\/wp-json\/wp\/v2\/posts\/69960","targetHints":{"allow":["GET"]}}],"collection":[{"href":"https:\/\/guialimeira.com.br\/news\/wp-json\/wp\/v2\/posts"}],"about":[{"href":"https:\/\/guialimeira.com.br\/news\/wp-json\/wp\/v2\/types\/post"}],"author":[{"embeddable":true,"href":"https:\/\/guialimeira.com.br\/news\/wp-json\/wp\/v2\/users\/1"}],"replies":[{"embeddable":true,"href":"https:\/\/guialimeira.com.br\/news\/wp-json\/wp\/v2\/comments?post=69960"}],"version-history":[{"count":0,"href":"https:\/\/guialimeira.com.br\/news\/wp-json\/wp\/v2\/posts\/69960\/revisions"}],"wp:featuredmedia":[{"embeddable":true,"href":"https:\/\/guialimeira.com.br\/news\/wp-json\/wp\/v2\/media\/69961"}],"wp:attachment":[{"href":"https:\/\/guialimeira.com.br\/news\/wp-json\/wp\/v2\/media?parent=69960"}],"wp:term":[{"taxonomy":"category","embeddable":true,"href":"https:\/\/guialimeira.com.br\/news\/wp-json\/wp\/v2\/categories?post=69960"},{"taxonomy":"post_tag","embeddable":true,"href":"https:\/\/guialimeira.com.br\/news\/wp-json\/wp\/v2\/tags?post=69960"}],"curies":[{"name":"wp","href":"https:\/\/api.w.org\/{rel}","templated":true}]}}