{"id":69948,"date":"2026-06-22T17:12:13","date_gmt":"2026-06-22T20:12:13","guid":{"rendered":"https:\/\/guialimeira.com.br\/biblioteca-municipal-de-limeira-tera-alteracao-no-horario-de-funcionamento-nesta-quarta-feira\/"},"modified":"2026-06-22T17:12:13","modified_gmt":"2026-06-22T20:12:13","slug":"biblioteca-municipal-de-limeira-tera-alteracao-no-horario-de-funcionamento-nesta-quarta-feira","status":"publish","type":"post","link":"https:\/\/guialimeira.com.br\/news\/biblioteca-municipal-de-limeira-tera-alteracao-no-horario-de-funcionamento-nesta-quarta-feira\/","title":{"rendered":"Biblioteca Municipal de Limeira ter\u00e1 altera\u00e7\u00e3o no hor\u00e1rio de funcionamento nesta quarta-feira"},"content":{"rendered":"<p> <br \/>\n<br \/><img data-recalc-dims=\"1\" decoding=\"async\" src=\"https:\/\/i0.wp.com\/ecrie.com.br\/sistema\/conteudos\/imagem\/m_137_0_1_22062026162107.jpg?w=696&#038;ssl=1\" \/><\/p>\n<div>A Prefeitura de Limeira informa que a Biblioteca Municipal &#8220;Prof&ordm; Jo&atilde;o de Sousa Ferraz&#8221;, localizada no Parque Cidade, ter&aacute; uma altera&ccedil;&atilde;o excepcional em seu hor&aacute;rio de expediente nesta quarta-feira (24), em virtude da realiza&ccedil;&atilde;o do jogo da Sele&ccedil;&atilde;o Brasileira.<\/div>\n<div>&nbsp;<\/div>\n<div>Para garantir o atendimento aos usu&aacute;rios e adequar o cronograma &agrave;s movimenta&ccedil;&otilde;es da partida, o espa&ccedil;o funcionar&aacute; das 8h &agrave;s 18h. Com a mudan&ccedil;a, o local fechar&aacute; as portas uma hora mais cedo do que o habitual &agrave;s quartas-feiras.<\/div>\n<div>&nbsp;<\/div>\n<div>O comunicado visa alertar os frequentadores ass&iacute;duos, estudantes e leitores que utilizam a estrutura para pesquisas, empr&eacute;stimos e estudos, permitindo que todos se programem antecipadamente para as atividades do dia. Na quinta-feira (25), o atendimento ao p&uacute;blico retorna ao seu hor&aacute;rio padr&atilde;o (das 8h &agrave;s 17h).<\/div>\n<p><br \/>\n<br \/><a href=\"https:\/\/limeira.sp.gov.br\/biblioteca-municipal-de-limeira-tera-alteracao-no-horario-de-funcionamento-nesta-quarta-feira\" rel=\"noopener\">Informa\u00e7\u00f5es da PML <\/a><\/p>\n","protected":false},"excerpt":{"rendered":"<p>A Prefeitura de Limeira informa que a Biblioteca Municipal &#8220;Prof&ordm; Jo&atilde;o de Sousa Ferraz&#8221;, localizada no Parque Cidade, ter&aacute; uma altera&ccedil;&atilde;o excepcional em seu hor&aacute;rio de expediente nesta quarta-feira (24), em virtude da realiza&ccedil;&atilde;o do jogo da Sele&ccedil;&atilde;o Brasileira. &nbsp; Para garantir o atendimento aos usu&aacute;rios e adequar o cronograma &agrave;s movimenta&ccedil;&otilde;es da partida, o [&hellip;]<\/p>\n","protected":false},"author":1,"featured_media":69949,"comment_status":"","ping_status":"open","sticky":false,"template":"","format":"standard","meta":{"_jetpack_newsletter_access":"","_jetpack_dont_email_post_to_subs":false,"_jetpack_newsletter_tier_id":0,"_jetpack_memberships_contains_paywalled_content":false,"_mbp_banners":[],"_jetpack_feature_clip_id":0,"_jetpack_memberships_contains_paid_content":false,"footnotes":"","jetpack_publicize_message":"","jetpack_publicize_feature_enabled":true,"jetpack_social_post_already_shared":true,"jetpack_social_options":{"image_generator_settings":{"template":"highway","default_image_id":0,"font":"","enabled":false},"version":2},"jetpack_post_was_ever_published":false},"categories":[16],"tags":[],"class_list":["post-69948","post","type-post","status-publish","format-standard","has-post-thumbnail","category-local"],"jetpack_publicize_connections":[],"jetpack-related-posts":[],"jetpack_shortlink":"https:\/\/wp.me\/p7Eq1F-icc","jetpack_sharing_enabled":true,"jetpack_featured_media_url":"https:\/\/i0.wp.com\/guialimeira.com.br\/news\/wp-content\/uploads\/2026\/06\/m_137_0_1_22062026162107.jpg?fit=900%2C506&ssl=1","_links":{"self":[{"href":"https:\/\/guialimeira.com.br\/news\/wp-json\/wp\/v2\/posts\/69948","targetHints":{"allow":["GET"]}}],"collection":[{"href":"https:\/\/guialimeira.com.br\/news\/wp-json\/wp\/v2\/posts"}],"about":[{"href":"https:\/\/guialimeira.com.br\/news\/wp-json\/wp\/v2\/types\/post"}],"author":[{"embeddable":true,"href":"https:\/\/guialimeira.com.br\/news\/wp-json\/wp\/v2\/users\/1"}],"replies":[{"embeddable":true,"href":"https:\/\/guialimeira.com.br\/news\/wp-json\/wp\/v2\/comments?post=69948"}],"version-history":[{"count":0,"href":"https:\/\/guialimeira.com.br\/news\/wp-json\/wp\/v2\/posts\/69948\/revisions"}],"wp:featuredmedia":[{"embeddable":true,"href":"https:\/\/guialimeira.com.br\/news\/wp-json\/wp\/v2\/media\/69949"}],"wp:attachment":[{"href":"https:\/\/guialimeira.com.br\/news\/wp-json\/wp\/v2\/media?parent=69948"}],"wp:term":[{"taxonomy":"category","embeddable":true,"href":"https:\/\/guialimeira.com.br\/news\/wp-json\/wp\/v2\/categories?post=69948"},{"taxonomy":"post_tag","embeddable":true,"href":"https:\/\/guialimeira.com.br\/news\/wp-json\/wp\/v2\/tags?post=69948"}],"curies":[{"name":"wp","href":"https:\/\/api.w.org\/{rel}","templated":true}]}}