{"id":69946,"date":"2026-06-22T17:07:08","date_gmt":"2026-06-22T20:07:08","guid":{"rendered":"https:\/\/guialimeira.com.br\/prefeitura-promove-formacao-antirracista-para-servidores-municipais\/"},"modified":"2026-06-22T17:07:08","modified_gmt":"2026-06-22T20:07:08","slug":"prefeitura-promove-formacao-antirracista-para-servidores-municipais","status":"publish","type":"post","link":"https:\/\/guialimeira.com.br\/news\/prefeitura-promove-formacao-antirracista-para-servidores-municipais\/","title":{"rendered":"Prefeitura promove forma\u00e7\u00e3o antirracista para servidores municipais"},"content":{"rendered":"<p> <br \/>\n<\/p>\n<div>\n                <main class=\"\">&#13;<br \/>\n                    &#13;<br \/>\n&#13;<br \/>\n&#13;<br \/>\n&#13;<br \/>\n&#13;<br \/>\n&#13;<br \/>\n    <img data-recalc-dims=\"1\" decoding=\"async\" src=\"https:\/\/i0.wp.com\/ecrie.com.br\/sistema\/conteudos\/imagem\/m_137_1_2_22062026163307.jpeg?w=696&#038;ssl=1\" alt=\"Prefeitura promove forma\u00e7\u00e3o antirracista para servidores municipais\"\/>&#13;<br \/>\n&#13;<br \/>\n&#13;<\/p>\n<p>A Prefeitura de Limeira realizou, na \u00faltima sexta-feira (19), uma forma\u00e7\u00e3o antirracista voltada a servidores municipais. Participaram da atividade 20 servidores p\u00fablicos representantes de 11 secretarias, entre eles secret\u00e1rios municipais, e do Cedeca. O encontro teve como objetivo ampliar o conhecimento sobre as diferentes manifesta\u00e7\u00f5es do racismo e contribuir para a constru\u00e7\u00e3o de ambientes mais inclusivos no servi\u00e7o p\u00fablico.<\/p>\n<p>&#13;<\/p>\n<p>\u00a0<\/p>\n<p>&#13;<\/p>\n<p>A iniciativa foi promovida pelo Departamento de Promo\u00e7\u00e3o da Igualdade Racial (DPIR), da Secretaria de Cultura, no audit\u00f3rio do N\u00facleo de Atendimento ao Cidad\u00e3o (NAC). Durante a forma\u00e7\u00e3o, foram abordados aspectos hist\u00f3ricos e conceituais relacionados ao racismo estrutural, institucional e recreativo, estimulando a reflex\u00e3o sobre situa\u00e7\u00f5es do cotidiano e a ado\u00e7\u00e3o de pr\u00e1ticas antirracistas no ambiente de trabalho.<\/p>\n<p>&#13;<\/p>\n<p>\u00a0<\/p>\n<p>&#13;<\/p>\n<p>Para a diretora do DPIR, Ana Lu\u00edsa de Luca Hebling, a iniciativa marca o in\u00edcio de um processo permanente de forma\u00e7\u00e3o. &#8220;Esse \u00e9 apenas o come\u00e7o. Novas turmas ser\u00e3o reunidas para ampliar as forma\u00e7\u00f5es no servi\u00e7o p\u00fablico, fortalecendo uma rede de servidores comprometidos com a promo\u00e7\u00e3o da igualdade racial e preparados para atuar como multiplicadores&#8221;, destacou.<\/p>\n<p>&#13;<\/p>\n<p>\u00a0<\/p>\n<p>&#13;<\/p>\n<p>A programa\u00e7\u00e3o contou ainda com a participa\u00e7\u00e3o da diretora pedag\u00f3gica da Secretaria de Educa\u00e7\u00e3o, Prof\u00aa Dra. Helenice Magalh\u00e3es, que explanou sobre letramento racial, equidade e autodeclara\u00e7\u00e3o racial, destacando sua import\u00e2ncia na implementa\u00e7\u00e3o de pol\u00edticas p\u00fablicas voltadas \u00e0 igualdade racial.<\/p>\n<p>&#13;<\/p>\n<p>\u00a0<\/p>\n<p>&#13;<\/p>\n<p>A Prof\u00aa Dra. Helenice Magalh\u00e3es ressaltou que compreender a autodeclara\u00e7\u00e3o racial \u00e9 fundamental para garantir direitos e orientar pol\u00edticas p\u00fablicas. &#8220;Tratar do letramento racial, da equidade e da autodeclara\u00e7\u00e3o \u00e9 fundamental para aprofundar conhecimentos e fortalecer pr\u00e1ticas institucionais voltadas ao enfrentamento das desigualdades raciais, destacando a import\u00e2ncia da produ\u00e7\u00e3o e qualifica\u00e7\u00e3o dos dados, inclusive em sistemas como o SUS, para subsidiar pol\u00edticas p\u00fablicas mais justas e efetivas&#8221;, disse.<\/p>\n<p>&#13;<\/p>\n<p>\u00a0<\/p>\n<p>&#13;<\/p>\n<p>A a\u00e7\u00e3o integra as iniciativas desenvolvidas pela Prefeitura de Limeira para fortalecer a promo\u00e7\u00e3o da igualdade racial e incentivar a constru\u00e7\u00e3o de uma administra\u00e7\u00e3o p\u00fablica cada vez mais inclusiva e comprometida com o enfrentamento \u00e0 discrimina\u00e7\u00e3o racial.<\/p>\n<p>&#13;<\/p>\n<p><img data-recalc-dims=\"1\" decoding=\"async\" src=\"https:\/\/i0.wp.com\/ecrie.com.br\/sistema\/conteudos\/imagem\/g_137_2_1_22062026163307.jpeg?w=696&#038;ssl=1\" alt=\"formacaoservidores1\"\/><\/p>\n<p>&#13;<\/p>\n<p><img data-recalc-dims=\"1\" decoding=\"async\" src=\"https:\/\/i0.wp.com\/ecrie.com.br\/sistema\/conteudos\/imagem\/g_137_0_3_22062026163307.jpeg?w=696&#038;ssl=1\" alt=\"formacaoservidores2\"\/><\/p>\n<p>&#13;<br \/>\n&#13;<br \/>\n&#13;<br \/>\n&#13;<\/p>\n<article class=\"conteudo-relacionado no-print\">&#13;<br \/>\n        &#13;<br \/>\n&#13;<br \/>\n        &#13;<br \/>\n    <\/article>\n<p>&#13;<br \/>\n&#13;<br \/>\n                <\/main><\/p><\/div>\n<p><br \/>\n<br \/><a href=\"https:\/\/limeira.sp.gov.br\/prefeitura-promove-formacao-antirracista-para-servidores-municipais\" rel=\"noopener\">Informa\u00e7\u00f5es da PML <\/a><\/p>\n","protected":false},"excerpt":{"rendered":"<p>&#13; &#13; &#13; &#13; &#13; &#13; &#13; &#13; &#13; &#13; A Prefeitura de Limeira realizou, na \u00faltima sexta-feira (19), uma forma\u00e7\u00e3o antirracista voltada a servidores municipais. Participaram da atividade 20 servidores p\u00fablicos representantes de 11 secretarias, entre eles secret\u00e1rios municipais, e do Cedeca. O encontro teve como objetivo ampliar o conhecimento sobre as diferentes manifesta\u00e7\u00f5es [&hellip;]<\/p>\n","protected":false},"author":1,"featured_media":69947,"comment_status":"","ping_status":"open","sticky":false,"template":"","format":"standard","meta":{"_jetpack_newsletter_access":"","_jetpack_dont_email_post_to_subs":false,"_jetpack_newsletter_tier_id":0,"_jetpack_memberships_contains_paywalled_content":false,"_mbp_banners":[],"_jetpack_feature_clip_id":0,"_jetpack_memberships_contains_paid_content":false,"footnotes":"","jetpack_publicize_message":"","jetpack_publicize_feature_enabled":true,"jetpack_social_post_already_shared":true,"jetpack_social_options":{"image_generator_settings":{"template":"highway","default_image_id":0,"font":"","enabled":false},"version":2},"jetpack_post_was_ever_published":false},"categories":[16],"tags":[],"class_list":["post-69946","post","type-post","status-publish","format-standard","has-post-thumbnail","category-local"],"jetpack_publicize_connections":[],"jetpack-related-posts":[],"jetpack_shortlink":"https:\/\/wp.me\/p7Eq1F-ica","jetpack_sharing_enabled":true,"jetpack_featured_media_url":"https:\/\/i0.wp.com\/guialimeira.com.br\/news\/wp-content\/uploads\/2026\/06\/m_137_1_2_22062026163307.jpeg?fit=1024%2C576&ssl=1","_links":{"self":[{"href":"https:\/\/guialimeira.com.br\/news\/wp-json\/wp\/v2\/posts\/69946","targetHints":{"allow":["GET"]}}],"collection":[{"href":"https:\/\/guialimeira.com.br\/news\/wp-json\/wp\/v2\/posts"}],"about":[{"href":"https:\/\/guialimeira.com.br\/news\/wp-json\/wp\/v2\/types\/post"}],"author":[{"embeddable":true,"href":"https:\/\/guialimeira.com.br\/news\/wp-json\/wp\/v2\/users\/1"}],"replies":[{"embeddable":true,"href":"https:\/\/guialimeira.com.br\/news\/wp-json\/wp\/v2\/comments?post=69946"}],"version-history":[{"count":0,"href":"https:\/\/guialimeira.com.br\/news\/wp-json\/wp\/v2\/posts\/69946\/revisions"}],"wp:featuredmedia":[{"embeddable":true,"href":"https:\/\/guialimeira.com.br\/news\/wp-json\/wp\/v2\/media\/69947"}],"wp:attachment":[{"href":"https:\/\/guialimeira.com.br\/news\/wp-json\/wp\/v2\/media?parent=69946"}],"wp:term":[{"taxonomy":"category","embeddable":true,"href":"https:\/\/guialimeira.com.br\/news\/wp-json\/wp\/v2\/categories?post=69946"},{"taxonomy":"post_tag","embeddable":true,"href":"https:\/\/guialimeira.com.br\/news\/wp-json\/wp\/v2\/tags?post=69946"}],"curies":[{"name":"wp","href":"https:\/\/api.w.org\/{rel}","templated":true}]}}