{"id":69944,"date":"2026-06-22T17:02:16","date_gmt":"2026-06-22T20:02:16","guid":{"rendered":"https:\/\/guialimeira.com.br\/copa-na-praca-reune-mais-de-2-mil-pessoas-e-tera-nova-edicao-nesta-quarta-feira-24\/"},"modified":"2026-06-22T17:02:16","modified_gmt":"2026-06-22T20:02:16","slug":"copa-na-praca-reune-mais-de-2-mil-pessoas-e-tera-nova-edicao-nesta-quarta-feira-24","status":"publish","type":"post","link":"https:\/\/guialimeira.com.br\/news\/copa-na-praca-reune-mais-de-2-mil-pessoas-e-tera-nova-edicao-nesta-quarta-feira-24\/","title":{"rendered":"Copa na Pra\u00e7a re\u00fane mais de 2 mil pessoas e ter\u00e1 nova edi\u00e7\u00e3o nesta quarta-feira (24)"},"content":{"rendered":"<p> <br \/>\n<\/p>\n<div>\n                <main class=\"\">&#13;<br \/>\n                    &#13;<br \/>\n&#13;<br \/>\n&#13;<br \/>\n&#13;<br \/>\n&#13;<br \/>\n&#13;<br \/>\n    <img data-recalc-dims=\"1\" decoding=\"async\" src=\"https:\/\/i0.wp.com\/ecrie.com.br\/sistema\/conteudos\/imagem\/m_137_0_1_22062026170117.jpeg?w=696&#038;ssl=1\" alt=\"Copa na Pra\u00e7a re\u00fane mais de 2 mil pessoas e ter\u00e1 nova edi\u00e7\u00e3o nesta quarta-feira (24)\"\/>&#13;<br \/>\n&#13;<br \/>\n&#13;<\/p>\n<p style=\"text-align: justify;\">Mais de 2 mil pessoas participaram, na \u00faltima sexta-feira (19), da segunda edi\u00e7\u00e3o da Copa na Pra\u00e7a, iniciativa promovida pela Prefeitura de Limeira na Pra\u00e7a Toledo Barros para acompanhar os jogos da Sele\u00e7\u00e3o Brasileira na Copa do Mundo. O evento reuniu fam\u00edlias, grupos de amigos e torcedores em um ambiente de confraterniza\u00e7\u00e3o, lazer e entretenimento no cora\u00e7\u00e3o da cidade.<\/p>\n<p>&#13;<\/p>\n<p style=\"text-align: justify;\">A partida foi transmitida em um tel\u00e3o instalado em frente \u00e0 Gruta da Paz. Al\u00e9m da exibi\u00e7\u00e3o do jogo, o p\u00fablico contou com pra\u00e7a de alimenta\u00e7\u00e3o, espa\u00e7o para troca de figurinhas do \u00e1lbum da Copa do Mundo e atra\u00e7\u00f5es musicais. A anima\u00e7\u00e3o ficou por conta do grupo Armaz\u00e9m do Samba.<\/p>\n<p>&#13;<\/p>\n<p style=\"text-align: justify;\">O prefeito Murilo F\u00e9lix destacou a import\u00e2ncia da iniciativa para a integra\u00e7\u00e3o da popula\u00e7\u00e3o. \u201cPreparamos a Copa na Pra\u00e7a com muito carinho para que as fam\u00edlias tenham um espa\u00e7o seguro, organizado e de qualidade para acompanhar os jogos da Sele\u00e7\u00e3o Brasileira. Ficamos felizes em ver a pra\u00e7a cheia e as pessoas aproveitando esse momento de confraterniza\u00e7\u00e3o\u201d, afirmou.<\/p>\n<p>&#13;<\/p>\n<p style=\"text-align: justify;\"><strong>Pr\u00f3xima edi\u00e7\u00e3o<\/strong><\/p>\n<p>&#13;<\/p>\n<p style=\"text-align: justify;\">A terceira edi\u00e7\u00e3o da Copa na Pra\u00e7a acontece nesta quarta-feira (24), a partir das 18h, novamente na Pra\u00e7a Toledo Barros. O p\u00fablico poder\u00e1 acompanhar, no tel\u00e3o, a partida entre Brasil e Esc\u00f3cia, v\u00e1lida pela terceira rodada da fase de grupos da Copa do Mundo.<\/p>\n<p>&#13;<\/p>\n<p style=\"text-align: justify;\">A programa\u00e7\u00e3o contar\u00e1 com show do Grupo Amigos do Samba, pra\u00e7a de alimenta\u00e7\u00e3o com diversas op\u00e7\u00f5es gastron\u00f4micas, totem tem\u00e1tico para fotos e espa\u00e7o para troca de figurinhas.<\/p>\n<p>&#13;<\/p>\n<p style=\"text-align: justify;\">O secret\u00e1rio de Turismo e Eventos, Thiago Martins, ressaltou o trabalho de prepara\u00e7\u00e3o para receber o p\u00fablico. \u201cEstamos organizando mais uma grande festa para que a popula\u00e7\u00e3o possa torcer pela Sele\u00e7\u00e3o Brasileira com conforto, seguran\u00e7a e uma programa\u00e7\u00e3o especial para toda a fam\u00edlia\u201d, destacou.<\/p>\n<p>&#13;<\/p>\n<p style=\"text-align: justify;\"><strong>Seguran\u00e7a e estrutura<\/strong><\/p>\n<p>&#13;<\/p>\n<p style=\"text-align: justify;\">Para garantir o bem-estar dos participantes, equipes de seguran\u00e7a, fiscaliza\u00e7\u00e3o e limpeza atuar\u00e3o durante toda a programa\u00e7\u00e3o. O evento \u00e9 gratuito e aberto ao p\u00fablico.<\/p>\n<p>&#13;<\/p>\n<p style=\"text-align: justify;\">A Copa na Pra\u00e7a \u00e9 realizada pela Prefeitura de Limeira, por meio da Secretaria de Turismo e Eventos, e integra as a\u00e7\u00f5es de valoriza\u00e7\u00e3o dos espa\u00e7os p\u00fablicos e de promo\u00e7\u00e3o da conviv\u00eancia comunit\u00e1ria. A iniciativa tamb\u00e9m est\u00e1 alinhada \u00e0 ODS 11 (Cidades e Comunidades Sustent\u00e1veis), da Agenda 2030 da ONU, que incentiva a ocupa\u00e7\u00e3o qualificada, inclusiva e sustent\u00e1vel dos espa\u00e7os urbanos.<\/p>\n<p>&#13;<br \/>\n&#13;<br \/>\n&#13;<br \/>\n&#13;<\/p>\n<article class=\"conteudo-relacionado no-print\">&#13;<br \/>\n        &#13;<br \/>\n&#13;<br \/>\n        &#13;<br \/>\n    <\/article>\n<p>&#13;<br \/>\n&#13;<br \/>\n                <\/main><\/p><\/div>\n<p><br \/>\n<br \/><a href=\"https:\/\/limeira.sp.gov.br\/copa-na-praca-reune-mais-de-2-mil-pessoas-e-tera-nova-edicao-nesta-quarta-feira-24\" rel=\"noopener\">Informa\u00e7\u00f5es da PML <\/a><\/p>\n","protected":false},"excerpt":{"rendered":"<p>&#13; &#13; &#13; &#13; &#13; &#13; &#13; &#13; &#13; &#13; Mais de 2 mil pessoas participaram, na \u00faltima sexta-feira (19), da segunda edi\u00e7\u00e3o da Copa na Pra\u00e7a, iniciativa promovida pela Prefeitura de Limeira na Pra\u00e7a Toledo Barros para acompanhar os jogos da Sele\u00e7\u00e3o Brasileira na Copa do Mundo. O evento reuniu fam\u00edlias, grupos de amigos [&hellip;]<\/p>\n","protected":false},"author":1,"featured_media":69945,"comment_status":"","ping_status":"open","sticky":false,"template":"","format":"standard","meta":{"_jetpack_newsletter_access":"","_jetpack_dont_email_post_to_subs":false,"_jetpack_newsletter_tier_id":0,"_jetpack_memberships_contains_paywalled_content":false,"_mbp_banners":[],"_jetpack_feature_clip_id":0,"_jetpack_memberships_contains_paid_content":false,"footnotes":"","jetpack_publicize_message":"","jetpack_publicize_feature_enabled":true,"jetpack_social_post_already_shared":true,"jetpack_social_options":{"image_generator_settings":{"template":"highway","default_image_id":0,"font":"","enabled":false},"version":2},"jetpack_post_was_ever_published":false},"categories":[16],"tags":[],"class_list":["post-69944","post","type-post","status-publish","format-standard","has-post-thumbnail","category-local"],"jetpack_publicize_connections":[],"jetpack-related-posts":[],"jetpack_shortlink":"https:\/\/wp.me\/p7Eq1F-ic8","jetpack_sharing_enabled":true,"jetpack_featured_media_url":"https:\/\/i0.wp.com\/guialimeira.com.br\/news\/wp-content\/uploads\/2026\/06\/m_137_0_1_22062026170117.jpeg?fit=1024%2C680&ssl=1","_links":{"self":[{"href":"https:\/\/guialimeira.com.br\/news\/wp-json\/wp\/v2\/posts\/69944","targetHints":{"allow":["GET"]}}],"collection":[{"href":"https:\/\/guialimeira.com.br\/news\/wp-json\/wp\/v2\/posts"}],"about":[{"href":"https:\/\/guialimeira.com.br\/news\/wp-json\/wp\/v2\/types\/post"}],"author":[{"embeddable":true,"href":"https:\/\/guialimeira.com.br\/news\/wp-json\/wp\/v2\/users\/1"}],"replies":[{"embeddable":true,"href":"https:\/\/guialimeira.com.br\/news\/wp-json\/wp\/v2\/comments?post=69944"}],"version-history":[{"count":0,"href":"https:\/\/guialimeira.com.br\/news\/wp-json\/wp\/v2\/posts\/69944\/revisions"}],"wp:featuredmedia":[{"embeddable":true,"href":"https:\/\/guialimeira.com.br\/news\/wp-json\/wp\/v2\/media\/69945"}],"wp:attachment":[{"href":"https:\/\/guialimeira.com.br\/news\/wp-json\/wp\/v2\/media?parent=69944"}],"wp:term":[{"taxonomy":"category","embeddable":true,"href":"https:\/\/guialimeira.com.br\/news\/wp-json\/wp\/v2\/categories?post=69944"},{"taxonomy":"post_tag","embeddable":true,"href":"https:\/\/guialimeira.com.br\/news\/wp-json\/wp\/v2\/tags?post=69944"}],"curies":[{"name":"wp","href":"https:\/\/api.w.org\/{rel}","templated":true}]}}