{"id":69928,"date":"2026-06-22T14:42:08","date_gmt":"2026-06-22T17:42:08","guid":{"rendered":"https:\/\/guialimeira.com.br\/governo-de-sao-paulo-publica-atualizacao-que-aperfeicoa-monitoramento-dos-mananciais\/"},"modified":"2026-06-22T14:42:08","modified_gmt":"2026-06-22T17:42:08","slug":"governo-de-sao-paulo-publica-atualizacao-que-aperfeicoa-monitoramento-dos-mananciais","status":"publish","type":"post","link":"https:\/\/guialimeira.com.br\/news\/governo-de-sao-paulo-publica-atualizacao-que-aperfeicoa-monitoramento-dos-mananciais\/","title":{"rendered":"Governo de S\u00e3o Paulo publica atualiza\u00e7\u00e3o que aperfei\u00e7oa monitoramento dos mananciais"},"content":{"rendered":"<p> <br \/>\n<br \/><img data-recalc-dims=\"1\" decoding=\"async\" src=\"https:\/\/i0.wp.com\/www.agenciasp.sp.gov.br\/wp-content\/uploads\/2023\/11\/Guarapiranga-agua-sabesp-mananciais-e1771501863107.jpg?w=696&#038;ssl=1\" \/><\/p>\n<div>\n<p class=\"wp-block-paragraph\">A Ag\u00eancia Reguladora de Servi\u00e7os P\u00fablicos do Estado de S\u00e3o Paulo publicou nesta segunda-feira (22) a <a href=\"https:\/\/doe.sp.gov.br\/executivo\/secretaria-de-parcerias-em-investimentos\/deliberacao-arsesp-n-1813-de-17-de-junho-de-2026-202606191135182031931779\" target=\"_blank\" rel=\"noopener\">nova metodologia de monitoramento da seguran\u00e7a h\u00eddrica da Regi\u00e3o Metropolitana de S\u00e3o Paulo (RMSP)<\/a>. A atualiza\u00e7\u00e3o foi anunciada pelo Governo de S\u00e3o Paulo na \u00faltima sexta-feira (19). <a href=\"https:\/\/www.agenciasp.sp.gov.br\/governo-de-sp-aperfeicoa-metodologia-de-seguranca-hidrica-e-amplia-prevencao\/\" rel=\"noopener\">O aperfei\u00e7oamento estava previsto na delibera\u00e7\u00e3o do ano passado e considera as contribui\u00e7\u00f5es da consulta p\u00fablica, as atualiza\u00e7\u00f5es nas proje\u00e7\u00f5es hidrol\u00f3gicas e a experi\u00eancia acumulada do primeiro ano de aplica\u00e7\u00e3o.<\/a><\/p>\n<p class=\"wp-block-paragraph\">Entre as altera\u00e7\u00f5es est\u00e1 a cria\u00e7\u00e3o de uma curva espec\u00edfica para monitorar o Cantareira. O sistema \u00e9 estrat\u00e9gico, j\u00e1 que representa 50% da capacidade total de armazenamento do Sistema Integrado Metropolitano, e apresenta um comportamento diferente do restante do SIM. A inclus\u00e3o dessa nova faixa amplia a capacidade de an\u00e1lise, oferecendo mais seguran\u00e7a e maior capacidade de antecipar tend\u00eancias importantes no comportamento hidrol\u00f3gico.<\/p>\n<p class=\"wp-block-paragraph\"><strong>LEIA TAMB\u00c9M: <a href=\"https:\/\/www.agenciasp.sp.gov.br\/veja-perguntas-e-respostas-sobre-o-aprimoramento-da-metodologia-de-seguranca-hidrica-de-sp\/\" rel=\"noopener\">Veja perguntas e respostas sobre o aprimoramento da metodologia de seguran\u00e7a h\u00eddrica de SP<\/a><\/strong><\/p>\n<p class=\"wp-block-paragraph\">\u201cA gente percebeu que as chuvas no Cantareira foram diferentes do que em outros sistemas e abaixo da m\u00e9dia. Dada a representatividade desse sistema, \u00e9 importante dar um destaque sem preju\u00edzo de tamb\u00e9m observ\u00e1-lo dentro do Sistema Integrado Metropolitano. \u00c9 mais uma ferramenta de robustecimento e tamb\u00e9m de garantir o equil\u00edbrio entre os mananciais e a presta\u00e7\u00e3o dos servi\u00e7os na ponta\u201d, explicou a secret\u00e1ria de Meio Ambiente, Infraestrutura e Log\u00edstica, Nat\u00e1lia Resende.<\/p>\n<p class=\"wp-block-paragraph\">As duas curvas de monitoramento ser\u00e3o analisadas juntas e caso indiquem faixas diferentes, prevalecer\u00e1 a condi\u00e7\u00e3o mais cr\u00edtica, como medida de prud\u00eancia para proteger o abastecimento e refor\u00e7ar a seguran\u00e7a h\u00eddrica na regi\u00e3o metropolitana do estado.\u00a0<\/p>\n<p class=\"wp-block-paragraph\">Outro ponto de destaque \u00e9 a ado\u00e7\u00e3o de uma base de dados mais ampla, que considera a s\u00e9rie hist\u00f3rica do comportamento hidrol\u00f3gico dos \u00faltimos 15 anos \u2013 este per\u00edodo tamb\u00e9m contempla eventos clim\u00e1ticos relevantes, como El Ni\u00f1o e La Ni\u00f1a, inclusive diante da previs\u00e3o de ocorr\u00eancia desses fen\u00f4menos nos pr\u00f3ximos meses. A medida permite analisar com mais precis\u00e3o per\u00edodos secos, chuvosos e intermedi\u00e1rios, tornando as proje\u00e7\u00f5es mais consistentes e alinhadas ao comportamento real do ciclo hidrol\u00f3gico.\u00a0<\/p>\n<p class=\"wp-block-paragraph\">Al\u00e9m disso, houve altera\u00e7\u00e3o na forma de an\u00fancio da faixa vigente, que passa a ser definida em reuni\u00e3o mensal do Comit\u00ea de Integra\u00e7\u00e3o das Ag\u00eancias, com emiss\u00e3o de nota t\u00e9cnica no \u00faltimo dia do m\u00eas em an\u00e1lise. As faixas de atua\u00e7\u00e3o n\u00e3o foram alteradas, elas v\u00e3o de 1 a 7 e estabelecem o Regime Diferenciado de Abastecimento (RDA), a gest\u00e3o de demanda noturna de 8, 10, 12, 14 e 16 horas, e o rod\u00edzio entre regi\u00f5es, respectivamente. Em todas as faixas tamb\u00e9m h\u00e1 medidas previstas de comunica\u00e7\u00e3o e suporte \u00e0 popula\u00e7\u00e3o.\u00a0<\/p>\n<p class=\"wp-block-paragraph\">\u201cN\u00f3s estamos aperfei\u00e7oando a metodologia de forma a sempre focar em preven\u00e7\u00e3o, em conting\u00eancia, em melhoria constante e cont\u00ednua da seguran\u00e7a h\u00eddrica e da resili\u00eancia h\u00eddrica do estado de S\u00e3o Paulo\u201d, refor\u00e7ou a secret\u00e1ria de Meio Ambiente, Infraestrutura e Log\u00edstica, Nat\u00e1lia Resende.<\/p>\n<p class=\"wp-block-paragraph\">Ela destacou a relev\u00e2ncia da metodologia de gest\u00e3o h\u00eddrica no estado de S\u00e3o Paulo, que foi fundamental para garantir a preserva\u00e7\u00e3o do Sistema Integrado Metropolitano em 2025, ano com baixo volume de chuvas. \u201cNossas reuni\u00f5es s\u00e3o semanais e ao longo de todo esse per\u00edodo temos analisado a situa\u00e7\u00e3o h\u00eddrica continuamente, atuando sempre com base em preven\u00e7\u00e3o e conting\u00eancia\u201d, disse ela. A GDN, uma das medidas adotadas para a preserva\u00e7\u00e3o dos reservat\u00f3rios desde 28 de agosto de 2025, economizou mais de 158 bilh\u00f5es de litros, volume equivalente ao consumo mensal de aproximadamente 27,65 milh\u00f5es de pessoas, mais que a popula\u00e7\u00e3o da Regi\u00e3o Metropolitana.<\/p>\n<h3 class=\"wp-block-heading\">Obras de resili\u00eancia\u00a0<\/h3>\n<p class=\"wp-block-paragraph\">Al\u00e9m do trabalho de gest\u00e3o h\u00eddrica desenvolvido no \u00e2mbito do Comit\u00ea Integrado e do Conselho Estadual de Mudan\u00e7as Clim\u00e1ticas, sob gest\u00e3o da Semil, o Governo de S\u00e3o Paulo apresentou durante a coletiva as obras de resili\u00eancia que v\u00e3o trazer \u00e1gua nova para o Sistema e ampliar a seguran\u00e7a h\u00eddrica do Estado de S\u00e3o Paulo.\u00a0<\/p>\n<p class=\"wp-block-paragraph\">Entre as entregas j\u00e1 realizadas at\u00e9 o fim de 2025 pela Sabesp, est\u00e3o a Transfer\u00eancia Itapanha\u00fa, com acr\u00e9scimo de 2 mil litros por segundo de \u00e1gua bruta e investimento de R$ 161 milh\u00f5es, e a Transfer\u00eancia Guaratuba, com aumento de 200 litros por segundo e aporte de R$ 10 milh\u00f5es. Tamb\u00e9m est\u00e3o sendo investidos R$ 525 milh\u00f5es na implanta\u00e7\u00e3o de 31 reservat\u00f3rios em 24 centros de reserva\u00e7\u00e3o da Regi\u00e3o Metropolitana de S\u00e3o Paulo, aumentando em 202.500 metros c\u00fabicos essa capacidade. Essas obras se somam a outras iniciativas j\u00e1 em opera\u00e7\u00e3o que contribuem para ampliar a oferta h\u00eddrica, como as interliga\u00e7\u00f5es entre sistemas produtores da Regi\u00e3o Metropolitana de S\u00e3o Paulo, as amplia\u00e7\u00f5es realizadas nos sistemas Cantareira e Alto Tiet\u00ea, al\u00e9m do Aquapolo, refer\u00eancia em re\u00faso de \u00e1gua para fins industriais.<\/p>\n<p class=\"wp-block-paragraph\">At\u00e9 dezembro de 2026, est\u00e3o previstos o tratamento por membrana na ETA Rio Grande, com ganho de 500 litros por segundo e investimento de R$ 95 milh\u00f5es e o retrofit da ETA Baixo Cotia, com amplia\u00e7\u00e3o de mil litros por segundo e aporte de R$ 357 milh\u00f5es. Para 2027 est\u00e1 programada a conclus\u00e3o da Transposi\u00e7\u00e3o Billings-Taia\u00e7upeba, que adicionar\u00e1 4 mil litros por segundo de \u00e1gua bruta, com investimento de R$ 1,4 bilh\u00e3o.\u00a0<\/p>\n<p class=\"wp-block-paragraph\">No programa de resili\u00eancia h\u00eddrica do Governo de S\u00e3o Paulo para todas as regi\u00f5es, que soma mais de R$ 25 bilh\u00f5es em investimentos, est\u00e3o obras emblem\u00e1ticas em andamento como as barragens Pedreira e Duas Pontes e o Sistema Adutor Regional (SAR) dos rios Piracicaba, Capivari e Jundia\u00ed e o desassoreamento e revitaliza\u00e7\u00e3o de 479 cursos d\u00b4\u00e1gua por meio do Programa Rios Vivos.<\/p>\n<\/p><\/div>\n<p><br \/>\n<br \/><a href=\"https:\/\/www.agenciasp.sp.gov.br\/governo-de-sao-paulo-publica-atualizacao-que-aperfeicoa-monitoramento-dos-mananciais\/\" rel=\"noopener\">Informa\u00e7\u00f5es GOV.SP<\/a><\/p>\n","protected":false},"excerpt":{"rendered":"<p>A Ag\u00eancia Reguladora de Servi\u00e7os P\u00fablicos do Estado de S\u00e3o Paulo publicou nesta segunda-feira (22) a nova metodologia de monitoramento da seguran\u00e7a h\u00eddrica da Regi\u00e3o Metropolitana de S\u00e3o Paulo (RMSP). A atualiza\u00e7\u00e3o foi anunciada pelo Governo de S\u00e3o Paulo na \u00faltima sexta-feira (19). O aperfei\u00e7oamento estava previsto na delibera\u00e7\u00e3o do ano passado e considera as [&hellip;]<\/p>\n","protected":false},"author":1,"featured_media":69929,"comment_status":"","ping_status":"open","sticky":false,"template":"","format":"standard","meta":{"_jetpack_newsletter_access":"","_jetpack_dont_email_post_to_subs":false,"_jetpack_newsletter_tier_id":0,"_jetpack_memberships_contains_paywalled_content":false,"_mbp_banners":[],"_jetpack_feature_clip_id":0,"_jetpack_memberships_contains_paid_content":false,"footnotes":"","jetpack_publicize_message":"","jetpack_publicize_feature_enabled":true,"jetpack_social_post_already_shared":true,"jetpack_social_options":{"image_generator_settings":{"template":"highway","default_image_id":0,"font":"","enabled":false},"version":2},"jetpack_post_was_ever_published":false},"categories":[21],"tags":[],"class_list":["post-69928","post","type-post","status-publish","format-standard","has-post-thumbnail","category-sp-news"],"jetpack_publicize_connections":[],"jetpack-related-posts":[],"jetpack_shortlink":"https:\/\/wp.me\/p7Eq1F-ibS","jetpack_sharing_enabled":true,"jetpack_featured_media_url":"https:\/\/i0.wp.com\/guialimeira.com.br\/news\/wp-content\/uploads\/2026\/06\/Governo-de-Sao-Paulo-publica-atualizacao-que-aperfeicoa-monitoramento-dos.jpg?fit=2048%2C1160&ssl=1","_links":{"self":[{"href":"https:\/\/guialimeira.com.br\/news\/wp-json\/wp\/v2\/posts\/69928","targetHints":{"allow":["GET"]}}],"collection":[{"href":"https:\/\/guialimeira.com.br\/news\/wp-json\/wp\/v2\/posts"}],"about":[{"href":"https:\/\/guialimeira.com.br\/news\/wp-json\/wp\/v2\/types\/post"}],"author":[{"embeddable":true,"href":"https:\/\/guialimeira.com.br\/news\/wp-json\/wp\/v2\/users\/1"}],"replies":[{"embeddable":true,"href":"https:\/\/guialimeira.com.br\/news\/wp-json\/wp\/v2\/comments?post=69928"}],"version-history":[{"count":0,"href":"https:\/\/guialimeira.com.br\/news\/wp-json\/wp\/v2\/posts\/69928\/revisions"}],"wp:featuredmedia":[{"embeddable":true,"href":"https:\/\/guialimeira.com.br\/news\/wp-json\/wp\/v2\/media\/69929"}],"wp:attachment":[{"href":"https:\/\/guialimeira.com.br\/news\/wp-json\/wp\/v2\/media?parent=69928"}],"wp:term":[{"taxonomy":"category","embeddable":true,"href":"https:\/\/guialimeira.com.br\/news\/wp-json\/wp\/v2\/categories?post=69928"},{"taxonomy":"post_tag","embeddable":true,"href":"https:\/\/guialimeira.com.br\/news\/wp-json\/wp\/v2\/tags?post=69928"}],"curies":[{"name":"wp","href":"https:\/\/api.w.org\/{rel}","templated":true}]}}