{"id":69923,"date":"2026-06-22T13:41:14","date_gmt":"2026-06-22T16:41:14","guid":{"rendered":"https:\/\/guialimeira.com.br\/6-mudancas-apos-a-desestatizacao-da-sabesp-que-melhoraram-o-saneamento-basico-em-sao-paulo\/"},"modified":"2026-06-22T13:41:14","modified_gmt":"2026-06-22T16:41:14","slug":"6-mudancas-apos-a-desestatizacao-da-sabesp-que-melhoraram-o-saneamento-basico-em-sao-paulo","status":"publish","type":"post","link":"https:\/\/guialimeira.com.br\/news\/6-mudancas-apos-a-desestatizacao-da-sabesp-que-melhoraram-o-saneamento-basico-em-sao-paulo\/","title":{"rendered":"6 mudan\u00e7as ap\u00f3s a desestatiza\u00e7\u00e3o da Sabesp que melhoraram o saneamento b\u00e1sico em S\u00e3o Paulo"},"content":{"rendered":"<p> <br \/>\n<\/p>\n<div>\n<p class=\"wp-block-paragraph\">O avan\u00e7o do saneamento b\u00e1sico no estado de S\u00e3o Paulo teve forte impulso com a desestatiza\u00e7\u00e3o da Sabesp, feita pelo Governo de S\u00e3o Paulo em 2024 para acelerar os investimentos e promover a universaliza\u00e7\u00e3o do acesso \u00e0 \u00e1gua tratada e esgoto.<\/p>\n<p class=\"wp-block-paragraph\">Atualmente, a Companhia possui 1,2 mil frentes de obra em andamento, seis vezes mais do que o contrato anterior, para levar \u00e1gua e esgoto a locais em que as pessoas nunca tiveram acesso ao saneamento b\u00e1sico.<\/p>\n<h3 class=\"wp-block-heading\"><strong>Veja algumas mudan\u00e7as que melhoraram o saneamento b\u00e1sico de S\u00e3o Paulo:<\/strong><\/h3>\n<h3 class=\"wp-block-heading\"><strong>1 \u2013 Mais investimento<\/strong><\/h3>\n<p class=\"wp-block-paragraph\">O contrato firmado com a Sabesp prev\u00ea um investimento de R$ 260 bilh\u00f5es at\u00e9 2060, sendo que R$ 70 bilh\u00f5es ser\u00e3o aplicados at\u00e9 2029 para a universaliza\u00e7\u00e3o do saneamento b\u00e1sico no estado.\u00a0<\/p>\n<p class=\"wp-block-paragraph\">Somente em 2025 foram investidos R$ 15,2 bilh\u00f5es em obras de infraestrutura, valor 120% maior em compara\u00e7\u00e3o ao ano anterior, com amplia\u00e7\u00e3o da cobertura de saneamento e a melhoria dos padr\u00f5es de qualidade dos servi\u00e7os.<\/p>\n<p class=\"wp-block-paragraph\">A previs\u00e3o \u00e9 que a companhia invista, nos pr\u00f3ximos anos, uma m\u00e9dia de R$ 369 por habitante, valor quase tr\u00eas vezes mais do que a foi a m\u00e9dia nacional de investimentos em saneamento em 2024, R$ 137,02 por habitante, segundo o Ranking do Saneamento 2026 do Instituto Trata Brasil.<\/p>\n<p class=\"wp-block-paragraph\">O montante tamb\u00e9m supera o investimento m\u00e9dio de R$ 225 por habitante apontado como necess\u00e1rio para garantir a universaliza\u00e7\u00e3o dos servi\u00e7os at\u00e9 2033. Entre 2017 e 2024, antes da desestatiza\u00e7\u00e3o, a Sabesp investiu, em m\u00e9dia, R$ 171 por habitante. Com o novo ciclo de aportes, o valor previsto praticamente dobra em rela\u00e7\u00e3o ao per\u00edodo anterior e viabiliza a antecipa\u00e7\u00e3o das metas de universaliza\u00e7\u00e3o para 2029.<\/p>\n<h3 class=\"wp-block-heading\"><strong>2 \u2013 Amplia\u00e7\u00e3o da cobertura<\/strong><\/h3>\n<p class=\"wp-block-paragraph\">O resultado foi que desde 2024 a Sabesp levou \u00e1gua tratada para 2,1 milh\u00e3o de pessoas e coleta e tratamento de esgoto para mais 4,3 milh\u00f5es. O cumprimento das metas de acesso \u00e0 \u00e1gua, coleta e tratamento de esgoto alcan\u00e7aram, respectivamente, 87%, 77% e 71% ao fim do primeiro trimestre de 2026.\u00a0<\/p>\n<p class=\"wp-block-paragraph\">A meta \u00e9 chegar a 2029 com 99% da popula\u00e7\u00e3o com acesso \u00e0 \u00e1gua pot\u00e1vel e 90% com coleta e tratamento de esgoto. O Marco Legal do Saneamento estipula que todos os estados atinjam esse est\u00e1gio at\u00e9 2033. O Governo de S\u00e3o Paulo antecipou essa data em quatro anos, para 2029.<\/p>\n<figure class=\"wp-block-image size-full\"><img data-recalc-dims=\"1\" fetchpriority=\"high\" decoding=\"async\" width=\"696\" height=\"440\" src=\"https:\/\/i0.wp.com\/www.agenciasp.sp.gov.br\/wp-content\/uploads\/2026\/04\/istock-832573436-1024x648-1.jpg?resize=696%2C440&#038;ssl=1\" alt=\"\" class=\"wp-image-139483 lazy\" srcset=\"https:\/\/www.agenciasp.sp.gov.br\/wp-content\/uploads\/2026\/04\/istock-832573436-1024x648-1.jpg 1024w, https:\/\/www.agenciasp.sp.gov.br\/wp-content\/uploads\/2026\/04\/istock-832573436-1024x648-1-300x190.jpg 300w, https:\/\/www.agenciasp.sp.gov.br\/wp-content\/uploads\/2026\/04\/istock-832573436-1024x648-1-768x486.jpg 768w, https:\/\/www.agenciasp.sp.gov.br\/wp-content\/uploads\/2026\/04\/istock-832573436-1024x648-1-150x95.jpg 150w\" data-sizes=\"(max-width: 1024px) 100vw, 1024px\"\/><figcaption class=\"wp-element-caption\"><em>Meta da Sabesp \u00e9 atingir 99% da popula\u00e7\u00e3o com acesso \u00e0 \u00e1gua pot\u00e1vel e 90% com esgoto at\u00e9 2029 Foto: Divulga\u00e7\u00e3o\/Sabesp<\/em><\/figcaption><\/figure>\n<h3 class=\"wp-block-heading\"><strong>3- Controle da Tarifa<\/strong><\/h3>\n<p class=\"wp-block-paragraph\">Outro grande avan\u00e7o com o novo contrato foi o controle da tarifa, proporcionando reajustes menores com as regras do novo modelo regulat\u00f3rio, mesmo com o aumento dos investimentos.\u00a0\u00a0<\/p>\n<p class=\"wp-block-paragraph\">Imediatamente ap\u00f3s a desestatiza\u00e7\u00e3o da Sabesp, em julho de 2024, as tarifas social e vulner\u00e1vel para a popula\u00e7\u00e3o de baixa renda tiveram redu\u00e7\u00e3o de 10%, e as demais categorias tamb\u00e9m ficaram mais baratas, com 1% de queda nas residenciais normais e 0,5% nas comerciais e industriais.<\/p>\n<p class=\"wp-block-paragraph\">Em janeiro deste ano, foi realizada a revis\u00e3o tarif\u00e1ria sob o novo contrato, com a reposi\u00e7\u00e3o da infla\u00e7\u00e3o do per\u00edodo e o valor ficou cerca de 15% abaixo do que seria aplicado caso a empresa tivesse permanecido estatal.<\/p>\n<figure class=\"wp-block-image size-large\"><img data-recalc-dims=\"1\" loading=\"lazy\" decoding=\"async\" width=\"696\" height=\"391\" src=\"https:\/\/i0.wp.com\/www.agenciasp.sp.gov.br\/wp-content\/uploads\/2026\/04\/WhatsApp-Image-2026-04-06-at-09.13.50-1024x575.jpeg?resize=696%2C391&#038;ssl=1\" alt=\"\" class=\"wp-image-134381 lazy\" srcset=\"https:\/\/www.agenciasp.sp.gov.br\/wp-content\/uploads\/2026\/04\/WhatsApp-Image-2026-04-06-at-09.13.50-1024x575.jpeg 1024w, https:\/\/www.agenciasp.sp.gov.br\/wp-content\/uploads\/2026\/04\/WhatsApp-Image-2026-04-06-at-09.13.50-300x168.jpeg 300w, https:\/\/www.agenciasp.sp.gov.br\/wp-content\/uploads\/2026\/04\/WhatsApp-Image-2026-04-06-at-09.13.50-768x431.jpeg 768w, https:\/\/www.agenciasp.sp.gov.br\/wp-content\/uploads\/2026\/04\/WhatsApp-Image-2026-04-06-at-09.13.50-1536x862.jpeg 1536w, https:\/\/www.agenciasp.sp.gov.br\/wp-content\/uploads\/2026\/04\/WhatsApp-Image-2026-04-06-at-09.13.50-150x84.jpeg 150w, https:\/\/www.agenciasp.sp.gov.br\/wp-content\/uploads\/2026\/04\/WhatsApp-Image-2026-04-06-at-09.13.50.jpeg 1600w\" data-sizes=\"(max-width: 1024px) 100vw, 1024px\"\/><figcaption class=\"wp-element-caption\"><em>Em janeiro deste ano foi realizada a primeira revis\u00e3o tarif\u00e1ria ap\u00f3s desestatiza\u00e7\u00e3o Foto: Divulga\u00e7\u00e3o\/Governo de SP<\/em><\/figcaption><\/figure>\n<p class=\"wp-block-paragraph\">A revis\u00e3o tarif\u00e1ria considerou apenas a varia\u00e7\u00e3o inflacion\u00e1ria acumulada no per\u00edodo (entre julho de 2024 e outubro de 2025), sem acr\u00e9scimo acima da infla\u00e7\u00e3o.\u00a0<\/p>\n<p class=\"wp-block-paragraph\">O novo modelo regulat\u00f3rio criado ap\u00f3s a desestatiza\u00e7\u00e3o \u00e9 baseado no controle rigoroso de investimentos, no uso dos recursos do Fundo de Apoio \u00e0 Universaliza\u00e7\u00e3o do Saneamento (Fausp) \u2013 criado com recursos da privatiza\u00e7\u00e3o e alimentado por dividendos da Sabesp, e na aplica\u00e7\u00e3o do novo contrato, que determina mecanismos permanentes de garantia da estabilidade tarif\u00e1ria at\u00e9 o alcance da universaliza\u00e7\u00e3o em 2029.<\/p>\n<h3 class=\"wp-block-heading\"><strong>4 \u2013 Mais beneficiados com a Tarifa Social<\/strong><\/h3>\n<p class=\"wp-block-paragraph\">Outro benef\u00edcio proporcionado pelo novo contrato com a Sabesp aos moradores das regi\u00f5es mais carentes do Estado foi a amplia\u00e7\u00e3o da Tarifa Social Paulista, que concede desconto de at\u00e9 78% na conta de \u00e1gua e esgoto para fam\u00edlias de baixa renda cadastrada no Cad\u00danico.<\/p>\n<p class=\"wp-block-paragraph\">Desde a desestatiza\u00e7\u00e3o, o n\u00famero de pessoas atendidas dobrou, passando de 2,98 milh\u00f5es para 6 milh\u00f5es no estado. Na Regi\u00e3o Metropolitana de S\u00e3o Paulo, a Tarifa Social foi ampliada de 2,57 milh\u00f5es de pessoas para 4,5 milh\u00f5es de beneficiados.<\/p>\n<figure class=\"wp-block-image size-large\"><img data-recalc-dims=\"1\" loading=\"lazy\" decoding=\"async\" width=\"696\" height=\"398\" src=\"https:\/\/i0.wp.com\/www.agenciasp.sp.gov.br\/wp-content\/uploads\/2026\/01\/55039806324_6d645bbd0d_k-e1768337609497-1024x585.jpg?resize=696%2C398&#038;ssl=1\" alt=\"\" class=\"wp-image-111935 lazy\" srcset=\"https:\/\/www.agenciasp.sp.gov.br\/wp-content\/uploads\/2026\/01\/55039806324_6d645bbd0d_k-e1768337609497-1024x585.jpg 1024w, https:\/\/www.agenciasp.sp.gov.br\/wp-content\/uploads\/2026\/01\/55039806324_6d645bbd0d_k-e1768337609497-300x171.jpg 300w, https:\/\/www.agenciasp.sp.gov.br\/wp-content\/uploads\/2026\/01\/55039806324_6d645bbd0d_k-e1768337609497-768x439.jpg 768w, https:\/\/www.agenciasp.sp.gov.br\/wp-content\/uploads\/2026\/01\/55039806324_6d645bbd0d_k-e1768337609497-1536x878.jpg 1536w, https:\/\/www.agenciasp.sp.gov.br\/wp-content\/uploads\/2026\/01\/55039806324_6d645bbd0d_k-e1768337609497-150x86.jpg 150w, https:\/\/www.agenciasp.sp.gov.br\/wp-content\/uploads\/2026\/01\/55039806324_6d645bbd0d_k-e1768337609497.jpg 2048w\" data-sizes=\"(max-width: 1024px) 100vw, 1024px\"\/><figcaption class=\"wp-element-caption\"><em>Mutir\u00e3o da Tarifa Social Pulista Foto: Divulga\u00e7\u00e3o\/Sabesp<\/em><\/figcaption><\/figure>\n<p class=\"wp-block-paragraph\">O novo contrato proporcionou ainda a cria\u00e7\u00e3o de uma nova faixa de beneficiados, a categoria Social II, composta por fam\u00edlias que residem em n\u00facleos urbanos informais pass\u00edveis ou em processo de regulariza\u00e7\u00e3o, que passaram a receber descontos de 50% o consumo de at\u00e9 15 metros c\u00fabicos, por 24 meses a partir da liga\u00e7\u00e3o.<\/p>\n<h3 class=\"wp-block-heading\"><strong>5 \u2013 Mais inclus\u00e3o\u00a0<\/strong><\/h3>\n<p class=\"wp-block-paragraph\">O processo de desestatiza\u00e7\u00e3o da Sabesp realizado pelo Governo de S\u00e3o Paulo em 2024 possibilitou que as comunidades mais pobres e as \u00e1reas rurais\u00a0 fossem pela primeira vez inclu\u00eddas\u00a0 no mapa do saneamento do Estado.<\/p>\n<p class=\"wp-block-paragraph\">O contrato anterior inclu\u00eda apenas o atendimento em \u00e1reas urbanizadas regulares ou em processo de regulariza\u00e7\u00e3o, de modo que as comunidades em situa\u00e7\u00e3o de vulnerabilidade e as regi\u00f5es rurais ficavam \u00e0 margem dos projetos de amplia\u00e7\u00e3o do acesso \u00e0 \u00e1gua e esgoto. Com a antecipa\u00e7\u00e3o das metas de universaliza\u00e7\u00e3o, foi iniciado em 2025 um censo para mapear essas \u00e1reas e avan\u00e7ar na amplia\u00e7\u00e3o da estrutura em todo o estado.<\/p>\n<h3 class=\"wp-block-heading\"><strong>6 \u2013 Fiscaliza\u00e7\u00e3o do asfalto<\/strong><\/h3>\n<p class=\"wp-block-paragraph\">O novo contrato da Sabesp estabeleceu o Fator Q (qualidade) para c\u00e1lculo do reajuste da tarifa anual, e dois \u00edtens que comp\u00f5em esse fator se referem \u00e0 reposi\u00e7\u00e3o do asfalto e o tempo de execu\u00e7\u00e3o desse servi\u00e7o. O primeiro, IPRP \u2013 Indicador de Prazo de Recomposi\u00e7\u00e3o de Pavimentos, mede o tempo de reposi\u00e7\u00e3o do asfalto para incentivar a redu\u00e7\u00e3o do tempo na execu\u00e7\u00e3o. O segundo, o ICERP \u2013 Indicador de Conformidade na Execu\u00e7\u00e3o da Reposi\u00e7\u00e3o de Pavimento, mede a qualidade dos pavimentos e o atendimento \u00e0s normas t\u00e9cnicas e municipais. Com isso, o novo contrato incentiva a Companhia a sempre melhorar o servi\u00e7o de pavimenta\u00e7\u00e3o ap\u00f3s a realiza\u00e7\u00e3o das obras de reparo das redes.<\/p>\n<\/p><\/div>\n<p><br \/>\n<br \/><a href=\"https:\/\/www.agenciasp.sp.gov.br\/6-mudancas-apos-a-desestatizacao-da-sabesp-que-melhoraram-o-saneamento-basico-em-sao-paulo\/\" rel=\"noopener\">Informa\u00e7\u00f5es GOV.SP<\/a><\/p>\n","protected":false},"excerpt":{"rendered":"<p>O avan\u00e7o do saneamento b\u00e1sico no estado de S\u00e3o Paulo teve forte impulso com a desestatiza\u00e7\u00e3o da Sabesp, feita pelo Governo de S\u00e3o Paulo em 2024 para acelerar os investimentos e promover a universaliza\u00e7\u00e3o do acesso \u00e0 \u00e1gua tratada e esgoto. Atualmente, a Companhia possui 1,2 mil frentes de obra em andamento, seis vezes mais [&hellip;]<\/p>\n","protected":false},"author":1,"featured_media":0,"comment_status":"","ping_status":"open","sticky":false,"template":"","format":"standard","meta":{"_jetpack_newsletter_access":"","_jetpack_dont_email_post_to_subs":false,"_jetpack_newsletter_tier_id":0,"_jetpack_memberships_contains_paywalled_content":false,"_mbp_banners":[],"_jetpack_feature_clip_id":0,"_jetpack_memberships_contains_paid_content":false,"footnotes":"","jetpack_publicize_message":"","jetpack_publicize_feature_enabled":true,"jetpack_social_post_already_shared":true,"jetpack_social_options":{"image_generator_settings":{"template":"highway","default_image_id":0,"font":"","enabled":false},"version":2},"jetpack_post_was_ever_published":false},"categories":[21],"tags":[],"class_list":["post-69923","post","type-post","status-publish","format-standard","category-sp-news"],"jetpack_publicize_connections":[],"jetpack-related-posts":[],"jetpack_shortlink":"https:\/\/wp.me\/p7Eq1F-ibN","jetpack_sharing_enabled":true,"jetpack_featured_media_url":"","_links":{"self":[{"href":"https:\/\/guialimeira.com.br\/news\/wp-json\/wp\/v2\/posts\/69923","targetHints":{"allow":["GET"]}}],"collection":[{"href":"https:\/\/guialimeira.com.br\/news\/wp-json\/wp\/v2\/posts"}],"about":[{"href":"https:\/\/guialimeira.com.br\/news\/wp-json\/wp\/v2\/types\/post"}],"author":[{"embeddable":true,"href":"https:\/\/guialimeira.com.br\/news\/wp-json\/wp\/v2\/users\/1"}],"replies":[{"embeddable":true,"href":"https:\/\/guialimeira.com.br\/news\/wp-json\/wp\/v2\/comments?post=69923"}],"version-history":[{"count":0,"href":"https:\/\/guialimeira.com.br\/news\/wp-json\/wp\/v2\/posts\/69923\/revisions"}],"wp:attachment":[{"href":"https:\/\/guialimeira.com.br\/news\/wp-json\/wp\/v2\/media?parent=69923"}],"wp:term":[{"taxonomy":"category","embeddable":true,"href":"https:\/\/guialimeira.com.br\/news\/wp-json\/wp\/v2\/categories?post=69923"},{"taxonomy":"post_tag","embeddable":true,"href":"https:\/\/guialimeira.com.br\/news\/wp-json\/wp\/v2\/tags?post=69923"}],"curies":[{"name":"wp","href":"https:\/\/api.w.org\/{rel}","templated":true}]}}