{"id":69918,"date":"2026-06-22T12:39:54","date_gmt":"2026-06-22T15:39:54","guid":{"rendered":"https:\/\/guialimeira.com.br\/educacao-de-sp-prorroga-inscricoes-de-processos-seletivos-para-professores-da-rede-estadual\/"},"modified":"2026-06-22T12:39:54","modified_gmt":"2026-06-22T15:39:54","slug":"educacao-de-sp-prorroga-inscricoes-de-processos-seletivos-para-professores-da-rede-estadual","status":"publish","type":"post","link":"https:\/\/guialimeira.com.br\/news\/educacao-de-sp-prorroga-inscricoes-de-processos-seletivos-para-professores-da-rede-estadual\/","title":{"rendered":"Educa\u00e7\u00e3o de SP prorroga inscri\u00e7\u00f5es de processos seletivos para professores da rede estadual"},"content":{"rendered":"<p> <br \/>\n<br \/><img data-recalc-dims=\"1\" decoding=\"async\" src=\"https:\/\/i0.wp.com\/www.agenciasp.sp.gov.br\/wp-content\/uploads\/2025\/04\/professora-rede-estadual.jpg?w=696&#038;ssl=1\" \/><\/p>\n<div>\n<p class=\"wp-block-paragraph\">A Secretaria da Educa\u00e7\u00e3o do Estado de S\u00e3o Paulo (Seduc-SP) prorrogou os prazos de inscri\u00e7\u00f5es para os processos seletivos de professores.\u00a0 Est\u00e3o em andamento dois concursos: um para candidatos a vagas em classes do Ensino Fundamental (anos iniciais e anos finais) e Ensino M\u00e9dio e outro exclusivo para turmas do Ensino M\u00e9dio t\u00e9cnico. Os aprovados ter\u00e3o aulas atribu\u00eddas a partir do ano letivo de 2027. <\/p>\n<p class=\"wp-block-paragraph\">Para a sele\u00e7\u00e3o da educa\u00e7\u00e3o b\u00e1sica, os candidatos t\u00eam at\u00e9 a pr\u00f3xima quinta-feira (25) para finalizar o cadastro neste <a href=\"https:\/\/conhecimento.fgv.br\/concursos\/seducsp26edbasica\" target=\"_blank\" rel=\"noopener\">link<\/a>. A prova objetiva est\u00e1 agendada para 16 de agosto.<\/p>\n<p class=\"wp-block-paragraph\"><strong>LEIA TAMB\u00c9M:<\/strong><a href=\"https:\/\/www.agenciasp.sp.gov.br\/processo-professores-termina-esta-semana\/\" rel=\"noopener\"><strong> <\/strong>SP recebe inscri\u00e7\u00f5es de processo seletivo para professores de Ensino Fundamental, M\u00e9dio e M\u00e9dio t\u00e9cnico<\/a><\/p>\n<p>Podem concorrer \u00e0s vagas dos anos iniciais do Fundamental profissionais com diploma de curso normal superior, de licenciatura em Pedagogia, de habilita\u00e7\u00e3o espec\u00edfica para o magist\u00e9rio, de licenciatura em educa\u00e7\u00e3o do campo ou do programa especial de forma\u00e7\u00e3o pedag\u00f3gica superior. Para os anos finais do Fundamental e M\u00e9dio, os interessados devem comprovar diploma de licenciatura plena em componentes da matriz curricular do Estado de S\u00e3o Paulo.<\/p>\n<p>Para interessados em dar aulas em classes do itiner\u00e1rio de forma\u00e7\u00e3o t\u00e9cnico profissional do Ensino M\u00e9dio, as inscri\u00e7\u00f5es seguem abertas at\u00e9 sexta-feira (26) neste <a href=\"https:\/\/conhecimento.fgv.br\/concursos\/seducsp26tecnico\" target=\"_blank\" rel=\"noopener\">link<\/a>. As provas objetivas e discursivas est\u00e3o marcadas para 23 de agosto.<\/p>\n<p class=\"wp-block-paragraph\"><strong>LEIA TAMB\u00c9M: <\/strong><a href=\"https:\/\/www.agenciasp.sp.gov.br\/sp-inscreve-para-vagas-de-professores-de-ensino-fundamental-medio-e-medio-tecnico\/\" rel=\"noopener\">SP abre inscri\u00e7\u00f5es para professores com diferentes forma\u00e7\u00f5es e experi\u00eancias profissionais<\/a><\/p>\n<p>A sele\u00e7\u00e3o \u00e9 voltada a profissionais com\u00a0 forma\u00e7\u00e3o em cursos de licenciatura, bacharelado ou tecn\u00f3logos, al\u00e9m de especialistas com not\u00f3rio saber e t\u00e9cnicos com experi\u00eancia comprovada, conforme crit\u00e9rios estabelecidos na Delibera\u00e7\u00e3o CEE n\u00ba 207\/2022.\u00a0<\/p>\n<h3 class=\"wp-block-heading\">Vagas em todas as regi\u00f5es do Estado<\/h3>\n<p class=\"wp-block-paragraph\">Para os dois processos seletivos, h\u00e1 vagas na capital, regi\u00e3o metropolitana, interior e litoral paulista. A taxa de inscri\u00e7\u00e3o \u00e9 de R$ 60 para cada concurso.<\/p>\n<p>Na rede estadual paulista a remunera\u00e7\u00e3o para jornada de 40 horas semanais \u00e9 de R$ 5.565,00. Os docentes que atuam em unidades do Programa Ensino Integral est\u00e3o vinculados ao regime de dedica\u00e7\u00e3o exclusiva e t\u00eam direito \u00e0 gratifica\u00e7\u00e3o no valor de R$ 2.120,00.<\/p>\n<p>A contrata\u00e7\u00e3o \u00e9 por tempo determinado. Uma vez contratado, o docente poder\u00e1 permanecer vinculado \u00e0 Seduc-SP por um per\u00edodo de at\u00e9 tr\u00eas anos.\u00a0<\/p>\n<\/p><\/div>\n<p><br \/>\n<br \/><a href=\"https:\/\/www.agenciasp.sp.gov.br\/sp-prorroga-processos-seletivo-professores\/\" rel=\"noopener\">Informa\u00e7\u00f5es GOV.SP<\/a><\/p>\n","protected":false},"excerpt":{"rendered":"<p>A Secretaria da Educa\u00e7\u00e3o do Estado de S\u00e3o Paulo (Seduc-SP) prorrogou os prazos de inscri\u00e7\u00f5es para os processos seletivos de professores.\u00a0 Est\u00e3o em andamento dois concursos: um para candidatos a vagas em classes do Ensino Fundamental (anos iniciais e anos finais) e Ensino M\u00e9dio e outro exclusivo para turmas do Ensino M\u00e9dio t\u00e9cnico. Os aprovados [&hellip;]<\/p>\n","protected":false},"author":1,"featured_media":69919,"comment_status":"","ping_status":"open","sticky":false,"template":"","format":"standard","meta":{"_jetpack_newsletter_access":"","_jetpack_dont_email_post_to_subs":false,"_jetpack_newsletter_tier_id":0,"_jetpack_memberships_contains_paywalled_content":false,"_mbp_banners":[],"_jetpack_feature_clip_id":0,"_jetpack_memberships_contains_paid_content":false,"footnotes":"","jetpack_publicize_message":"","jetpack_publicize_feature_enabled":true,"jetpack_social_post_already_shared":true,"jetpack_social_options":{"image_generator_settings":{"template":"highway","default_image_id":0,"font":"","enabled":false},"version":2},"jetpack_post_was_ever_published":false},"categories":[21],"tags":[],"class_list":["post-69918","post","type-post","status-publish","format-standard","has-post-thumbnail","category-sp-news"],"jetpack_publicize_connections":[],"jetpack-related-posts":[],"jetpack_shortlink":"https:\/\/wp.me\/p7Eq1F-ibI","jetpack_sharing_enabled":true,"jetpack_featured_media_url":"https:\/\/i0.wp.com\/guialimeira.com.br\/news\/wp-content\/uploads\/2026\/06\/Educacao-de-SP-prorroga-inscricoes-de-processos-seletivos-para-professores.jpg?fit=700%2C480&ssl=1","_links":{"self":[{"href":"https:\/\/guialimeira.com.br\/news\/wp-json\/wp\/v2\/posts\/69918","targetHints":{"allow":["GET"]}}],"collection":[{"href":"https:\/\/guialimeira.com.br\/news\/wp-json\/wp\/v2\/posts"}],"about":[{"href":"https:\/\/guialimeira.com.br\/news\/wp-json\/wp\/v2\/types\/post"}],"author":[{"embeddable":true,"href":"https:\/\/guialimeira.com.br\/news\/wp-json\/wp\/v2\/users\/1"}],"replies":[{"embeddable":true,"href":"https:\/\/guialimeira.com.br\/news\/wp-json\/wp\/v2\/comments?post=69918"}],"version-history":[{"count":0,"href":"https:\/\/guialimeira.com.br\/news\/wp-json\/wp\/v2\/posts\/69918\/revisions"}],"wp:featuredmedia":[{"embeddable":true,"href":"https:\/\/guialimeira.com.br\/news\/wp-json\/wp\/v2\/media\/69919"}],"wp:attachment":[{"href":"https:\/\/guialimeira.com.br\/news\/wp-json\/wp\/v2\/media?parent=69918"}],"wp:term":[{"taxonomy":"category","embeddable":true,"href":"https:\/\/guialimeira.com.br\/news\/wp-json\/wp\/v2\/categories?post=69918"},{"taxonomy":"post_tag","embeddable":true,"href":"https:\/\/guialimeira.com.br\/news\/wp-json\/wp\/v2\/tags?post=69918"}],"curies":[{"name":"wp","href":"https:\/\/api.w.org\/{rel}","templated":true}]}}