{"id":69911,"date":"2026-06-22T11:38:07","date_gmt":"2026-06-22T14:38:07","guid":{"rendered":"https:\/\/guialimeira.com.br\/centro-de-recuperacao-do-governo-de-sp-devolve-femea-de-gato-do-mato-resgatada-ainda-filhote-a-natureza\/"},"modified":"2026-06-22T11:38:07","modified_gmt":"2026-06-22T14:38:07","slug":"centro-de-recuperacao-do-governo-de-sp-devolve-femea-de-gato-do-mato-resgatada-ainda-filhote-a-natureza","status":"publish","type":"post","link":"https:\/\/guialimeira.com.br\/news\/centro-de-recuperacao-do-governo-de-sp-devolve-femea-de-gato-do-mato-resgatada-ainda-filhote-a-natureza\/","title":{"rendered":"Centro de recupera\u00e7\u00e3o do Governo de SP devolve f\u00eamea de gato-do-mato resgatada ainda filhote \u00e0 natureza"},"content":{"rendered":"<p> <br \/>\n<\/p>\n<div>\n<p class=\"wp-block-paragraph\">Com aproximadamente um m\u00eas de idade, uma jovem gata-do-mato-pequeno-do-sul precisou enfrentar sozinha um desafio que, na natureza, costuma ser decisivo para a sobreviv\u00eancia de qualquer animal silvestre: crescer sem a prote\u00e7\u00e3o da m\u00e3e.\u00a0Encontrada em janeiro dentro de um galinheiro em Cajati, no Vale do Ribeira, a f\u00eamea estava acompanhada da m\u00e3e quando um ataque de c\u00e3es provocou a fuga da felina adulta. A filhote ficou para tr\u00e1s e foi resgatada e encaminhada ao Centro de Triagem e Recupera\u00e7\u00e3o\u00a0de Animais Silvestres de Registro (Cetras-Registro), da <a href=\"https:\/\/semil.sp.gov.br\/\" target=\"_blank\" rel=\"noopener\">Secretaria de Meio Ambiente, Infraestrutura e Log\u00edstica do Estado de S\u00e3o Paulo (Semil).<\/a>\u00a0<\/p>\n<p class=\"wp-block-paragraph\">Ap\u00f3s quase seis meses de cuidados especializados, treinamento comportamental e acompanhamento constante, a pequena felina finalmente voltou \u00e0 Mata Atl\u00e2ntica. A soltura foi realizada no Parque Estadual do Rio Turvo, em Cajati,\u00a0sob gest\u00e3o da Funda\u00e7\u00e3o Florestal, vinculada \u00e0\u00a0<a href=\"https:\/\/semil.sp.gov.br\/\" target=\"_blank\" rel=\"noopener\">Semil<\/a>.\u00a0Ao deixar a caixa de transporte e desaparecer entre a vegeta\u00e7\u00e3o da floresta, a jovem\u00a0gata-do-mato\u00a0encerrou uma trajet\u00f3ria de reabilita\u00e7\u00e3o que mobilizou a equipe do Cetras-Registro desde os seus primeiros dias de vida.\u00a0<\/p>\n<p class=\"wp-block-paragraph\"><strong>LEIA TAMB\u00c9M: <\/strong><a href=\"https:\/\/www.agenciasp.sp.gov.br\/unesp-atendimento-fauna-silvestre-paulista\/\" rel=\"noopener\">Unesp amplia atendimento \u00e0 fauna silvestre paulista com novas estruturas nos campi de Botucatu e Ara\u00e7atuba<\/a><\/p>\n<p class=\"wp-block-paragraph\">Logo ap\u00f3s a chegada ao Cetras, a equipe t\u00e9cnica formada por bi\u00f3logos e m\u00e9dicos-veterin\u00e1rios constatou que a filhote apresentava bom estado geral de sa\u00fade. Ainda assim, por conta da pouca idade, ela dependia de aten\u00e7\u00e3o permanente.\u00a0<\/p>\n<figure class=\"wp-block-image size-full\"><img data-recalc-dims=\"1\" fetchpriority=\"high\" decoding=\"async\" width=\"696\" height=\"928\" src=\"https:\/\/i0.wp.com\/www.agenciasp.sp.gov.br\/wp-content\/uploads\/2026\/06\/WhatsApp-Image-2026-06-11-at-16.09.19-768x1024-1.jpeg?resize=696%2C928&#038;ssl=1\" alt=\"\" class=\"wp-image-153811 lazy\" srcset=\"https:\/\/www.agenciasp.sp.gov.br\/wp-content\/uploads\/2026\/06\/WhatsApp-Image-2026-06-11-at-16.09.19-768x1024-1.jpeg 768w, https:\/\/www.agenciasp.sp.gov.br\/wp-content\/uploads\/2026\/06\/WhatsApp-Image-2026-06-11-at-16.09.19-768x1024-1-225x300.jpeg 225w, https:\/\/www.agenciasp.sp.gov.br\/wp-content\/uploads\/2026\/06\/WhatsApp-Image-2026-06-11-at-16.09.19-768x1024-1-640x853.jpeg 640w, https:\/\/www.agenciasp.sp.gov.br\/wp-content\/uploads\/2026\/06\/WhatsApp-Image-2026-06-11-at-16.09.19-768x1024-1-150x200.jpeg 150w\" data-sizes=\"(max-width: 768px) 100vw, 768px\"\/><figcaption class=\"wp-element-caption\">F\u00eamea de gato-do-mato resgatada ainda filhote retorna \u00e0 natureza<\/figcaption><\/figure>\n<p class=\"wp-block-paragraph\">O maior desafio era garantir seu desenvolvimento sem a presen\u00e7a materna e, ao mesmo tempo, evitar a cria\u00e7\u00e3o de v\u00ednculos com seres humanos. Nos primeiros meses, a alimenta\u00e7\u00e3o era feita com mamadeiras oferecidas a cada duas horas, sempre seguindo protocolos que evitavam a associa\u00e7\u00e3o entre pessoas e alimento.\u00a0<\/p>\n<p class=\"wp-block-paragraph\">Com o crescimento\u00a0da filhote, os cuidados evolu\u00edram. Presas abatidas passaram a fazer parte da rotina alimentar, utilizando roedores criados no pr\u00f3prio biot\u00e9rio do Cetras. Posteriormente, a jovem foi transferida para um recinto externo, com mais espa\u00e7o, enriquecimento ambiental e est\u00edmulos voltados ao desenvolvimento dos comportamentos naturais da esp\u00e9cie.\u00a0<\/p>\n<p class=\"wp-block-paragraph\">Nessa etapa, foram introduzidas presas vivas, fundamentais para que o animal desenvolvesse habilidades de persegui\u00e7\u00e3o, emboscada e captura. Na natureza, pequenos roedores representam cerca de 80% da dieta do gato-do-mato-pequeno-do-sul.\u00a0<\/p>\n<p class=\"wp-block-paragraph\"><strong>LEIA TAMB\u00c9M: <\/strong><a href=\"https:\/\/www.agenciasp.sp.gov.br\/sp-municipios-pesquisa-bem-estar-animal\/\" rel=\"noopener\">Governo de SP vai ouvir munic\u00edpios em pesquisa de bem-estar animal<\/a><\/p>\n<p class=\"wp-block-paragraph\">Durante todo o processo, o desenvolvimento f\u00edsico e comportamental foi acompanhado por meio de c\u00e2meras, que registravam a rotina da felina sem interferir em seu comportamento. As imagens permitiram \u00e0 equipe avaliar aspectos importantes para a soltura, como a capacidade de ca\u00e7a, o uso de abrigos naturais e a evita\u00e7\u00e3o do contato humano.\u00a0<\/p>\n<p class=\"wp-block-paragraph\">Para a chefe de departamento do Cetras-Registro, Hanna\u00a0Sibuya\u00a0Kokubun, cada reabilita\u00e7\u00e3o bem-sucedida representa uma vit\u00f3ria para a conserva\u00e7\u00e3o da fauna paulista.\u00a0\u201cVer esse animal retornando \u00e0 natureza foi a recompensa de um trabalho que exigiu dedica\u00e7\u00e3o di\u00e1ria, conhecimento t\u00e9cnico e muito cuidado. Desde os primeiros dias de vida, nossa equipe trabalhou para que\u00a0essa filhote\u00a0tivesse a oportunidade de desenvolver os comportamentos necess\u00e1rios para sobreviver em ambiente natural. A soltura simboliza n\u00e3o apenas a recupera\u00e7\u00e3o de um indiv\u00edduo, mas tamb\u00e9m o fortalecimento dos esfor\u00e7os de conserva\u00e7\u00e3o da fauna silvestre na Mata Atl\u00e2ntica\u201d, afirma.\u00a0<\/p>\n<p class=\"wp-block-paragraph\">Segundo Larissa\u00a0Calis\u00a0e\u00a0Wanderly\u00a0Ferreira, bi\u00f3logos respons\u00e1veis pelo acompanhamento do caso, a oferta de diferentes tipos de presas ao longo da reabilita\u00e7\u00e3o\u00a0foi\u00a0essencial para preparar o animal para a vida livre. A diversidade de est\u00edmulos ajuda\u00a0a desenvolver estrat\u00e9gias variadas de ca\u00e7a e aumenta\u00a0as chances de sobreviv\u00eancia ap\u00f3s a soltura.\u00a0<\/p>\n<p class=\"wp-block-paragraph\">A devolu\u00e7\u00e3o da jovem felina \u00e0 natureza tamb\u00e9m refor\u00e7a o papel dos predadores nativos na manuten\u00e7\u00e3o do equil\u00edbrio ecol\u00f3gico dos ecossistemas. Esp\u00e9cies como o gato-do-mato ajudam a controlar popula\u00e7\u00f5es de pequenos vertebrados e contribuem para o funcionamento saud\u00e1vel das florestas.\u00a0<\/p>\n<h3 class=\"wp-block-heading\">Esperan\u00e7a \u00e0 fauna\u00a0<\/h3>\n<p class=\"wp-block-paragraph\">O trabalho realizado pelo Cetras-Registro tem acumulado resultados importantes na recupera\u00e7\u00e3o de animais silvestres da regi\u00e3o.\u00a0<\/p>\n<p class=\"wp-block-paragraph\">Em maio deste ano, uma pregui\u00e7a voltou \u00e0 natureza em uma \u00e1rea preservada do Parque Estadual Carlos Botelho ap\u00f3s cerca de 60 dias de tratamento e reabilita\u00e7\u00e3o. O animal havia sido atropelado em uma rodovia e sofreu fraturas em duas das tr\u00eas garras do membro dianteiro esquerdo, que precisaram ser amputadas. Ap\u00f3s um longo per\u00edodo de recupera\u00e7\u00e3o, a pregui\u00e7a voltou a escalar \u00e1rvores, se deslocar entre os galhos e se alimentar normalmente, demonstrando estar apta para retornar ao ambiente natural.\u00a0<\/p>\n<p class=\"wp-block-paragraph\">Outra hist\u00f3ria que em breve dever\u00e1 ganhar um novo cap\u00edtulo \u00e9 a de uma jaguatirica que atualmente passa por processo de reabilita\u00e7\u00e3o no Cetras-Registro\u00a0e tamb\u00e9m\u00a0est\u00e1 sendo preparada para futura soltura.\u00a0<\/p>\n<p class=\"wp-block-paragraph\">Casos como esses demonstram a import\u00e2ncia do trabalho desenvolvido pela unidade da\u00a0Semil\u00a0no Vale do Ribeira. Mais do que recuperar indiv\u00edduos feridos ou \u00f3rf\u00e3os, o objetivo \u00e9 devolver \u00e0 natureza animais capazes de desempenhar novamente seu papel ecol\u00f3gico e contribuir para a conserva\u00e7\u00e3o de um dos biomas mais ricos e amea\u00e7ados do planeta: a Mata Atl\u00e2ntica.\u00a0<\/p>\n<p class=\"wp-block-paragraph\">Desde sua inaugura\u00e7\u00e3o, em agosto de 2024, o Cetras-Registro recebeu 1.876 animais silvestres. Nesse per\u00edodo, 479 indiv\u00edduos conclu\u00edram o processo de reabilita\u00e7\u00e3o. Entre eles, 62% puderam retornar \u00e0 natureza, enquanto os demais foram destinados a\u00a0empreendimentos\u00a0devidamente autorizados, de acordo com as necessidades de cada caso.\u00a0<\/p>\n<p class=\"wp-block-paragraph\">N\u00fameros que ajudam a traduzir a import\u00e2ncia de hist\u00f3rias como a desta jovem felina que, ao deixar a caixa de transporte e desaparecer entre as \u00e1rvores do Parque Estadual do Rio Turvo, voltou a ocupar seu lugar na floresta onde nasceu.<\/p>\n<\/p><\/div>\n<p><br \/>\n<br \/><a href=\"https:\/\/www.agenciasp.sp.gov.br\/femea-de-gato-mato-filhote-retorn-natureza\/\" rel=\"noopener\">Informa\u00e7\u00f5es GOV.SP<\/a><\/p>\n","protected":false},"excerpt":{"rendered":"<p>Com aproximadamente um m\u00eas de idade, uma jovem gata-do-mato-pequeno-do-sul precisou enfrentar sozinha um desafio que, na natureza, costuma ser decisivo para a sobreviv\u00eancia de qualquer animal silvestre: crescer sem a prote\u00e7\u00e3o da m\u00e3e.\u00a0Encontrada em janeiro dentro de um galinheiro em Cajati, no Vale do Ribeira, a f\u00eamea estava acompanhada da m\u00e3e quando um ataque de [&hellip;]<\/p>\n","protected":false},"author":1,"featured_media":69912,"comment_status":"","ping_status":"open","sticky":false,"template":"","format":"standard","meta":{"_jetpack_newsletter_access":"","_jetpack_dont_email_post_to_subs":false,"_jetpack_newsletter_tier_id":0,"_jetpack_memberships_contains_paywalled_content":false,"_mbp_banners":[],"_jetpack_feature_clip_id":0,"_jetpack_memberships_contains_paid_content":false,"footnotes":"","jetpack_publicize_message":"","jetpack_publicize_feature_enabled":true,"jetpack_social_post_already_shared":true,"jetpack_social_options":{"image_generator_settings":{"template":"highway","default_image_id":0,"font":"","enabled":false},"version":2},"jetpack_post_was_ever_published":false},"categories":[21],"tags":[],"class_list":["post-69911","post","type-post","status-publish","format-standard","has-post-thumbnail","category-sp-news"],"jetpack_publicize_connections":[],"jetpack-related-posts":[],"jetpack_shortlink":"https:\/\/wp.me\/p7Eq1F-ibB","jetpack_sharing_enabled":true,"jetpack_featured_media_url":"https:\/\/i0.wp.com\/guialimeira.com.br\/news\/wp-content\/uploads\/2026\/06\/Centro-de-recuperacao-do-Governo-de-SP-devolve-femea-de.jpeg?fit=768%2C1024&ssl=1","_links":{"self":[{"href":"https:\/\/guialimeira.com.br\/news\/wp-json\/wp\/v2\/posts\/69911","targetHints":{"allow":["GET"]}}],"collection":[{"href":"https:\/\/guialimeira.com.br\/news\/wp-json\/wp\/v2\/posts"}],"about":[{"href":"https:\/\/guialimeira.com.br\/news\/wp-json\/wp\/v2\/types\/post"}],"author":[{"embeddable":true,"href":"https:\/\/guialimeira.com.br\/news\/wp-json\/wp\/v2\/users\/1"}],"replies":[{"embeddable":true,"href":"https:\/\/guialimeira.com.br\/news\/wp-json\/wp\/v2\/comments?post=69911"}],"version-history":[{"count":0,"href":"https:\/\/guialimeira.com.br\/news\/wp-json\/wp\/v2\/posts\/69911\/revisions"}],"wp:featuredmedia":[{"embeddable":true,"href":"https:\/\/guialimeira.com.br\/news\/wp-json\/wp\/v2\/media\/69912"}],"wp:attachment":[{"href":"https:\/\/guialimeira.com.br\/news\/wp-json\/wp\/v2\/media?parent=69911"}],"wp:term":[{"taxonomy":"category","embeddable":true,"href":"https:\/\/guialimeira.com.br\/news\/wp-json\/wp\/v2\/categories?post=69911"},{"taxonomy":"post_tag","embeddable":true,"href":"https:\/\/guialimeira.com.br\/news\/wp-json\/wp\/v2\/tags?post=69911"}],"curies":[{"name":"wp","href":"https:\/\/api.w.org\/{rel}","templated":true}]}}