{"id":6991,"date":"2024-05-29T22:07:22","date_gmt":"2024-05-30T01:07:22","guid":{"rendered":"https:\/\/guialimeira.com.br\/2024\/05\/29\/feriado-tem-200-anos-da-imigracao-alema-e-homenagem-a-ziraldo\/"},"modified":"2024-05-29T22:07:22","modified_gmt":"2024-05-30T01:07:22","slug":"feriado-tem-200-anos-da-imigracao-alema-e-homenagem-a-ziraldo","status":"publish","type":"post","link":"https:\/\/guialimeira.com.br\/news\/feriado-tem-200-anos-da-imigracao-alema-e-homenagem-a-ziraldo\/","title":{"rendered":"Feriado tem 200 anos da imigra\u00e7\u00e3o alem\u00e3 e homenagem a Ziraldo"},"content":{"rendered":"<p> <br \/>\n<\/p>\n<div id=\"\">&#13;<br \/>\n                                <!-- Title -->&#13;<br \/>\n                                &#13;<br \/>\n&#13;<br \/>\n                                <!-- Excerpt -->&#13;<\/p>\n<p class=\"excerpt\">Confira as dicas culturais para aproveitar na capital paulista e no interior do estado<\/p>\n<p>&#13;<br \/>\n&#13;<br \/>\n                                &#13;\n                            <\/p><\/div>\n<div id=\"\">&#13;<\/p>\n<p><iframe loading=\"lazy\" title=\"Feriado tem 200 anos da imigra\u00e7\u00e3o alem\u00e3 no Brasil, espet\u00e1culos para crian\u00e7as e homenagem ao Ziraldo by Governo do Estado de S\u00e3o Paulo\" width=\"587\" height=\"330\" scrolling=\"no\" frameborder=\"no\" src=\"https:\/\/w.soundcloud.com\/player\/?visual=true&amp;url=https%3A%2F%2Fapi.soundcloud.com%2Ftracks%2F1833008550&amp;show_artwork=true&amp;maxheight=330&amp;maxwidth=587\"><\/iframe><\/p>\n<p>\u00a0<\/p>\n<p>Quem estiver pela capital paulista neste <a href=\"https:\/\/www.saopaulo.sp.gov.br\/spnoticias\/ultimas-noticias\/confira-o-funcionamento-dos-servicos-estaduais-no-feriado-de-corpus-christi-4\/\" rel=\"noopener\">feriado prolongado<\/a> poder\u00e1 celebrar os 200 anos da imigra\u00e7\u00e3o alem\u00e3 no Brasil no Museu da Imigra\u00e7\u00e3o. O evento acontece neste s\u00e1bado (1), a partir das 10h, e tem entrada gratuita.<\/p>\n<p>A festa <a href=\"https:\/\/www.saopaulo.sp.gov.br\/spnoticias\/ultimas-noticias\/evento-celebra-200-anos-da-imigracao-alema-com-gastronomia-exposicao-musica-e-oficina\/\" rel=\"noopener\">\u201cAlemanha no Brasil \u2013 200 Anos de Imigra\u00e7\u00e3o\u201d<\/a> ter\u00e1 muita m\u00fasica, exposi\u00e7\u00f5es, comidas t\u00edpicas, dan\u00e7a, jogos, palestras e oficinas para toda a fam\u00edlia. A celebra\u00e7\u00e3o ocorre nos espa\u00e7os do museu, mostrando elementos culturais tradicionais e contempor\u00e2neos do pa\u00eds europeu.<\/p>\n<p>No Museu da Imagem e do Som, a exposi\u00e7\u00e3o \u201cPaisagens Peruanas\u201d re\u00fane fotografias e exibi\u00e7\u00e3o de quatro produ\u00e7\u00f5es recentes do cinema peruano, que incluem document\u00e1rios e fic\u00e7\u00f5es. As sess\u00f5es s\u00e3o gratuitas no s\u00e1bado e noo domingo, e os ingressos podem ser retirados na bilheteria do museu, uma hora antes do in\u00edcio das sess\u00f5es.<\/p>\n<p>No domingo (2), o Teatro S\u00e9rgio Cardoso tem novos espet\u00e1culos gratuitos para crian\u00e7as. Ser\u00e3o 30 atra\u00e7\u00f5es, que incluem apresenta\u00e7\u00f5es musicais e teatrais. O projeto oferece ao p\u00fablico infantil a oportunidade de vivenciar diferentes formas de express\u00e3o cultural. Os ingressos podem ser retirados na bilheteria do teatro uma hora antes das apresenta\u00e7\u00f5es e o espa\u00e7o est\u00e1 sujeito \u00e0 lota\u00e7\u00e3o.<\/p>\n<p>E, durante todo o m\u00eas de junho, as F\u00e1bricas de Cultura homenageiam as obras de Ziraldo. Crian\u00e7as e adultos poder\u00e3o explorar a diversidade das produ\u00e7\u00f5es do cartunista, desenhista e autor de v\u00e1rios livros infantis, dentre eles \u201cO Menino Maluquinho\u201d. A programa\u00e7\u00e3o \u00e9 toda gratuita e para mais detalhes acesse: <a href=\"http:\/\/www.fabricasdecultura.org.br\" rel=\"noopener\">www.fabricasdecultura.org.br<\/a><\/p>\n<p>Marque na agenda: o prazo para se inscrever nas aulas do segundo semestre da SP Escola de Teatro termina \u00e0s 17h do dia 2 de junho. S\u00e3o 66 novas vagas em oito cursos t\u00e9cnicos com dois anos de dura\u00e7\u00e3o cada e aulas gratuitas. A inscri\u00e7\u00e3o ocorre exclusivamente pela internet, no site da Fundatec: <a href=\"http:\/\/www.fundatec.org.br\" rel=\"noopener\">www.fundatec.org.br<\/a>.<\/p>\n<\/p><\/div>\n<p><br \/>\n<br \/><a href=\"https:\/\/www.saopaulo.sp.gov.br\/spnoticias\/ultimas-noticias\/feriado-tem-200-anos-da-imigracao-alema-espetaculo-para-criancas-e-homenagem-a-ziraldo\/\" rel=\"noopener\">Informa\u00e7\u00f5es GOV.SP<\/a><\/p>\n","protected":false},"excerpt":{"rendered":"<p>&#13; &#13; &#13; &#13; &#13; Confira as dicas culturais para aproveitar na capital paulista e no interior do estado &#13; &#13; &#13; &#13; \u00a0 Quem estiver pela capital paulista neste feriado prolongado poder\u00e1 celebrar os 200 anos da imigra\u00e7\u00e3o alem\u00e3 no Brasil no Museu da Imigra\u00e7\u00e3o. O evento acontece neste s\u00e1bado (1), a partir das [&hellip;]<\/p>\n","protected":false},"author":1,"featured_media":238,"comment_status":"open","ping_status":"open","sticky":false,"template":"","format":"standard","meta":{"_jetpack_newsletter_access":"","_jetpack_dont_email_post_to_subs":false,"_jetpack_newsletter_tier_id":0,"_jetpack_memberships_contains_paywalled_content":false,"_mbp_banners":[],"_jetpack_feature_clip_id":0,"_jetpack_memberships_contains_paid_content":false,"footnotes":"","jetpack_publicize_message":"","jetpack_publicize_feature_enabled":true,"jetpack_social_post_already_shared":true,"jetpack_social_options":{"image_generator_settings":{"template":"highway","default_image_id":0,"font":"","enabled":false},"version":2},"jetpack_post_was_ever_published":false},"categories":[21],"tags":[],"class_list":["post-6991","post","type-post","status-publish","format-standard","has-post-thumbnail","category-sp-news"],"jetpack_publicize_connections":[],"jetpack-related-posts":[],"jetpack_shortlink":"https:\/\/wp.me\/p7Eq1F-1OL","jetpack_sharing_enabled":true,"jetpack_featured_media_url":"https:\/\/i0.wp.com\/guialimeira.com.br\/news\/wp-content\/uploads\/2024\/03\/cover.png?fit=650%2C650&ssl=1","_links":{"self":[{"href":"https:\/\/guialimeira.com.br\/news\/wp-json\/wp\/v2\/posts\/6991","targetHints":{"allow":["GET"]}}],"collection":[{"href":"https:\/\/guialimeira.com.br\/news\/wp-json\/wp\/v2\/posts"}],"about":[{"href":"https:\/\/guialimeira.com.br\/news\/wp-json\/wp\/v2\/types\/post"}],"author":[{"embeddable":true,"href":"https:\/\/guialimeira.com.br\/news\/wp-json\/wp\/v2\/users\/1"}],"replies":[{"embeddable":true,"href":"https:\/\/guialimeira.com.br\/news\/wp-json\/wp\/v2\/comments?post=6991"}],"version-history":[{"count":0,"href":"https:\/\/guialimeira.com.br\/news\/wp-json\/wp\/v2\/posts\/6991\/revisions"}],"wp:featuredmedia":[{"embeddable":true,"href":"https:\/\/guialimeira.com.br\/news\/wp-json\/wp\/v2\/media\/238"}],"wp:attachment":[{"href":"https:\/\/guialimeira.com.br\/news\/wp-json\/wp\/v2\/media?parent=6991"}],"wp:term":[{"taxonomy":"category","embeddable":true,"href":"https:\/\/guialimeira.com.br\/news\/wp-json\/wp\/v2\/categories?post=6991"},{"taxonomy":"post_tag","embeddable":true,"href":"https:\/\/guialimeira.com.br\/news\/wp-json\/wp\/v2\/tags?post=6991"}],"curies":[{"name":"wp","href":"https:\/\/api.w.org\/{rel}","templated":true}]}}