{"id":69907,"date":"2026-06-22T11:18:11","date_gmt":"2026-06-22T14:18:11","guid":{"rendered":"https:\/\/guialimeira.com.br\/prefeito-e-presidente-do-sesc-visitam-obra-no-local-foram-discutidos-investimentos-em-parque-proximo-ao-empreendimento\/"},"modified":"2026-06-22T11:18:11","modified_gmt":"2026-06-22T14:18:11","slug":"prefeito-e-presidente-do-sesc-visitam-obra-no-local-foram-discutidos-investimentos-em-parque-proximo-ao-empreendimento","status":"publish","type":"post","link":"https:\/\/guialimeira.com.br\/news\/prefeito-e-presidente-do-sesc-visitam-obra-no-local-foram-discutidos-investimentos-em-parque-proximo-ao-empreendimento\/","title":{"rendered":"Prefeito e presidente do Sesc visitam obra; no local foram discutidos investimentos em parque pr\u00f3ximo ao empreendimento"},"content":{"rendered":"<p> <br \/>\n<\/p>\n<div>\n                <main class=\"\">&#13;<br \/>\n                    &#13;<br \/>\n&#13;<br \/>\n&#13;<br \/>\n&#13;<br \/>\n&#13;<br \/>\n&#13;<br \/>\n    <img data-recalc-dims=\"1\" decoding=\"async\" src=\"https:\/\/i0.wp.com\/ecrie.com.br\/sistema\/conteudos\/imagem\/m_137_0_1_22062026110056.jpg?w=696&#038;ssl=1\" alt=\"Prefeito e presidente do Sesc visitam obra; no local foram discutidos investimentos em parque pr\u00f3ximo ao empreendimento\"\/>&#13;<br \/>\n&#13;<br \/>\n&#13;<\/p>\n<p>\u00a0<\/p>\n<p>&#13;<\/p>\n<p style=\"text-align: justify;\">O prefeito Murilo F\u00e9lix visitou nesta semana o canteiro de obras da nova unidade do Sesc, no Jardim Olga Veroni, em Limeira. Participaram do encontro o diretor regional do Sesc S\u00e3o Paulo, Luiz Galina; o presidente e o vice-presidente do Sicom\u00e9rcio Limeira, Martim Medeiros e Rog\u00e9rio Delmondi; e os secret\u00e1rios municipais Celso Gon\u00e7alves (Obras e Servi\u00e7os P\u00fablicos), F\u00e1bio Luccas Rosa Junior (Meio Ambiente e Saneamento) e Bruno Cunha (Comunica\u00e7\u00e3o).<\/p>\n<p>&#13;<\/p>\n<p style=\"text-align: justify;\">Durante a reuni\u00e3o, foi discutida a parceria para a gest\u00e3o de uma \u00c1rea de Preserva\u00e7\u00e3o Permanente (APP) localizada ao lado da unidade. O terreno foi cercado durante a execu\u00e7\u00e3o da obra para garantir a seguran\u00e7a dos moradores do entorno. Em visita ao local, Murilo F\u00e9lix se comprometeu a recuperar uma passarela sobre o c\u00f3rrego que corta a \u00e1rea.<\/p>\n<p>&#13;<\/p>\n<p style=\"text-align: justify;\">O grupo seguiu ainda at\u00e9 outro terreno pr\u00f3ximo ao Sesc, de propriedade do munic\u00edpio. No governo de S\u00edlvio F\u00e9lix, o espa\u00e7o abrigava um parque p\u00fablico, com playground e pista de caminhada, mas foi abandonado nas gest\u00f5es seguintes e hoje est\u00e1 desativado. O prefeito prop\u00f4s a realiza\u00e7\u00e3o de investimentos na recupera\u00e7\u00e3o do local, com possibilidade de o Sesc colaborar com a gest\u00e3o do espa\u00e7o.<\/p>\n<p>&#13;<\/p>\n<p style=\"text-align: justify;\"><strong>Parceria com o munic\u00edpio<\/strong><\/p>\n<p>&#13;<\/p>\n<p style=\"text-align: justify;\">Murilo F\u00e9lix destacou ainda a import\u00e2ncia do Sesc para a cidade. Segundo ele, a doa\u00e7\u00e3o do terreno ao Sesc, feita h\u00e1 anos pela administra\u00e7\u00e3o municipal, agora se concretiza em um investimento capaz de impulsionar o desenvolvimento da regi\u00e3o. Ele citou ainda o alcance social da obra, mencionando o residencial Olindo de Luca, pr\u00f3ximo ao terreno.<\/p>\n<p>&#13;<\/p>\n<p style=\"text-align: justify;\">O diretor regional Luiz Galina informou que a obra avan\u00e7a em ritmo acelerado, com entrega prevista para o primeiro semestre de 2028. Galina tamb\u00e9m ressaltou a parceria com o munic\u00edpio na condu\u00e7\u00e3o dos processos t\u00e9cnicos e na preserva\u00e7\u00e3o ambiental do entorno.<\/p>\n<p>&#13;<\/p>\n<p style=\"text-align: justify;\"><strong>Estrutura e servi\u00e7os<\/strong><\/p>\n<p>&#13;<\/p>\n<p style=\"text-align: justify;\">A projeto do Sesc est\u00e1 entre os maiores projetos do interior paulista. O investimento total \u00e9 estimado em R$ 300 milh\u00f5es, com cerca de R$ 50 milh\u00f5es adicionais destinados a mobili\u00e1rio e equipamentos. A unidade contar\u00e1 com teatro de 300 lugares, anfiteatro externo, espa\u00e7o expositivo, biblioteca, espa\u00e7o de tecnologia e artes, salas de m\u00faltiplo uso, espa\u00e7o de conviv\u00eancia e \u00e1rea de brincar. Ter\u00e1 tamb\u00e9m cl\u00ednica odontol\u00f3gica com quatro consult\u00f3rios e uma sala de cirurgia, gin\u00e1sio poliesportivo, espa\u00e7o de gin\u00e1stica multifuncional, salas de express\u00e3o corporal, parque aqu\u00e1tico coberto e descoberto e pra\u00e7a livre.<\/p>\n<p>&#13;<\/p>\n<p style=\"text-align: justify;\">\u00a0<\/p>\n<p>&#13;<\/p>\n<p>\u00a0<\/p>\n<p>&#13;<\/p>\n<p>\u00a0<\/p>\n<p>&#13;<br \/>\n&#13;<br \/>\n&#13;<br \/>\n&#13;<\/p>\n<article class=\"conteudo-relacionado no-print\">&#13;<br \/>\n        &#13;<br \/>\n&#13;<br \/>\n        &#13;<br \/>\n    <\/article>\n<p>&#13;<br \/>\n&#13;<br \/>\n                <\/main><\/p><\/div>\n<p><br \/>\n<br \/><a href=\"https:\/\/limeira.sp.gov.br\/prefeito-e-presidente-do-sesc-visitam-obra-no-local-foram-discutidos-investimentos-em-parque-proximo-ao-empreendimento\" rel=\"noopener\">Informa\u00e7\u00f5es da PML <\/a><\/p>\n","protected":false},"excerpt":{"rendered":"<p>&#13; &#13; &#13; &#13; &#13; &#13; &#13; &#13; &#13; &#13; \u00a0 &#13; O prefeito Murilo F\u00e9lix visitou nesta semana o canteiro de obras da nova unidade do Sesc, no Jardim Olga Veroni, em Limeira. Participaram do encontro o diretor regional do Sesc S\u00e3o Paulo, Luiz Galina; o presidente e o vice-presidente do Sicom\u00e9rcio Limeira, Martim [&hellip;]<\/p>\n","protected":false},"author":1,"featured_media":69908,"comment_status":"","ping_status":"open","sticky":false,"template":"","format":"standard","meta":{"_jetpack_newsletter_access":"","_jetpack_dont_email_post_to_subs":false,"_jetpack_newsletter_tier_id":0,"_jetpack_memberships_contains_paywalled_content":false,"_mbp_banners":[],"_jetpack_feature_clip_id":0,"_jetpack_memberships_contains_paid_content":false,"footnotes":"","jetpack_publicize_message":"","jetpack_publicize_feature_enabled":true,"jetpack_social_post_already_shared":true,"jetpack_social_options":{"image_generator_settings":{"template":"highway","default_image_id":0,"font":"","enabled":false},"version":2},"jetpack_post_was_ever_published":false},"categories":[16],"tags":[],"class_list":["post-69907","post","type-post","status-publish","format-standard","has-post-thumbnail","category-local"],"jetpack_publicize_connections":[],"jetpack-related-posts":[],"jetpack_shortlink":"https:\/\/wp.me\/p7Eq1F-ibx","jetpack_sharing_enabled":true,"jetpack_featured_media_url":"https:\/\/i0.wp.com\/guialimeira.com.br\/news\/wp-content\/uploads\/2026\/06\/m_137_0_1_22062026110056.jpg?fit=1024%2C768&ssl=1","_links":{"self":[{"href":"https:\/\/guialimeira.com.br\/news\/wp-json\/wp\/v2\/posts\/69907","targetHints":{"allow":["GET"]}}],"collection":[{"href":"https:\/\/guialimeira.com.br\/news\/wp-json\/wp\/v2\/posts"}],"about":[{"href":"https:\/\/guialimeira.com.br\/news\/wp-json\/wp\/v2\/types\/post"}],"author":[{"embeddable":true,"href":"https:\/\/guialimeira.com.br\/news\/wp-json\/wp\/v2\/users\/1"}],"replies":[{"embeddable":true,"href":"https:\/\/guialimeira.com.br\/news\/wp-json\/wp\/v2\/comments?post=69907"}],"version-history":[{"count":0,"href":"https:\/\/guialimeira.com.br\/news\/wp-json\/wp\/v2\/posts\/69907\/revisions"}],"wp:featuredmedia":[{"embeddable":true,"href":"https:\/\/guialimeira.com.br\/news\/wp-json\/wp\/v2\/media\/69908"}],"wp:attachment":[{"href":"https:\/\/guialimeira.com.br\/news\/wp-json\/wp\/v2\/media?parent=69907"}],"wp:term":[{"taxonomy":"category","embeddable":true,"href":"https:\/\/guialimeira.com.br\/news\/wp-json\/wp\/v2\/categories?post=69907"},{"taxonomy":"post_tag","embeddable":true,"href":"https:\/\/guialimeira.com.br\/news\/wp-json\/wp\/v2\/tags?post=69907"}],"curies":[{"name":"wp","href":"https:\/\/api.w.org\/{rel}","templated":true}]}}