{"id":69903,"date":"2026-06-22T10:36:06","date_gmt":"2026-06-22T13:36:06","guid":{"rendered":"https:\/\/guialimeira.com.br\/com-apoio-do-banco-do-povo-paulista-empreendedores-ampliam-negocios-na-copa-do-mundo\/"},"modified":"2026-06-22T10:36:06","modified_gmt":"2026-06-22T13:36:06","slug":"com-apoio-do-banco-do-povo-paulista-empreendedores-ampliam-negocios-na-copa-do-mundo","status":"publish","type":"post","link":"https:\/\/guialimeira.com.br\/news\/com-apoio-do-banco-do-povo-paulista-empreendedores-ampliam-negocios-na-copa-do-mundo\/","title":{"rendered":"Com apoio do Banco do Povo Paulista, empreendedores ampliam neg\u00f3cios na Copa do Mundo"},"content":{"rendered":"<p> <br \/>\n<\/p>\n<div>\n<p class=\"wp-block-paragraph\">A Copa do Mundo de 2026 deve impulsionar 791 mil pequenos neg\u00f3cios no estado de S\u00e3o Paulo, segundo pesquisa do Sebrae-SP. Empreendedores paulistas apoiados pelo Banco do Povo Paulista (BPP), programa da Secretaria de Desenvolvimento Econ\u00f4mico (SDE), que oferece microcr\u00e9dito com condi\u00e7\u00f5es facilitadas para investimento e capital de giro, podem aproveitar o per\u00edodo com servi\u00e7os tem\u00e1ticos.<\/p>\n<p class=\"wp-block-paragraph\">A manicure Bianca Gamero Truquetti, de 32 anos, de Birigui, regi\u00e3o de Ara\u00e7atuba, est\u00e1 entre os 44% de empreendedores paulistas que lan\u00e7aram ou adaptaram produtos e servi\u00e7os inspirados na Copa do Mundo, segundo o Sebrae. O levantamento mostra que 698 mil microempreendedores individuais (MEIs) e 93 mil micro e pequenas empresas do estado devem ser impactados positivamente pela competi\u00e7\u00e3o. Realizada em abril, a pesquisa revela que 74% dos empres\u00e1rios estavam se preparando para o evento e outros 24% ainda pretendiam se organizar.<\/p>\n<p class=\"wp-block-paragraph\"><strong>LEIA TAMB\u00c9M: <a href=\"https:\/\/www.agenciasp.sp.gov.br\/feirao-casa-paulista-r-34-milhoes-sao-liberados-para-apoiar-familias-na-compra-do-primeiro-imovel\/\" rel=\"noopener\">Feir\u00e3o Casa Paulista: R$ 3,4 milh\u00f5es s\u00e3o liberados para apoiar fam\u00edlias na compra do primeiro im\u00f3vel no interior do estado<\/a><\/strong><\/p>\n<figure class=\"wp-block-image size-full\"><img data-recalc-dims=\"1\" fetchpriority=\"high\" decoding=\"async\" width=\"421\" height=\"427\" src=\"https:\/\/i0.wp.com\/www.agenciasp.sp.gov.br\/wp-content\/uploads\/2026\/06\/WhatsApp-Image-2026-06-19-at-13.42.49.jpeg?resize=421%2C427&#038;ssl=1\" alt=\"\" class=\"wp-image-153624 lazy\" srcset=\"https:\/\/www.agenciasp.sp.gov.br\/wp-content\/uploads\/2026\/06\/WhatsApp-Image-2026-06-19-at-13.42.49.jpeg 421w, https:\/\/www.agenciasp.sp.gov.br\/wp-content\/uploads\/2026\/06\/WhatsApp-Image-2026-06-19-at-13.42.49-296x300.jpeg 296w, https:\/\/www.agenciasp.sp.gov.br\/wp-content\/uploads\/2026\/06\/WhatsApp-Image-2026-06-19-at-13.42.49-96x96.jpeg 96w, https:\/\/www.agenciasp.sp.gov.br\/wp-content\/uploads\/2026\/06\/WhatsApp-Image-2026-06-19-at-13.42.49-150x152.jpeg 150w\" data-sizes=\"(max-width: 421px) 100vw, 421px\"\/><figcaption class=\"wp-element-caption\">Trabalho feito pela manicure Bianca Gamero, na regi\u00e3o de Ara\u00e7atuba \u2013 Divulga\u00e7\u00e3o\/Governo de S\u00e3o Paulo<\/figcaption><\/figure>\n<p class=\"wp-block-paragraph\">Bianca usou o microcr\u00e9dito do Banco do Povo para comprar materiais e equipar seu sal\u00e3o. O investimento ampliou a capacidade de atendimento e preparou o espa\u00e7o para receber mais clientes em \u00e9pocas de maior procura, como a Copa do Mundo em que utilizou esmaltes em verde, amarelo, azul e branco, francesinhas coloridas, brilho dourado e desenhos da bandeira do Brasil para atender aos pedidos das clientes que querem torcer em grande estilo.<\/p>\n<p class=\"wp-block-paragraph\">Segundo ela, a demanda por servi\u00e7os de beleza cresce neste per\u00edodo, quando muitas clientes se preparam para assistir aos jogos e participar de confraterniza\u00e7\u00f5es. \u201cAntes era tudo limitado, improvisado. Passei a ter um ambiente profissional e organizado. Indico o Banco do Povo, pois foi o impulso necess\u00e1rio para tirar o plano do papel e transformar em um neg\u00f3cio concreto. N\u00e3o \u00e9 s\u00f3 um empr\u00e9stimo, \u00e9 um ponto de virada\u201d, afirma.<\/p>\n<p class=\"wp-block-paragraph\"><strong>LEIA TAMB\u00c9M: <a href=\"https:\/\/www.agenciasp.sp.gov.br\/feirao-de-emprego-no-pat-do-imigrante-oferece-mais-de-400-vagas-para-refugiados-e-imigrantes-nesta-sexta-19\/\" rel=\"noopener\">Feir\u00e3o de Emprego no PAT do Imigrante oferece mais de 400 vagas para refugiados e imigrantes nesta sexta (19)<\/a><\/strong><\/p>\n<p class=\"wp-block-paragraph\">Hoje, Bianca consegue atender as clientes com mais conforto, organiza\u00e7\u00e3o e qualidade. \u201cSem a amplia\u00e7\u00e3o do espa\u00e7o e a compra de materiais e equipamentos, seria muito mais dif\u00edcil atender a demanda atual com a mesma qualidade e agilidade. O investimento fez toda a diferen\u00e7a para o desenvolvimento do meu neg\u00f3cio\u201d, completa.<\/p>\n<p class=\"wp-block-paragraph\">O Banco do Povo Paulista \u00e9 aliado para pequenos empreendedores como da Bianca que desejam investir em melhorias, ampliar a capacidade produtiva, refor\u00e7ar estoques ou garantir capital de giro para atender \u00e0 demanda do per\u00edodo. O programa oferece linhas de cr\u00e9dito de 200 a 21 mil reais com taxas reduzidas e condi\u00e7\u00f5es acess\u00edveis, contribuindo para fortalecer os neg\u00f3cios e estimular a gera\u00e7\u00e3o de emprego e renda.<\/p>\n<h3 class=\"wp-block-heading\">Sobre a SDE<\/h3>\n<p class=\"wp-block-paragraph\">A Secretaria de Desenvolvimento Econ\u00f4mico (SDE), do Governo do Estado de S\u00e3o Paulo, exerce papel fundamental para a reindustrializa\u00e7\u00e3o e atra\u00e7\u00e3o de investimentos com foco na gera\u00e7\u00e3o de emprego, renda e desenvolvimento regional. Al\u00e9m disso, conta com programas de capacita\u00e7\u00e3o profissional e a\u00e7\u00f5es de fomento ao empreendedorismo, que incluem linhas de microcr\u00e9ditos do Banco do Povo. A pasta tem como institui\u00e7\u00f5es vinculadas: InvestSP, Desenvolve SP e Junta Comercial do Estado de S\u00e3o Paulo (Jucesp).<\/p>\n<\/p><\/div>\n<p><br \/>\n<br \/><a href=\"https:\/\/www.agenciasp.sp.gov.br\/com-apoio-do-banco-do-povo-paulista-empreendedores-ampliam-negocios-na-copa-do-mundo\/\" rel=\"noopener\">Informa\u00e7\u00f5es GOV.SP<\/a><\/p>\n","protected":false},"excerpt":{"rendered":"<p>A Copa do Mundo de 2026 deve impulsionar 791 mil pequenos neg\u00f3cios no estado de S\u00e3o Paulo, segundo pesquisa do Sebrae-SP. Empreendedores paulistas apoiados pelo Banco do Povo Paulista (BPP), programa da Secretaria de Desenvolvimento Econ\u00f4mico (SDE), que oferece microcr\u00e9dito com condi\u00e7\u00f5es facilitadas para investimento e capital de giro, podem aproveitar o per\u00edodo com servi\u00e7os [&hellip;]<\/p>\n","protected":false},"author":1,"featured_media":69904,"comment_status":"","ping_status":"open","sticky":false,"template":"","format":"standard","meta":{"_jetpack_newsletter_access":"","_jetpack_dont_email_post_to_subs":false,"_jetpack_newsletter_tier_id":0,"_jetpack_memberships_contains_paywalled_content":false,"_mbp_banners":[],"_jetpack_feature_clip_id":0,"_jetpack_memberships_contains_paid_content":false,"footnotes":"","jetpack_publicize_message":"","jetpack_publicize_feature_enabled":true,"jetpack_social_post_already_shared":true,"jetpack_social_options":{"image_generator_settings":{"template":"highway","default_image_id":0,"font":"","enabled":false},"version":2},"jetpack_post_was_ever_published":false},"categories":[21],"tags":[],"class_list":["post-69903","post","type-post","status-publish","format-standard","has-post-thumbnail","category-sp-news"],"jetpack_publicize_connections":[],"jetpack-related-posts":[],"jetpack_shortlink":"https:\/\/wp.me\/p7Eq1F-ibt","jetpack_sharing_enabled":true,"jetpack_featured_media_url":"https:\/\/i0.wp.com\/guialimeira.com.br\/news\/wp-content\/uploads\/2026\/06\/Com-apoio-do-Banco-do-Povo-Paulista-empreendedores-ampliam-negocios.jpeg?fit=421%2C427&ssl=1","_links":{"self":[{"href":"https:\/\/guialimeira.com.br\/news\/wp-json\/wp\/v2\/posts\/69903","targetHints":{"allow":["GET"]}}],"collection":[{"href":"https:\/\/guialimeira.com.br\/news\/wp-json\/wp\/v2\/posts"}],"about":[{"href":"https:\/\/guialimeira.com.br\/news\/wp-json\/wp\/v2\/types\/post"}],"author":[{"embeddable":true,"href":"https:\/\/guialimeira.com.br\/news\/wp-json\/wp\/v2\/users\/1"}],"replies":[{"embeddable":true,"href":"https:\/\/guialimeira.com.br\/news\/wp-json\/wp\/v2\/comments?post=69903"}],"version-history":[{"count":0,"href":"https:\/\/guialimeira.com.br\/news\/wp-json\/wp\/v2\/posts\/69903\/revisions"}],"wp:featuredmedia":[{"embeddable":true,"href":"https:\/\/guialimeira.com.br\/news\/wp-json\/wp\/v2\/media\/69904"}],"wp:attachment":[{"href":"https:\/\/guialimeira.com.br\/news\/wp-json\/wp\/v2\/media?parent=69903"}],"wp:term":[{"taxonomy":"category","embeddable":true,"href":"https:\/\/guialimeira.com.br\/news\/wp-json\/wp\/v2\/categories?post=69903"},{"taxonomy":"post_tag","embeddable":true,"href":"https:\/\/guialimeira.com.br\/news\/wp-json\/wp\/v2\/tags?post=69903"}],"curies":[{"name":"wp","href":"https:\/\/api.w.org\/{rel}","templated":true}]}}