{"id":69901,"date":"2026-06-22T10:33:22","date_gmt":"2026-06-22T13:33:22","guid":{"rendered":"https:\/\/guialimeira.com.br\/faculdade-sao-leopoldo-mandic-participa-das-comemoracoes-dos-50-anos-da-diocese-de-limeira\/"},"modified":"2026-06-22T10:33:22","modified_gmt":"2026-06-22T13:33:22","slug":"faculdade-sao-leopoldo-mandic-participa-das-comemoracoes-dos-50-anos-da-diocese-de-limeira","status":"publish","type":"post","link":"https:\/\/guialimeira.com.br\/news\/faculdade-sao-leopoldo-mandic-participa-das-comemoracoes-dos-50-anos-da-diocese-de-limeira\/","title":{"rendered":"Faculdade S\u00e3o Leopoldo Mandic participa das comemora\u00e7\u00f5es dos 50 anos da Diocese de Limeira"},"content":{"rendered":"<p> <br \/>\n<\/p>\n<div data-id=\"626ab9d\" data-element_type=\"widget\" data-e-type=\"widget\" data-widget_type=\"theme-post-content.default\">\n<p class=\"wp-block-paragraph\"><em>Evento teve a participa\u00e7\u00e3o dos padres Ant\u00f4nio Maria e Reginaldo Manzotti<\/em><\/p>\n<p class=\"wp-block-paragraph\">A Faculdade S\u00e3o Leopoldo Mandic Limeira esteve entre as institui\u00e7\u00f5es apoiadoras da celebra\u00e7\u00e3o dos 50 anos da Diocese de Limeira, realizada no \u00faltimo domingo, 21 de junho, no Est\u00e1dio Major Jos\u00e9 Levy Sobrinho, o Limeir\u00e3o. O evento denominado Jubileu de Ouro reuniu cerca de 15 mil pessoas e entrou para a hist\u00f3ria como um dos maiores encontros religiosos j\u00e1 promovidos em Limeira.<\/p>\n<p class=\"wp-block-paragraph\">Fi\u00e9is de diversas cidades que integram a Diocese de Limeira participaram da programa\u00e7\u00e3o especial, marcada por momentos de ora\u00e7\u00e3o, m\u00fasica, homenagens e celebra\u00e7\u00e3o da f\u00e9. Entre os destaques estiveram as participa\u00e7\u00f5es dos padres Ant\u00f4nio Maria e Reginaldo Manzotti, que conduziram momentos de espiritualidade e louvor.<\/p>\n<figure class=\"wp-block-image aligncenter size-full is-resized\"><img data-recalc-dims=\"1\" data-lazyloaded=\"1\" fetchpriority=\"high\" decoding=\"async\" width=\"696\" height=\"313\" src=\"https:\/\/i0.wp.com\/dinamuscomunicacao.com.br\/wp-content\/uploads\/2026\/06\/WhatsApp-Image-2026-06-21-at-16.23.46-1.jpeg?resize=696%2C313&#038;ssl=1\" alt=\"\" class=\"wp-image-6231\" style=\"width:783px;height:auto\" srcset=\"https:\/\/dinamuscomunicacao.com.br\/wp-content\/uploads\/2026\/06\/WhatsApp-Image-2026-06-21-at-16.23.46-1.jpeg 1600w, https:\/\/dinamuscomunicacao.com.br\/wp-content\/uploads\/2026\/06\/WhatsApp-Image-2026-06-21-at-16.23.46-1-300x135.jpeg 300w, https:\/\/dinamuscomunicacao.com.br\/wp-content\/uploads\/2026\/06\/WhatsApp-Image-2026-06-21-at-16.23.46-1-1024x460.jpeg 1024w, https:\/\/dinamuscomunicacao.com.br\/wp-content\/uploads\/2026\/06\/WhatsApp-Image-2026-06-21-at-16.23.46-1-768x345.jpeg 768w, https:\/\/dinamuscomunicacao.com.br\/wp-content\/uploads\/2026\/06\/WhatsApp-Image-2026-06-21-at-16.23.46-1-1536x690.jpeg 1536w\" data-sizes=\"(max-width: 1600px) 100vw, 1600px\"\/><\/figure>\n<p class=\"wp-block-paragraph\">A Santa Missa foi presidida por Dom Jos\u00e9 Roberto Fortes Palau, arcebispo de Sorocaba, e representou o ponto alto das comemora\u00e7\u00f5es. Durante a mensagem, o bispo diocesano destacou a trajet\u00f3ria constru\u00edda ao longo das \u00faltimas cinco d\u00e9cadas por milhares de pessoas que contribu\u00edram para a miss\u00e3o evangelizadora da Diocese de Limeira.<\/p>\n<p class=\"wp-block-paragraph\">Um dos momentos mais emocionantes da celebra\u00e7\u00e3o foi a coroa\u00e7\u00e3o de Nossa Senhora das Dores, padroeira da Diocese de Limeira, conduzida pelo padre Reginaldo Manzotti. A homenagem emocionou os fi\u00e9is e refor\u00e7ou o sentimento de devo\u00e7\u00e3o que marcou toda a programa\u00e7\u00e3o.<\/p>\n<p class=\"wp-block-paragraph\">A comemora\u00e7\u00e3o do Jubileu de Ouro encerrou um ciclo de tr\u00eas anos de atividades jubilares e reafirmou a identidade e a miss\u00e3o da Diocese de Limeira, criada em 1976. O evento foi conclu\u00eddo com um espet\u00e1culo pirot\u00e9cnico que iluminou o c\u00e9u da cidade, coroando uma noite hist\u00f3rica para a comunidade cat\u00f3lica da regi\u00e3o.<\/p>\n<p class=\"wp-block-paragraph\">Para a Faculdade S\u00e3o Leopoldo Mandic Limeira, apoiar o Jubileu de Ouro representa um compromisso com os valores humanos, \u00e9ticos e comunit\u00e1rios que tamb\u00e9m fazem parte da miss\u00e3o institucional. \u201cNossa faculdade leva o nome de S\u00e3o Leopoldo Mandic, sacerdote capuchinho reconhecido pela Igreja Cat\u00f3lica pelaa dedica\u00e7\u00e3o ao acolhimento e ao cuidado com as pessoas. Esses valores seguem inspirando a atua\u00e7\u00e3o da faculdade na forma\u00e7\u00e3o de profissionais comprometidos com a sociedade\u201d, destacou Arthur Filgueiras, diretor da Mandic Limeira, que esteve presente no evento.<\/p>\n<p class=\"wp-block-paragraph\">Ao apoiar a celebra\u00e7\u00e3o, a Faculdade S\u00e3o Leopoldo Mandic Limeira enaltece a import\u00e2ncia da Diocese de Limeira na promo\u00e7\u00e3o de valores sociais e espirituais que contribuem para o desenvolvimento da regi\u00e3o.<\/p>\n<figure class=\"wp-block-image aligncenter size-full is-resized\"><img data-recalc-dims=\"1\" loading=\"lazy\" data-lazyloaded=\"1\" decoding=\"async\" width=\"696\" height=\"462\" src=\"https:\/\/i0.wp.com\/dinamuscomunicacao.com.br\/wp-content\/uploads\/2026\/06\/WhatsApp-Image-2026-06-21-at-16.23.50.jpeg?resize=696%2C462&#038;ssl=1\" alt=\"\" class=\"wp-image-6229\" style=\"width:780px;height:auto\" srcset=\"https:\/\/dinamuscomunicacao.com.br\/wp-content\/uploads\/2026\/06\/WhatsApp-Image-2026-06-21-at-16.23.50.jpeg 719w, https:\/\/dinamuscomunicacao.com.br\/wp-content\/uploads\/2026\/06\/WhatsApp-Image-2026-06-21-at-16.23.50-300x199.jpeg 300w\" data-sizes=\"(max-width: 719px) 100vw, 719px\"\/><figcaption class=\"wp-element-caption\">Primeira-dama Luciana F\u00e9lix, o diretor da Mandic Limeira, Arthur Filgueiras e o prefeito de Limeira, Murilo F\u00e9lix<\/figcaption><\/figure>\n<\/div>\n<p><br \/>\n<br \/><a href=\"https:\/\/dinamuscomunicacao.com.br\/faculdade-sao-leopoldo-mandic-participa-das-comemoracoes-dos-50-anos-da-diocese-de-limeira\/\" rel=\"noopener\"> Informa\u00e7\u00f5es: D\u00ednamus Comunica\u00e7\u00e3o <\/a><\/p>\n","protected":false},"excerpt":{"rendered":"<p>Evento teve a participa\u00e7\u00e3o dos padres Ant\u00f4nio Maria e Reginaldo Manzotti A Faculdade S\u00e3o Leopoldo Mandic Limeira esteve entre as institui\u00e7\u00f5es apoiadoras da celebra\u00e7\u00e3o dos 50 anos da Diocese de Limeira, realizada no \u00faltimo domingo, 21 de junho, no Est\u00e1dio Major Jos\u00e9 Levy Sobrinho, o Limeir\u00e3o. O evento denominado Jubileu de Ouro reuniu cerca de [&hellip;]<\/p>\n","protected":false},"author":1,"featured_media":69902,"comment_status":"","ping_status":"open","sticky":false,"template":"","format":"standard","meta":{"_jetpack_newsletter_access":"","_jetpack_dont_email_post_to_subs":false,"_jetpack_newsletter_tier_id":0,"_jetpack_memberships_contains_paywalled_content":false,"_mbp_banners":[],"_jetpack_feature_clip_id":0,"_jetpack_memberships_contains_paid_content":false,"footnotes":"","jetpack_publicize_message":"","jetpack_publicize_feature_enabled":true,"jetpack_social_post_already_shared":true,"jetpack_social_options":{"image_generator_settings":{"template":"highway","default_image_id":0,"font":"","enabled":false},"version":2},"jetpack_post_was_ever_published":false},"categories":[16],"tags":[],"class_list":["post-69901","post","type-post","status-publish","format-standard","has-post-thumbnail","category-local"],"jetpack_publicize_connections":[],"jetpack-related-posts":[],"jetpack_shortlink":"https:\/\/wp.me\/p7Eq1F-ibr","jetpack_sharing_enabled":true,"jetpack_featured_media_url":"https:\/\/i0.wp.com\/guialimeira.com.br\/news\/wp-content\/uploads\/2026\/06\/WhatsApp-Image-2026-06-21-at-16.23.46-2.jpeg?fit=719%2C493&ssl=1","_links":{"self":[{"href":"https:\/\/guialimeira.com.br\/news\/wp-json\/wp\/v2\/posts\/69901","targetHints":{"allow":["GET"]}}],"collection":[{"href":"https:\/\/guialimeira.com.br\/news\/wp-json\/wp\/v2\/posts"}],"about":[{"href":"https:\/\/guialimeira.com.br\/news\/wp-json\/wp\/v2\/types\/post"}],"author":[{"embeddable":true,"href":"https:\/\/guialimeira.com.br\/news\/wp-json\/wp\/v2\/users\/1"}],"replies":[{"embeddable":true,"href":"https:\/\/guialimeira.com.br\/news\/wp-json\/wp\/v2\/comments?post=69901"}],"version-history":[{"count":0,"href":"https:\/\/guialimeira.com.br\/news\/wp-json\/wp\/v2\/posts\/69901\/revisions"}],"wp:featuredmedia":[{"embeddable":true,"href":"https:\/\/guialimeira.com.br\/news\/wp-json\/wp\/v2\/media\/69902"}],"wp:attachment":[{"href":"https:\/\/guialimeira.com.br\/news\/wp-json\/wp\/v2\/media?parent=69901"}],"wp:term":[{"taxonomy":"category","embeddable":true,"href":"https:\/\/guialimeira.com.br\/news\/wp-json\/wp\/v2\/categories?post=69901"},{"taxonomy":"post_tag","embeddable":true,"href":"https:\/\/guialimeira.com.br\/news\/wp-json\/wp\/v2\/tags?post=69901"}],"curies":[{"name":"wp","href":"https:\/\/api.w.org\/{rel}","templated":true}]}}