{"id":69899,"date":"2026-06-22T10:26:07","date_gmt":"2026-06-22T13:26:07","guid":{"rendered":"https:\/\/guialimeira.com.br\/prefeito-murilo-felix-participa-do-jubileu-de-ouro-da-diocese-de-limeira-e-destaca-papel-da-igreja-no-desenvolvimento-da-cidade\/"},"modified":"2026-06-22T10:26:07","modified_gmt":"2026-06-22T13:26:07","slug":"prefeito-murilo-felix-participa-do-jubileu-de-ouro-da-diocese-de-limeira-e-destaca-papel-da-igreja-no-desenvolvimento-da-cidade","status":"publish","type":"post","link":"https:\/\/guialimeira.com.br\/news\/prefeito-murilo-felix-participa-do-jubileu-de-ouro-da-diocese-de-limeira-e-destaca-papel-da-igreja-no-desenvolvimento-da-cidade\/","title":{"rendered":"Prefeito Murilo F\u00e9lix participa do Jubileu de Ouro da Diocese de Limeira e destaca papel da Igreja no desenvolvimento da cidade"},"content":{"rendered":"<p> <br \/>\n<\/p>\n<div id=\"\">&#13;<br \/>\n                    &#13;<br \/>\n&#13;<br \/>\n&#13;<br \/>\n&#13;<br \/>\n&#13;<br \/>\n&#13;<br \/>\n    <img data-recalc-dims=\"1\" decoding=\"async\" src=\"https:\/\/i0.wp.com\/ecrie.com.br\/sistema\/conteudos\/imagem\/m_137_0_3_22062026101806.jpg?w=696&#038;ssl=1\" alt=\"Prefeito Murilo F\u00e9lix participa do Jubileu de Ouro da Diocese de Limeira e destaca papel da Igreja no desenvolvimento da cidade\"\/>&#13;<br \/>\n&#13;<br \/>\n&#13;<\/p>\n<p style=\"text-align: justify;\">O prefeito Murilo F\u00e9lix participou neste domingo (21) das celebra\u00e7\u00f5es do Jubileu de Ouro da Diocese de Limeira, realizado no Est\u00e1dio Major Jos\u00e9 Levy Sobrinho, o Limeir\u00e3o. O evento, que teve apoio da Prefeitura de Limeira, reuniu milhares de fi\u00e9is das 16 cidades que comp\u00f5em a Diocese, marcando os 50 anos de sua cria\u00e7\u00e3o e consolidando um dos maiores encontros religiosos da hist\u00f3ria da regi\u00e3o.<\/p>\n<p>&#13;<\/p>\n<p style=\"text-align: justify;\">A programa\u00e7\u00e3o especial contou com momentos de acolhida das caravanas das par\u00f3quias, apresenta\u00e7\u00f5es culturais, celebra\u00e7\u00f5es religiosas, homenagens \u00e0 trajet\u00f3ria da Diocese e missa solene presidida pelo arcebispo de Sorocaba, Dom Jos\u00e9 Roberto Fortes Palau. O encerramento ficou por conta de um show do padre Reginaldo Manzotti, reunindo fi\u00e9is de toda a regi\u00e3o em um grande momento de f\u00e9 e confraterniza\u00e7\u00e3o.<\/p>\n<p>&#13;<\/p>\n<p style=\"text-align: justify;\">O prefeito participou da celebra\u00e7\u00e3o, junto da primeira-dama Luciana F\u00e9lix, acompanhado de secret\u00e1rios municipais, vereadores e lideran\u00e7as da cidade.<\/p>\n<p>&#13;<\/p>\n<p style=\"text-align: justify;\">O evento tamb\u00e9m reuniu prefeitos, vice-prefeitos, vereadores e outras autoridades dos demais 15 munic\u00edpios que integram a Diocese de Limeira, refor\u00e7ando a import\u00e2ncia regional da comemora\u00e7\u00e3o.<\/p>\n<p>&#13;<\/p>\n<p style=\"text-align: justify;\">Durante a celebra\u00e7\u00e3o, o prefeito destacou a emo\u00e7\u00e3o de participar de um momento hist\u00f3rico para a Igreja e para a cidade. \u201cMe sinto muito honrado por ser prefeito neste momento t\u00e3o importante\u201d afirmou.<\/p>\n<p>&#13;<\/p>\n<p style=\"text-align: justify;\">Ele tamb\u00e9m ressaltou a rela\u00e7\u00e3o hist\u00f3rica entre o crescimento de Limeira e a cria\u00e7\u00e3o da Diocese. \u201cQuando Limeira fazia 150 anos, houve um movimento importante para que fosse criada aqui a Diocese. Depois disso, a cidade foi se construindo com mais for\u00e7a. A Diocese ajudou a fortalecer nossa identidade, nossa comunidade e os valores que unem as fam\u00edlias limeirenses\u201d, destacou.<\/p>\n<p>&#13;<\/p>\n<p style=\"text-align: justify;\">Criada em 1976, a Diocese de Limeira re\u00fane atualmente 96 par\u00f3quias distribu\u00eddas entre os munic\u00edpios de Limeira, Americana, Araras, Cordeir\u00f3polis, Iracem\u00e1polis, Leme, Pirassununga, Rio Claro, Santa B\u00e1rbara d\u2019Oeste, Santa Gertrudes, Conchal, Corumbata\u00ed, Ipe\u00fana, Anal\u00e2ndia, Engenheiro Coelho e Artur Nogueira. Ao longo de cinco d\u00e9cadas, a institui\u00e7\u00e3o tem desempenhado papel fundamental na evangeliza\u00e7\u00e3o, na promo\u00e7\u00e3o social e no fortalecimento dos valores crist\u00e3os em toda a regi\u00e3o.<\/p>\n<p>&#13;<br \/>\n&#13;<br \/>\n    &#13;<\/p>\n<div class=\"gallery__container\">\n            <a class=\"gallery__item\" href=\"https:\/\/i0.wp.com\/ecrie.com.br\/sistema\/conteudos\/imagem\/g_137_1_2_22062026101806.jpg?ssl=1\" target=\"_blank\" title=\"Foto Diocese 1\" rel=\"noopener\">&#13;<br \/>\n                <img data-recalc-dims=\"1\" decoding=\"async\" class=\"gallery__img\" src=\"https:\/\/i0.wp.com\/ecrie.com.br\/sistema\/conteudos\/imagem\/p_137_1_2_22062026101806.jpg?w=696&#038;ssl=1\" alt=\"Foto Diocese 1\" onload=\"resizePhoto(this);\"\/>&#13;<br \/>\n            <\/a><br \/>\n            <a class=\"gallery__item\" href=\"https:\/\/i0.wp.com\/ecrie.com.br\/sistema\/conteudos\/imagem\/g_137_2_1_22062026101806.jpg?ssl=1\" target=\"_blank\" title=\"Foto Diocese 3\" rel=\"noopener\">&#13;<br \/>\n                <img data-recalc-dims=\"1\" decoding=\"async\" class=\"gallery__img\" src=\"https:\/\/i0.wp.com\/ecrie.com.br\/sistema\/conteudos\/imagem\/p_137_2_1_22062026101806.jpg?w=696&#038;ssl=1\" alt=\"Foto Diocese 3\" onload=\"resizePhoto(this);\"\/>&#13;<br \/>\n            <\/a>\n    <\/div>\n<p>&#13;<br \/>\n&#13;<br \/>\n&#13;<\/p>\n<article class=\"conteudo-relacionado no-print\">&#13;<br \/>\n        &#13;<br \/>\n&#13;<br \/>\n        &#13;<br \/>\n    <\/article>\n<p>&#13;<br \/>\n&#13;\n                <\/p><\/div>\n<p><br \/>\n<br \/><a href=\"https:\/\/limeira.sp.gov.br\/prefeito-murilo-felix-participa-do-jubileu-de-ouro-da-diocese-de-limeira-e-destaca-papel-da-igreja-no-desenvolvimento-da-cidade\" rel=\"noopener\">Informa\u00e7\u00f5es da PML <\/a><\/p>\n","protected":false},"excerpt":{"rendered":"<p>&#13; &#13; &#13; &#13; &#13; &#13; &#13; &#13; &#13; &#13; O prefeito Murilo F\u00e9lix participou neste domingo (21) das celebra\u00e7\u00f5es do Jubileu de Ouro da Diocese de Limeira, realizado no Est\u00e1dio Major Jos\u00e9 Levy Sobrinho, o Limeir\u00e3o. O evento, que teve apoio da Prefeitura de Limeira, reuniu milhares de fi\u00e9is das 16 cidades que comp\u00f5em [&hellip;]<\/p>\n","protected":false},"author":1,"featured_media":69900,"comment_status":"","ping_status":"open","sticky":false,"template":"","format":"standard","meta":{"_jetpack_newsletter_access":"","_jetpack_dont_email_post_to_subs":false,"_jetpack_newsletter_tier_id":0,"_jetpack_memberships_contains_paywalled_content":false,"_mbp_banners":[],"_jetpack_feature_clip_id":0,"_jetpack_memberships_contains_paid_content":false,"footnotes":"","jetpack_publicize_message":"","jetpack_publicize_feature_enabled":true,"jetpack_social_post_already_shared":true,"jetpack_social_options":{"image_generator_settings":{"template":"highway","default_image_id":0,"font":"","enabled":false},"version":2},"jetpack_post_was_ever_published":false},"categories":[16],"tags":[],"class_list":["post-69899","post","type-post","status-publish","format-standard","has-post-thumbnail","category-local"],"jetpack_publicize_connections":[],"jetpack-related-posts":[],"jetpack_shortlink":"https:\/\/wp.me\/p7Eq1F-ibp","jetpack_sharing_enabled":true,"jetpack_featured_media_url":"https:\/\/i0.wp.com\/guialimeira.com.br\/news\/wp-content\/uploads\/2026\/06\/m_137_0_3_22062026101806.jpg?fit=1024%2C682&ssl=1","_links":{"self":[{"href":"https:\/\/guialimeira.com.br\/news\/wp-json\/wp\/v2\/posts\/69899","targetHints":{"allow":["GET"]}}],"collection":[{"href":"https:\/\/guialimeira.com.br\/news\/wp-json\/wp\/v2\/posts"}],"about":[{"href":"https:\/\/guialimeira.com.br\/news\/wp-json\/wp\/v2\/types\/post"}],"author":[{"embeddable":true,"href":"https:\/\/guialimeira.com.br\/news\/wp-json\/wp\/v2\/users\/1"}],"replies":[{"embeddable":true,"href":"https:\/\/guialimeira.com.br\/news\/wp-json\/wp\/v2\/comments?post=69899"}],"version-history":[{"count":0,"href":"https:\/\/guialimeira.com.br\/news\/wp-json\/wp\/v2\/posts\/69899\/revisions"}],"wp:featuredmedia":[{"embeddable":true,"href":"https:\/\/guialimeira.com.br\/news\/wp-json\/wp\/v2\/media\/69900"}],"wp:attachment":[{"href":"https:\/\/guialimeira.com.br\/news\/wp-json\/wp\/v2\/media?parent=69899"}],"wp:term":[{"taxonomy":"category","embeddable":true,"href":"https:\/\/guialimeira.com.br\/news\/wp-json\/wp\/v2\/categories?post=69899"},{"taxonomy":"post_tag","embeddable":true,"href":"https:\/\/guialimeira.com.br\/news\/wp-json\/wp\/v2\/tags?post=69899"}],"curies":[{"name":"wp","href":"https:\/\/api.w.org\/{rel}","templated":true}]}}