{"id":69888,"date":"2026-06-22T07:31:19","date_gmt":"2026-06-22T10:31:19","guid":{"rendered":"https:\/\/guialimeira.com.br\/defesa-civil-de-sp-alerta-para-os-riscos-de-improvisar-formas-de-aquecimento-no-inverno-confira\/"},"modified":"2026-06-22T07:31:19","modified_gmt":"2026-06-22T10:31:19","slug":"defesa-civil-de-sp-alerta-para-os-riscos-de-improvisar-formas-de-aquecimento-no-inverno-confira","status":"publish","type":"post","link":"https:\/\/guialimeira.com.br\/news\/defesa-civil-de-sp-alerta-para-os-riscos-de-improvisar-formas-de-aquecimento-no-inverno-confira\/","title":{"rendered":"Defesa Civil de SP alerta para os riscos de improvisar formas de aquecimento no inverno; confira"},"content":{"rendered":"<p> <br \/>\n<br \/><img data-recalc-dims=\"1\" decoding=\"async\" src=\"https:\/\/i0.wp.com\/www.agenciasp.sp.gov.br\/wp-content\/uploads\/2025\/07\/54663005456_e35d4d6d90_k.jpg?w=696&#038;ssl=1\" \/><\/p>\n<div>\n<p class=\"wp-block-paragraph\">Com a chegada do inverno, que come\u00e7a neste domingo (21), e a previs\u00e3o de temperaturas mais baixas em diversas regi\u00f5es paulistas, a Defesa Civil do Estado de S\u00e3o Paulo orienta a popula\u00e7\u00e3o sobre os cuidados necess\u00e1rios para prevenir acidentes durante a esta\u00e7\u00e3o.<\/p>\n<p class=\"wp-block-paragraph\">A utiliza\u00e7\u00e3o de fog\u00f5es, lampi\u00f5es, churrasqueiras, fogueiras e recipientes com carv\u00e3o em brasa para aquecer c\u00f4modos pode provocar inc\u00eandios e comprometer a qualidade do ar em ambientes fechados. J\u00e1 os aquecedores el\u00e9tricos exigem aten\u00e7\u00e3o \u00e0s instala\u00e7\u00f5es, pois a sobrecarga de tomadas e extens\u00f5es ou a falta de manuten\u00e7\u00e3o podem causar superaquecimento e curto-circuito.<\/p>\n<p class=\"wp-block-paragraph\">A recomenda\u00e7\u00e3o \u00e9 utilizar apenas equipamentos adequados e em boas condi\u00e7\u00f5es, sempre de acordo com as orienta\u00e7\u00f5es do fabricante. Tamb\u00e9m \u00e9 importante mant\u00ea-los afastados de cortinas, colch\u00f5es, m\u00f3veis e outros materiais inflam\u00e1veis, garantir a ventila\u00e7\u00e3o dos ambientes e evitar deix\u00e1-los ligados durante o sono.<\/p>\n<p class=\"wp-block-paragraph\">A Defesa Civil destaca que idosos, crian\u00e7as e pessoas em situa\u00e7\u00e3o de maior vulnerabilidade merecem aten\u00e7\u00e3o especial durante os per\u00edodos de frio intenso. Os cuidados tamb\u00e9m devem ser estendidos aos animais de estima\u00e7\u00e3o. Em caso de emerg\u00eancia, a popula\u00e7\u00e3o deve acionar a Defesa Civil pelo 199 ou o Corpo de Bombeiros pelo 193.<\/p>\n<p class=\"wp-block-paragraph\"><strong>LEIA TAMB\u00c9M: <a href=\"https:\/\/www.agenciasp.sp.gov.br\/frio-pode-intensificar-dores-fibromialgia\/\" rel=\"noopener\">Frio pode intensificar dores em pessoas com fibromialgia; veja cuidados<\/a><\/strong><\/p>\n<h3 class=\"wp-block-heading\">Inverno com frequ\u00eancia maior de chuvas<\/h3>\n<p class=\"wp-block-paragraph\">De acordo com a Defesa Civil, <a href=\"https:\/\/www.agenciasp.sp.gov.br\/el-nino-inverno-chuva-sao-paulo\/\" rel=\"noopener\">o inverno de 2026 ter\u00e1 caracter\u00edsticas da esta\u00e7\u00e3o<\/a>, com tempo seco e massas de ar frio. O diferencial deste ano, no entanto, \u00e9 a influ\u00eancia do fen\u00f4meno El Ni\u00f1o, que poder\u00e1 favorecer o aumento da umidade e da frequ\u00eancia de chuvas, especialmente entre agosto e setembro.<\/p>\n<p class=\"wp-block-paragraph\">As temperaturas devem permanecer pr\u00f3ximas da m\u00e9dia na maior parte do estado. No entanto, os dias mais quentes para a \u00e9poca do ano tendem a ser mais frequentes, principalmente no interior paulista, onde as tardes poder\u00e3o registrar temperaturas elevadas e umidade relativa do ar reduzida.<\/p>\n<p class=\"wp-block-paragraph\">Entre julho e agosto, massas de ar frio podem provocar quedas de temperatura, com possibilidade de geadas no sul e leste do estado. Apesar disso, os epis\u00f3dios de frio intenso dever\u00e3o ocorrer de forma passageira, sem longos per\u00edodos consecutivos de baixas temperaturas.<\/p>\n<h3 class=\"wp-block-heading\">Campanha do Agasalho<\/h3>\n<p class=\"wp-block-paragraph\">Com a chegada do inverno neste domingo (21), o Governo de S\u00e3o Paulo refor\u00e7a o chamado \u00e0 popula\u00e7\u00e3o para participar da Campanha do Agasalho 2026. A iniciativa arrecada roupas, cobertores e acess\u00f3rios destinados a pessoas em situa\u00e7\u00e3o de vulnerabilidade social em todas as regi\u00f5es do estado.<\/p>\n<p class=\"wp-block-paragraph\">Podem ser doados roupas, cobertores, meias, toucas, cachec\u00f3is e cal\u00e7ados, desde que estejam em bom estado de conserva\u00e7\u00e3o. Ap\u00f3s a arrecada\u00e7\u00e3o, os itens passam por triagem e s\u00e3o distribu\u00eddos de forma cont\u00ednua ao longo da campanha. <a href=\"https:\/\/www.agenciasp.sp.gov.br\/inverno-comeca-neste-domingo-veja-como-doar-para-a-campanha-do-agasalho-de-sp\/\" data-type=\"link\" data-id=\"https:\/\/www.agenciasp.sp.gov.br\/inverno-comeca-neste-domingo-veja-como-doar-para-a-campanha-do-agasalho-de-sp\/\" rel=\"noopener\">Veja como doar para a Campanha do Agasalho de SP<\/a>.<\/p>\n<h3 class=\"wp-block-heading\">Kits para munic\u00edpios<\/h3>\n<p class=\"wp-block-paragraph\">Em meio \u00e0 atua\u00e7\u00e3o do Governo de S\u00e3o Paulo diante do frio que atinge o estado nesta semana, a Defesa Civil Estadual instituiu uma <a href=\"https:\/\/www.agenciasp.sp.gov.br\/defesa-civil-de-sp-vai-distribuir-kits-para-apoiar-municipios-no-acolhimento-da-populacao-vulneravel-durante-o-frio\/\" data-type=\"link\" data-id=\"https:\/\/www.agenciasp.sp.gov.br\/defesa-civil-de-sp-vai-distribuir-kits-para-apoiar-municipios-no-acolhimento-da-populacao-vulneravel-durante-o-frio\/\" rel=\"noopener\">pol\u00edtica p\u00fablica permanente voltada ao apoio dos munic\u00edpios no acolhimento de pessoas em situa\u00e7\u00e3o de vulnerabilidade durante per\u00edodos de baixas temperaturas.<\/a><\/p>\n<p class=\"wp-block-paragraph\">A iniciativa, prevista em resolu\u00e7\u00e3o publicada no Di\u00e1rio Oficial, prev\u00ea o fornecimento dos Kits de Acolhimento em Baixas Temperaturas e estabelece crit\u00e9rios para a distribui\u00e7\u00e3o. O kit \u00e9 composto por cama dobr\u00e1vel, colch\u00e3o, travesseiro, cobertor e roupa de cama (len\u00e7ol e fronha), destinados \u00e0 estrutura\u00e7\u00e3o de abrigos emergenciais para atendimento da popula\u00e7\u00e3o mais exposta aos riscos do frio intenso.<\/p>\n<p class=\"wp-block-paragraph\">O fornecimento ser\u00e1 realizado anualmente entre os meses de maio e agosto, conforme o per\u00edodo de maior risco clim\u00e1tico de frio intenso no estado de S\u00e3o Paulo.<\/p>\n<p class=\"wp-block-paragraph\">A nova regulamenta\u00e7\u00e3o tamb\u00e9m fortalece a prepara\u00e7\u00e3o municipal, uma vez que os kits ser\u00e3o disponibilizados mediante apresenta\u00e7\u00e3o de plano de conting\u00eancia para enfrentamento das baixas temperaturas, estimulando o planejamento pr\u00e9vio e a integra\u00e7\u00e3o entre os \u00f3rg\u00e3os locais de prote\u00e7\u00e3o e assist\u00eancia social.<\/p>\n<\/p><\/div>\n<p><br \/>\n<br \/><a href=\"https:\/\/www.agenciasp.sp.gov.br\/defesa-civil-de-sp-alerta-para-os-riscos-de-improvisar-formas-de-aquecimento-no-inverno-confira\/\" rel=\"noopener\">Informa\u00e7\u00f5es GOV.SP<\/a><\/p>\n","protected":false},"excerpt":{"rendered":"<p>Com a chegada do inverno, que come\u00e7a neste domingo (21), e a previs\u00e3o de temperaturas mais baixas em diversas regi\u00f5es paulistas, a Defesa Civil do Estado de S\u00e3o Paulo orienta a popula\u00e7\u00e3o sobre os cuidados necess\u00e1rios para prevenir acidentes durante a esta\u00e7\u00e3o. A utiliza\u00e7\u00e3o de fog\u00f5es, lampi\u00f5es, churrasqueiras, fogueiras e recipientes com carv\u00e3o em brasa [&hellip;]<\/p>\n","protected":false},"author":1,"featured_media":67886,"comment_status":"","ping_status":"open","sticky":false,"template":"","format":"standard","meta":{"_jetpack_newsletter_access":"","_jetpack_dont_email_post_to_subs":false,"_jetpack_newsletter_tier_id":0,"_jetpack_memberships_contains_paywalled_content":false,"_mbp_banners":[],"_jetpack_feature_clip_id":0,"_jetpack_memberships_contains_paid_content":false,"footnotes":"","jetpack_publicize_message":"","jetpack_publicize_feature_enabled":true,"jetpack_social_post_already_shared":true,"jetpack_social_options":{"image_generator_settings":{"template":"highway","default_image_id":0,"font":"","enabled":false},"version":2},"jetpack_post_was_ever_published":false},"categories":[21],"tags":[],"class_list":["post-69888","post","type-post","status-publish","format-standard","has-post-thumbnail","category-sp-news"],"jetpack_publicize_connections":[],"jetpack-related-posts":[],"jetpack_shortlink":"https:\/\/wp.me\/p7Eq1F-ibe","jetpack_sharing_enabled":true,"jetpack_featured_media_url":"https:\/\/i0.wp.com\/guialimeira.com.br\/news\/wp-content\/uploads\/2026\/06\/Defesa-Civil-preve-predominio-de-tempo-estavel-e-temperaturas-amenas.jpg?fit=2048%2C1365&ssl=1","_links":{"self":[{"href":"https:\/\/guialimeira.com.br\/news\/wp-json\/wp\/v2\/posts\/69888","targetHints":{"allow":["GET"]}}],"collection":[{"href":"https:\/\/guialimeira.com.br\/news\/wp-json\/wp\/v2\/posts"}],"about":[{"href":"https:\/\/guialimeira.com.br\/news\/wp-json\/wp\/v2\/types\/post"}],"author":[{"embeddable":true,"href":"https:\/\/guialimeira.com.br\/news\/wp-json\/wp\/v2\/users\/1"}],"replies":[{"embeddable":true,"href":"https:\/\/guialimeira.com.br\/news\/wp-json\/wp\/v2\/comments?post=69888"}],"version-history":[{"count":0,"href":"https:\/\/guialimeira.com.br\/news\/wp-json\/wp\/v2\/posts\/69888\/revisions"}],"wp:featuredmedia":[{"embeddable":true,"href":"https:\/\/guialimeira.com.br\/news\/wp-json\/wp\/v2\/media\/67886"}],"wp:attachment":[{"href":"https:\/\/guialimeira.com.br\/news\/wp-json\/wp\/v2\/media?parent=69888"}],"wp:term":[{"taxonomy":"category","embeddable":true,"href":"https:\/\/guialimeira.com.br\/news\/wp-json\/wp\/v2\/categories?post=69888"},{"taxonomy":"post_tag","embeddable":true,"href":"https:\/\/guialimeira.com.br\/news\/wp-json\/wp\/v2\/tags?post=69888"}],"curies":[{"name":"wp","href":"https:\/\/api.w.org\/{rel}","templated":true}]}}