{"id":6988,"date":"2024-05-29T22:04:03","date_gmt":"2024-05-30T01:04:03","guid":{"rendered":"https:\/\/guialimeira.com.br\/2024\/05\/29\/governo-marca-leilao-de-compra-de-arroz-importado-para-6-de-junho\/"},"modified":"2024-05-29T22:04:03","modified_gmt":"2024-05-30T01:04:03","slug":"governo-marca-leilao-de-compra-de-arroz-importado-para-6-de-junho","status":"publish","type":"post","link":"https:\/\/guialimeira.com.br\/news\/governo-marca-leilao-de-compra-de-arroz-importado-para-6-de-junho\/","title":{"rendered":"Governo marca leil\u00e3o de compra de arroz importado para 6 de junho"},"content":{"rendered":"<p> <br \/>\n<\/p>\n<div>\n<p>A Companhia Nacional de Abastecimento (Conab) vai realizar\u00a0no dia 6 de junho o primeiro\u00a0leil\u00e3o para compra de at\u00e9 300 mil toneladas de arroz importado, como informou nesta quarta-feira (29) o presidente da Conab, Edegar Pretto.\u00a0<img data-recalc-dims=\"1\" decoding=\"async\" src=\"https:\/\/i0.wp.com\/agenciabrasil.ebc.com.br\/ebc.png?w=696&#038;ssl=1\" style=\"width:1px; height:1px; display:inline;\"\/><img data-recalc-dims=\"1\" decoding=\"async\" src=\"https:\/\/i0.wp.com\/agenciabrasil.ebc.com.br\/ebc.gif?w=696&#038;ssl=1\" style=\"width:1px; height:1px; display:inline;\"\/><\/p>\n<p>A medida foi adotada pelo governo federal para reduzir o pre\u00e7o do produto, que chegou\u00a0a\u00a0aumentar em at\u00e9 40% por causa das enchentes no Rio Grande do Sul. O estado \u00e9 respons\u00e1vel por 70% da produ\u00e7\u00e3o nacional.\u00a0<\/p>\n<p>De acordo com a Conab, depois do leil\u00e3o, o cereal deve ser entregue at\u00e9 o dia 8 de setembro. O edital com as regras do leil\u00e3o foi publicada hoje.<\/p>\n<p>No \u00faltimo dia 20, a C\u00e2mara de Com\u00e9rcio Exterior (Camex)<a href=\"https:\/\/agenciabrasil.ebc.com.br\/economia\/noticia\/2024-05\/camex-zera-tarifa-de-importacao-para-garantir-abastecimento-de-arroz\" target=\"_blank\" rel=\"noopener\"> zerou as tarifas de importa\u00e7\u00e3o para tr\u00eas tipos de arroz<\/a>.\u00a0Atualmente, a maior parte das importa\u00e7\u00f5es de arroz no Brasil vem do pr\u00f3prio Mercosul, sem pagar a taxa. Com\u00a0isen\u00e7\u00e3o definida pela Camex, destacou Edegar Pretto, outros pa\u00edses produtores de arroz poder\u00e3o participar do leil\u00e3o nas mesmas condi\u00e7\u00f5es dos fornecedores do Mercosul.\u00a0<\/p>\n<p>O presidente da Conab afirmou que, depois do primeiro leil\u00e3o, o governo ir\u00e1 avaliar se ser\u00e3o necess\u00e1rias outras\u00a0rodadas de compra para garantir equil\u00edbrio do pre\u00e7o do alimento no mercado.\u00a0<\/p>\n<p>&#8220;N\u00e3o queremos que essa compra importada venha competir com nossa produ\u00e7\u00e3o nacional. Estamos comprando as primeiras 300 mil toneladas. Vamos avaliar como ser\u00e1 o comportamento do mercado. Se n\u00f3s percebermos que essa medida j\u00e1 equilibrou os pre\u00e7os, o governo vai avaliar se h\u00e1 necessidade ou n\u00e3o de fazer um novo leil\u00e3o&#8221;, disse em entrevista \u00e0 imprensa.\u00a0<\/p>\n<p>Um medida provis\u00f3ria autoriza a\u00a0compra de at\u00e9 1\u00a0milh\u00e3o de toneladas de arroz.\u00a0Os custos para aquisi\u00e7\u00e3o s\u00e3o limitados a R$ 1,7 bilh\u00e3o, previsto em portaria interministerial.<\/p>\n<h2>Pre\u00e7o<\/h2>\n<p>O\u00a0produto importado ser\u00e1 vendido em uma embalagem espec\u00edfica e a R$ 4 o quilo. Desta forma, o consumidor final pagar\u00e1, no m\u00e1ximo, R$ 20 pelo pacote de 5kg.\u00a0<\/p>\n<p>O arroz importado vai ser\u00a0destinado\u00a0a\u00a0pequenos varejistas, mercados de vizinhan\u00e7a, supermercados, hipermercados, atacarejos e estabelecimentos comerciais em\u00a0regi\u00f5es metropolitanas, com base em indicadores de inseguran\u00e7a alimentar.<\/p>\n<p>Segundo a Federa\u00e7\u00e3o das Associa\u00e7\u00f5es de Arrozeiros do Rio Grande do Sul, n\u00e3o h\u00e1 risco de desabastecimento no pa\u00eds. Os produtores alertam para a\u00a0qualidade do arroz estrangeiro e a manuten\u00e7\u00e3o das condi\u00e7\u00f5es para consumo.<\/p>\n<p>&#8220;Quando eu tenho um produto importado branco, pronto para o consumo, exige um cuidado muito grande com a sanidade&#8221;, disse o presidente da Fedearroz, Alexandre Velho, \u00e0 <strong>TV Brasil.\u00a0<\/strong><\/p>\n<p>O edital prev\u00ea que o produto importado deve ter\u00a0cor, odor e sabor caracter\u00edstico de arroz beneficiado polido longo fino tipo1 e pro\u00edbe a aquisi\u00e7\u00e3o de arroz arom\u00e1tico.\u00a0<\/p>\n<\/p><\/div>\n<p><br \/>\n<br \/><a href=\"https:\/\/agenciabrasil.ebc.com.br\/economia\/noticia\/2024-05\/governo-marca-leilao-de-compra-de-arroz-importado-para-6-de-junho\" rel=\"noopener\">Ag\u00eancia Brasil<\/a><\/p>\n","protected":false},"excerpt":{"rendered":"<p>A Companhia Nacional de Abastecimento (Conab) vai realizar\u00a0no dia 6 de junho o primeiro\u00a0leil\u00e3o para compra de at\u00e9 300 mil toneladas de arroz importado, como informou nesta quarta-feira (29) o presidente da Conab, Edegar Pretto.\u00a0 A medida foi adotada pelo governo federal para reduzir o pre\u00e7o do produto, que chegou\u00a0a\u00a0aumentar em at\u00e9 40% por causa [&hellip;]<\/p>\n","protected":false},"author":1,"featured_media":4514,"comment_status":"open","ping_status":"open","sticky":false,"template":"","format":"standard","meta":{"_jetpack_newsletter_access":"","_jetpack_dont_email_post_to_subs":false,"_jetpack_newsletter_tier_id":0,"_jetpack_memberships_contains_paywalled_content":false,"_mbp_banners":[],"_jetpack_feature_clip_id":0,"_jetpack_memberships_contains_paid_content":false,"footnotes":"","jetpack_publicize_message":"","jetpack_publicize_feature_enabled":true,"jetpack_social_post_already_shared":true,"jetpack_social_options":{"image_generator_settings":{"template":"highway","default_image_id":0,"font":"","enabled":false},"version":2},"jetpack_post_was_ever_published":false},"categories":[24],"tags":[],"class_list":["post-6988","post","type-post","status-publish","format-standard","has-post-thumbnail","category-economia"],"jetpack_publicize_connections":[],"jetpack-related-posts":[],"jetpack_shortlink":"https:\/\/wp.me\/p7Eq1F-1OI","jetpack_sharing_enabled":true,"jetpack_featured_media_url":"https:\/\/i0.wp.com\/guialimeira.com.br\/news\/wp-content\/uploads\/2024\/05\/arroz_1009201525.jpg?fit=1600%2C800&ssl=1","_links":{"self":[{"href":"https:\/\/guialimeira.com.br\/news\/wp-json\/wp\/v2\/posts\/6988","targetHints":{"allow":["GET"]}}],"collection":[{"href":"https:\/\/guialimeira.com.br\/news\/wp-json\/wp\/v2\/posts"}],"about":[{"href":"https:\/\/guialimeira.com.br\/news\/wp-json\/wp\/v2\/types\/post"}],"author":[{"embeddable":true,"href":"https:\/\/guialimeira.com.br\/news\/wp-json\/wp\/v2\/users\/1"}],"replies":[{"embeddable":true,"href":"https:\/\/guialimeira.com.br\/news\/wp-json\/wp\/v2\/comments?post=6988"}],"version-history":[{"count":0,"href":"https:\/\/guialimeira.com.br\/news\/wp-json\/wp\/v2\/posts\/6988\/revisions"}],"wp:featuredmedia":[{"embeddable":true,"href":"https:\/\/guialimeira.com.br\/news\/wp-json\/wp\/v2\/media\/4514"}],"wp:attachment":[{"href":"https:\/\/guialimeira.com.br\/news\/wp-json\/wp\/v2\/media?parent=6988"}],"wp:term":[{"taxonomy":"category","embeddable":true,"href":"https:\/\/guialimeira.com.br\/news\/wp-json\/wp\/v2\/categories?post=6988"},{"taxonomy":"post_tag","embeddable":true,"href":"https:\/\/guialimeira.com.br\/news\/wp-json\/wp\/v2\/tags?post=6988"}],"curies":[{"name":"wp","href":"https:\/\/api.w.org\/{rel}","templated":true}]}}