{"id":69856,"date":"2026-06-21T19:16:09","date_gmt":"2026-06-21T22:16:09","guid":{"rendered":"https:\/\/guialimeira.com.br\/palacio-dos-bandeirantes-recebe-iluminacao-azul-em-apoio-ao-dia-nacional-de-controle-da-asma\/"},"modified":"2026-06-21T19:16:09","modified_gmt":"2026-06-21T22:16:09","slug":"palacio-dos-bandeirantes-recebe-iluminacao-azul-em-apoio-ao-dia-nacional-de-controle-da-asma","status":"publish","type":"post","link":"https:\/\/guialimeira.com.br\/news\/palacio-dos-bandeirantes-recebe-iluminacao-azul-em-apoio-ao-dia-nacional-de-controle-da-asma\/","title":{"rendered":"Pal\u00e1cio dos Bandeirantes recebe ilumina\u00e7\u00e3o azul em apoio ao Dia Nacional de Controle da Asma"},"content":{"rendered":"<p> <br \/>\n<\/p>\n<div>\n<p class=\"wp-block-paragraph\">O Pal\u00e1cio dos Bandeirantes, sede do <a href=\"https:\/\/www.sp.gov.br\/sp\" target=\"_blank\" rel=\"noopener\">Governo do Estado de S\u00e3o Paulo<\/a>, recebe ilumina\u00e7\u00e3o especial na cor azul neste domingo (21), em apoio ao Dia Nacional de Controle da Asma. A a\u00e7\u00e3o integra uma mobiliza\u00e7\u00e3o de conscientiza\u00e7\u00e3o promovida pela Associa\u00e7\u00e3o Cr\u00f4nicos do Dia a Dia (CDD), organiza\u00e7\u00e3o da sociedade civil dedicada \u00e0 promo\u00e7\u00e3o da informa\u00e7\u00e3o, da cidadania e do acesso \u00e0 sa\u00fade para pessoas com doen\u00e7as cr\u00f4nicas.<\/p>\n<p class=\"wp-block-paragraph\">A ilumina\u00e7\u00e3o tem como objetivo ampliar a visibilidade da asma como um importante problema de sa\u00fade p\u00fablica, incentivar o diagn\u00f3stico precoce e o tratamento adequado, al\u00e9m de promover a conscientiza\u00e7\u00e3o sobre a import\u00e2ncia do acesso \u00e0s terapias dispon\u00edveis para pacientes em diferentes n\u00edveis de gravidade da doen\u00e7a.<\/p>\n<p class=\"wp-block-paragraph\"><strong>LEIA TAMB\u00c9M: <\/strong><a href=\"https:\/\/www.agenciasp.sp.gov.br\/especialistas-do-iamspe-explicam-o-motivo-de-sangramentos-no-nariz-serem-comuns-em-epoca-de-frio\/\" rel=\"noopener\">Especialistas do Iamspe explicam o motivo de sangramentos no nariz serem comuns em \u00e9poca de frio<\/a><\/p>\n<p class=\"wp-block-paragraph\">A asma \u00e9 uma das doen\u00e7as respirat\u00f3rias cr\u00f4nicas mais prevalentes no Brasil. Estima-se que cerca de 20 milh\u00f5es de pessoas convivam com a condi\u00e7\u00e3o, segundo o Minist\u00e9rio da Sa\u00fade, o que pode impactar significativamente a qualidade de vida dos pacientes e gerar elevada demanda por atendimentos e interna\u00e7\u00f5es no sistema de sa\u00fade, especialmente nos casos mais graves. Embora seja uma doen\u00e7a que pode ser controlada com acompanhamento m\u00e9dico adequado e tratamento cont\u00ednuo, a falta de diagn\u00f3stico ou de manejo correto ainda est\u00e1 associada a complica\u00e7\u00f5es e hospitaliza\u00e7\u00f5es evit\u00e1veis.<\/p>\n<figure class=\"wp-block-image size-large\"><img data-recalc-dims=\"1\" fetchpriority=\"high\" decoding=\"async\" width=\"696\" height=\"392\" src=\"https:\/\/i0.wp.com\/www.agenciasp.sp.gov.br\/wp-content\/uploads\/2026\/06\/WhatsApp-Image-2026-06-19-at-16.45.21-1024x576.jpeg?resize=696%2C392&#038;ssl=1\" alt=\"\" class=\"wp-image-153742 lazy\" srcset=\"https:\/\/www.agenciasp.sp.gov.br\/wp-content\/uploads\/2026\/06\/WhatsApp-Image-2026-06-19-at-16.45.21-1024x576.jpeg 1024w, https:\/\/www.agenciasp.sp.gov.br\/wp-content\/uploads\/2026\/06\/WhatsApp-Image-2026-06-19-at-16.45.21-300x169.jpeg 300w, https:\/\/www.agenciasp.sp.gov.br\/wp-content\/uploads\/2026\/06\/WhatsApp-Image-2026-06-19-at-16.45.21-768x432.jpeg 768w, https:\/\/www.agenciasp.sp.gov.br\/wp-content\/uploads\/2026\/06\/WhatsApp-Image-2026-06-19-at-16.45.21-1536x864.jpeg 1536w, https:\/\/www.agenciasp.sp.gov.br\/wp-content\/uploads\/2026\/06\/WhatsApp-Image-2026-06-19-at-16.45.21-150x84.jpeg 150w, https:\/\/www.agenciasp.sp.gov.br\/wp-content\/uploads\/2026\/06\/WhatsApp-Image-2026-06-19-at-16.45.21.jpeg 1600w\" data-sizes=\"(max-width: 1024px) 100vw, 1024px\"\/><figcaption class=\"wp-element-caption\">Foto: Divulga\u00e7\u00e3o\/Governo de S\u00e3o Paulo<\/figcaption><\/figure>\n<h3 class=\"wp-block-heading\">Conscientiza\u00e7\u00e3o no Estado<\/h3>\n<p class=\"wp-block-paragraph\">O Estado de S\u00e3o Paulo \u00e9 reconhecido nacionalmente pela implementa\u00e7\u00e3o de pol\u00edticas p\u00fablicas de sa\u00fade e por iniciativas voltadas \u00e0 conscientiza\u00e7\u00e3o sobre doen\u00e7as cr\u00f4nicas. Ao aderir \u00e0 campanha, o Governo de S\u00e3o Paulo refor\u00e7a seu compromisso com a promo\u00e7\u00e3o da sa\u00fade, da informa\u00e7\u00e3o e da qualidade de vida da popula\u00e7\u00e3o.<br \/>A ilumina\u00e7\u00e3o azul do Pal\u00e1cio dos Bandeirantes integra as a\u00e7\u00f5es de apoio institucional a campanhas de interesse p\u00fablico e se soma a iniciativas realizadas em diferentes localidades do pa\u00eds para marcar o Dia Nacional de Controle da Asma, contribuindo para ampliar o debate sobre a doen\u00e7a e fortalecer a conscientiza\u00e7\u00e3o da sociedade sobre preven\u00e7\u00e3o, diagn\u00f3stico e tratamento.<\/p>\n<\/p><\/div>\n<p><br \/>\n<br \/><a href=\"https:\/\/www.agenciasp.sp.gov.br\/palacio-bandeirantes-iluminacao-apoio-asma\/\" rel=\"noopener\">Informa\u00e7\u00f5es GOV.SP<\/a><\/p>\n","protected":false},"excerpt":{"rendered":"<p>O Pal\u00e1cio dos Bandeirantes, sede do Governo do Estado de S\u00e3o Paulo, recebe ilumina\u00e7\u00e3o especial na cor azul neste domingo (21), em apoio ao Dia Nacional de Controle da Asma. A a\u00e7\u00e3o integra uma mobiliza\u00e7\u00e3o de conscientiza\u00e7\u00e3o promovida pela Associa\u00e7\u00e3o Cr\u00f4nicos do Dia a Dia (CDD), organiza\u00e7\u00e3o da sociedade civil dedicada \u00e0 promo\u00e7\u00e3o da informa\u00e7\u00e3o, [&hellip;]<\/p>\n","protected":false},"author":1,"featured_media":69857,"comment_status":"","ping_status":"open","sticky":false,"template":"","format":"standard","meta":{"_jetpack_newsletter_access":"","_jetpack_dont_email_post_to_subs":false,"_jetpack_newsletter_tier_id":0,"_jetpack_memberships_contains_paywalled_content":false,"_mbp_banners":[],"_jetpack_feature_clip_id":0,"_jetpack_memberships_contains_paid_content":false,"footnotes":"","jetpack_publicize_message":"","jetpack_publicize_feature_enabled":true,"jetpack_social_post_already_shared":true,"jetpack_social_options":{"image_generator_settings":{"template":"highway","default_image_id":0,"font":"","enabled":false},"version":2},"jetpack_post_was_ever_published":false},"categories":[21],"tags":[],"class_list":["post-69856","post","type-post","status-publish","format-standard","has-post-thumbnail","category-sp-news"],"jetpack_publicize_connections":[],"jetpack-related-posts":[],"jetpack_shortlink":"https:\/\/wp.me\/p7Eq1F-iaI","jetpack_sharing_enabled":true,"jetpack_featured_media_url":"https:\/\/i0.wp.com\/guialimeira.com.br\/news\/wp-content\/uploads\/2026\/06\/Palacio-dos-Bandeirantes-recebe-iluminacao-azul-em-apoio-ao-Dia.jpeg?fit=1024%2C576&ssl=1","_links":{"self":[{"href":"https:\/\/guialimeira.com.br\/news\/wp-json\/wp\/v2\/posts\/69856","targetHints":{"allow":["GET"]}}],"collection":[{"href":"https:\/\/guialimeira.com.br\/news\/wp-json\/wp\/v2\/posts"}],"about":[{"href":"https:\/\/guialimeira.com.br\/news\/wp-json\/wp\/v2\/types\/post"}],"author":[{"embeddable":true,"href":"https:\/\/guialimeira.com.br\/news\/wp-json\/wp\/v2\/users\/1"}],"replies":[{"embeddable":true,"href":"https:\/\/guialimeira.com.br\/news\/wp-json\/wp\/v2\/comments?post=69856"}],"version-history":[{"count":0,"href":"https:\/\/guialimeira.com.br\/news\/wp-json\/wp\/v2\/posts\/69856\/revisions"}],"wp:featuredmedia":[{"embeddable":true,"href":"https:\/\/guialimeira.com.br\/news\/wp-json\/wp\/v2\/media\/69857"}],"wp:attachment":[{"href":"https:\/\/guialimeira.com.br\/news\/wp-json\/wp\/v2\/media?parent=69856"}],"wp:term":[{"taxonomy":"category","embeddable":true,"href":"https:\/\/guialimeira.com.br\/news\/wp-json\/wp\/v2\/categories?post=69856"},{"taxonomy":"post_tag","embeddable":true,"href":"https:\/\/guialimeira.com.br\/news\/wp-json\/wp\/v2\/tags?post=69856"}],"curies":[{"name":"wp","href":"https:\/\/api.w.org\/{rel}","templated":true}]}}