{"id":69848,"date":"2026-06-21T17:13:11","date_gmt":"2026-06-21T20:13:11","guid":{"rendered":"https:\/\/guialimeira.com.br\/cancer-de-rim-tabagismo-e-exposicao-a-radiacao-sao-fatores-de-risco-para-a-doenca\/"},"modified":"2026-06-21T17:13:11","modified_gmt":"2026-06-21T20:13:11","slug":"cancer-de-rim-tabagismo-e-exposicao-a-radiacao-sao-fatores-de-risco-para-a-doenca","status":"publish","type":"post","link":"https:\/\/guialimeira.com.br\/news\/cancer-de-rim-tabagismo-e-exposicao-a-radiacao-sao-fatores-de-risco-para-a-doenca\/","title":{"rendered":"C\u00e2ncer de rim: tabagismo e exposi\u00e7\u00e3o \u00e0 radia\u00e7\u00e3o s\u00e3o fatores de risco para a doen\u00e7a"},"content":{"rendered":"<p> <br \/>\n<br \/><img data-recalc-dims=\"1\" decoding=\"async\" src=\"https:\/\/i0.wp.com\/www.agenciasp.sp.gov.br\/wp-content\/uploads\/2024\/02\/iStock-1356352430-scaled-1.jpg?w=696&#038;ssl=1\" \/><\/p>\n<div>\n<p class=\"wp-block-paragraph\">Especialistas do Instituto de Assist\u00eancia M\u00e9dica ao Servidor P\u00fablico Estadual (Iamspe) de S\u00e3o Paulo alertam que tabagismo e exposi\u00e7\u00e3o \u00e0 radia\u00e7\u00e3o ionizante s\u00e3o fatores de risco para o desenvolvimento de c\u00e2ncer no rim. O quadro \u00e9 mais frequente a partir da sexta d\u00e9cada de vida e em homens. Com o objetivo de conscientizar a popula\u00e7\u00e3o sobre as medidas de preven\u00e7\u00e3o e a import\u00e2ncia do diagn\u00f3stico precoce da doen\u00e7a, ocorre, em 18 de junho, o Dia Mundial do C\u00e2ncer de Rim.<\/p>\n<p class=\"wp-block-paragraph\">De acordo com a nefrologista do Iamspe, Melissa Fernanda Pinheiro Santos, o uso indevido de medicamentos e suplementos tamb\u00e9m pode estar relacionado ao desenvolvimento da doen\u00e7a. \u201cO uso prolongado de rem\u00e9dios sem orienta\u00e7\u00e3o m\u00e9dica e de ch\u00e1s ou suplementos pode comprometer a sa\u00fade renal, facilitando o surgimento do quadro. J\u00e1 o cigarro solta uma fuma\u00e7a com subst\u00e2ncias t\u00f3xicas, que s\u00e3o filtradas pelos rins, causando altera\u00e7\u00f5es celulares associadas ao c\u00e2ncer\u201d, alerta.<\/p>\n<p class=\"wp-block-paragraph\">Os tumores renais evoluem de modo silencioso e geralmente sem sintomas alarmantes. Por isso, muitos casos s\u00e3o descobertos de forma incidental, durante exames realizados por outros motivos. Os sinais mais comuns da doen\u00e7a s\u00e3o a perda de peso n\u00e3o intencional, dor na regi\u00e3o do flanco (parte lateral do tronco), presen\u00e7a de sangue na urina e massa abdominal palp\u00e1vel.<\/p>\n<p class=\"wp-block-paragraph\"><strong>LEIA TAMB\u00c9M: <a href=\"https:\/\/www.agenciasp.sp.gov.br\/combinacao-anti-hipertensivo-historico-avc\/\" rel=\"noopener\">\u2018Polip\u00edlula\u2019 reduz press\u00e3o arterial e previne novos derrames em pacientes com hist\u00f3rico de AVC hemorr\u00e1gico<\/a><\/strong><\/p>\n<p class=\"wp-block-paragraph\">\u201cExiste uma quest\u00e3o de g\u00eanero importante. Os homens v\u00e3o menos ao m\u00e9dico, comportamento que pode retardar ainda mais o diagn\u00f3stico da doen\u00e7a. Por isso, \u00e9 essencial refor\u00e7ar a import\u00e2ncia das consultas peri\u00f3dicas\u201d, orienta a especialista do Iamspe.<\/p>\n<p class=\"wp-block-paragraph\">O tratamento do c\u00e2ncer de rim \u00e9 definido com base nas caracter\u00edsticas do tumor e nas condi\u00e7\u00f5es cl\u00ednicas do paciente. Nos casos de doen\u00e7a localizada, a principal op\u00e7\u00e3o \u00e9 a cirurgia, que pode ser a retirada parcial ou radical (total) do rim, a depender do tamanho e do lugar onde est\u00e1 a les\u00e3o.<\/p>\n<p class=\"wp-block-paragraph\">Entre as estrat\u00e9gias de preven\u00e7\u00e3o do c\u00e2ncer de rim est\u00e3o evitar fumar, exposi\u00e7\u00e3o \u00e0 radia\u00e7\u00e3o ionizante, al\u00e9m da ado\u00e7\u00e3o de um estilo de vida saud\u00e1vel, com alimenta\u00e7\u00e3o balanceada, sono reparador e pr\u00e1tica de atividade f\u00edsica. Tamb\u00e9m \u00e9 essencial fazer o controle de comorbidades, como hipertens\u00e3o e diabetes, que facilitam o estresse do organismo e o desenvolvimento de enfermidades.<\/p>\n<\/p><\/div>\n<p><br \/>\n<br \/><a href=\"https:\/\/www.agenciasp.sp.gov.br\/cancer-de-rim-tabagismo-e-exposicao-a-radiacao-sao-fatores-de-risco-para-a-doenca\/\" rel=\"noopener\">Informa\u00e7\u00f5es GOV.SP<\/a><\/p>\n","protected":false},"excerpt":{"rendered":"<p>Especialistas do Instituto de Assist\u00eancia M\u00e9dica ao Servidor P\u00fablico Estadual (Iamspe) de S\u00e3o Paulo alertam que tabagismo e exposi\u00e7\u00e3o \u00e0 radia\u00e7\u00e3o ionizante s\u00e3o fatores de risco para o desenvolvimento de c\u00e2ncer no rim. O quadro \u00e9 mais frequente a partir da sexta d\u00e9cada de vida e em homens. Com o objetivo de conscientizar a popula\u00e7\u00e3o [&hellip;]<\/p>\n","protected":false},"author":1,"featured_media":69849,"comment_status":"","ping_status":"open","sticky":false,"template":"","format":"standard","meta":{"_jetpack_newsletter_access":"","_jetpack_dont_email_post_to_subs":false,"_jetpack_newsletter_tier_id":0,"_jetpack_memberships_contains_paywalled_content":false,"_mbp_banners":[],"_jetpack_feature_clip_id":0,"_jetpack_memberships_contains_paid_content":false,"footnotes":"","jetpack_publicize_message":"","jetpack_publicize_feature_enabled":true,"jetpack_social_post_already_shared":true,"jetpack_social_options":{"image_generator_settings":{"template":"highway","default_image_id":0,"font":"","enabled":false},"version":2},"jetpack_post_was_ever_published":false},"categories":[21],"tags":[],"class_list":["post-69848","post","type-post","status-publish","format-standard","has-post-thumbnail","category-sp-news"],"jetpack_publicize_connections":[],"jetpack-related-posts":[],"jetpack_shortlink":"https:\/\/wp.me\/p7Eq1F-iaA","jetpack_sharing_enabled":true,"jetpack_featured_media_url":"https:\/\/i0.wp.com\/guialimeira.com.br\/news\/wp-content\/uploads\/2026\/06\/Cancer-de-rim-tabagismo-e-exposicao-a-radiacao-sao-fatores.jpg?fit=2560%2C1707&ssl=1","_links":{"self":[{"href":"https:\/\/guialimeira.com.br\/news\/wp-json\/wp\/v2\/posts\/69848","targetHints":{"allow":["GET"]}}],"collection":[{"href":"https:\/\/guialimeira.com.br\/news\/wp-json\/wp\/v2\/posts"}],"about":[{"href":"https:\/\/guialimeira.com.br\/news\/wp-json\/wp\/v2\/types\/post"}],"author":[{"embeddable":true,"href":"https:\/\/guialimeira.com.br\/news\/wp-json\/wp\/v2\/users\/1"}],"replies":[{"embeddable":true,"href":"https:\/\/guialimeira.com.br\/news\/wp-json\/wp\/v2\/comments?post=69848"}],"version-history":[{"count":0,"href":"https:\/\/guialimeira.com.br\/news\/wp-json\/wp\/v2\/posts\/69848\/revisions"}],"wp:featuredmedia":[{"embeddable":true,"href":"https:\/\/guialimeira.com.br\/news\/wp-json\/wp\/v2\/media\/69849"}],"wp:attachment":[{"href":"https:\/\/guialimeira.com.br\/news\/wp-json\/wp\/v2\/media?parent=69848"}],"wp:term":[{"taxonomy":"category","embeddable":true,"href":"https:\/\/guialimeira.com.br\/news\/wp-json\/wp\/v2\/categories?post=69848"},{"taxonomy":"post_tag","embeddable":true,"href":"https:\/\/guialimeira.com.br\/news\/wp-json\/wp\/v2\/tags?post=69848"}],"curies":[{"name":"wp","href":"https:\/\/api.w.org\/{rel}","templated":true}]}}