{"id":69838,"date":"2026-06-21T15:11:06","date_gmt":"2026-06-21T18:11:06","guid":{"rendered":"https:\/\/guialimeira.com.br\/tomavamos-banho-so-a-noite-quando-tinha-agua-mas-agora-acabou-a-agonia-comemora-morador-apos-a-ampliacao-do-reservatorio-de-mambu-branco\/"},"modified":"2026-06-21T15:11:06","modified_gmt":"2026-06-21T18:11:06","slug":"tomavamos-banho-so-a-noite-quando-tinha-agua-mas-agora-acabou-a-agonia-comemora-morador-apos-a-ampliacao-do-reservatorio-de-mambu-branco","status":"publish","type":"post","link":"https:\/\/guialimeira.com.br\/news\/tomavamos-banho-so-a-noite-quando-tinha-agua-mas-agora-acabou-a-agonia-comemora-morador-apos-a-ampliacao-do-reservatorio-de-mambu-branco\/","title":{"rendered":"\u2018Tom\u00e1vamos banho s\u00f3 \u00e0 noite, quando tinha \u00e1gua, mas agora acabou a agonia\u2019, comemora morador ap\u00f3s a amplia\u00e7\u00e3o do reservat\u00f3rio de Mambu-Branco\u00a0"},"content":{"rendered":"<p> <br \/>\n<\/p>\n<div>\n<p class=\"wp-block-paragraph\">A inaugura\u00e7\u00e3o dos dois novos reservat\u00f3rios de \u00e1gua tratada no Centro de Reserva\u00e7\u00e3o de Mambu-Branco, em Itanha\u00e9m, na Baixada Santista, p\u00f5e fim a um problema hist\u00f3rico enfrentado h\u00e1 d\u00e9cadas pelos moradores do munic\u00edpio e de cidades vizinhas: a constante falta de \u00e1gua nas torneiras.<\/p>\n<p class=\"wp-block-paragraph\">Por anos os moradores eram obrigados a buscar \u00e1gua em fontes e encher tambores para ter \u00e1gua para tomar banho, cozinhar e at\u00e9 beber, principalmente em \u00e9poca de alta temporada, quando a demanda cresce muito. \u201cA gente sofria bastante, tinha que tomar banho depois das 22h, meia-noite, que era quando a \u00e1gua tinha for\u00e7a para encher as caixas d\u2019\u00e1gua. Era p\u00e9ssimo\u201d, disse a aut\u00f4noma Alzira Paulo Almeida.<\/p>\n<p class=\"wp-block-paragraph\">Com investimento de R$ 84,6 milh\u00f5es, os dois novos reservat\u00f3rios de Mambu-Branco t\u00eam capacidade para armazenar 20 milh\u00f5es de litros de \u00e1gua tratada e fazem parte da primeira etapa das obras, que ap\u00f3s a amplia\u00e7\u00e3o final ter\u00e1 capacidade total de 40 milh\u00f5es de litros, beneficiando cerca de 1, 2 milh\u00e3o de moradores de cinco cidades do Litoral Sul, inclu\u00edndo Praia Grande, S\u00e3o Vicente e Peru\u00edbe.<\/p>\n<blockquote class=\"instagram-media\" data-instgrm-captioned=\"\" data-instgrm-permalink=\"https:\/\/www.instagram.com\/reel\/DZvhlIOxKuR\/?utm_source=ig_embed&amp;utm_campaign=loading\" data-instgrm-version=\"14\" style=\" background:#FFF; border:0; border-radius:3px; box-shadow:0 0 1px 0 rgba(0,0,0,0.5),0 1px 10px 0 rgba(0,0,0,0.15); margin: 1px; max-width:540px; min-width:326px; padding:0; width:99.375%; width:-webkit-calc(100% - 2px); width:calc(100% - 2px);\"\/>\n<p class=\"wp-block-paragraph\">Desde a conclus\u00e3o dos novos reservat\u00f3rios, segundo Alzira, n\u00e3o falta mais \u00e1gua na torneira de sua casa. \u201cAgora tem \u00e1gua at\u00e9 demais, d\u00e1 para tomar banho, lavar roupa a qualquer hora do dia, acabou a agonia\u201d, disse.<\/p>\n<p class=\"wp-block-paragraph\"><strong>LEIA TAMB\u00c9M:<\/strong> <a href=\"https:\/\/www.agenciasp.sp.gov.br\/veja-perguntas-e-respostas-sobre-o-aprimoramento-da-metodologia-de-seguranca-hidrica-de-sp\/\" rel=\"noopener\">Veja perguntas e respostas sobre o aprimoramento da metodologia de seguran\u00e7a h\u00eddrica de SP<\/a><\/p>\n<p class=\"wp-block-paragraph\">Moradora de Mongagu\u00e1, Maria do Carmo Santos tamb\u00e9m est\u00e1 muito otimista com as obras realizadas pela Sabesp em Mambu-Branco. \u201dAntigamente, a gente tinha que buscar \u00e1gua de carro no Po\u00e7o das Antas, guardava em tambor. Agora t\u00e1 muito melhor, tem os novos reservat\u00f3rios e bastante \u00e1gua\u201d, disse.<\/p>\n<figure class=\"wp-block-image size-large\"><img data-recalc-dims=\"1\" fetchpriority=\"high\" decoding=\"async\" width=\"696\" height=\"464\" src=\"https:\/\/i0.wp.com\/www.agenciasp.sp.gov.br\/wp-content\/uploads\/2026\/06\/55339653668_b9bcc17c1d_k-1024x683.jpg?resize=696%2C464&#038;ssl=1\" alt=\"\" class=\"wp-image-153694 lazy\" srcset=\"https:\/\/www.agenciasp.sp.gov.br\/wp-content\/uploads\/2026\/06\/55339653668_b9bcc17c1d_k-1024x683.jpg 1024w, https:\/\/www.agenciasp.sp.gov.br\/wp-content\/uploads\/2026\/06\/55339653668_b9bcc17c1d_k-300x200.jpg 300w, https:\/\/www.agenciasp.sp.gov.br\/wp-content\/uploads\/2026\/06\/55339653668_b9bcc17c1d_k-768x512.jpg 768w, https:\/\/www.agenciasp.sp.gov.br\/wp-content\/uploads\/2026\/06\/55339653668_b9bcc17c1d_k-1536x1024.jpg 1536w, https:\/\/www.agenciasp.sp.gov.br\/wp-content\/uploads\/2026\/06\/55339653668_b9bcc17c1d_k-150x100.jpg 150w, https:\/\/www.agenciasp.sp.gov.br\/wp-content\/uploads\/2026\/06\/55339653668_b9bcc17c1d_k.jpg 2048w\" data-sizes=\"(max-width: 1024px) 100vw, 1024px\"\/><figcaption class=\"wp-element-caption\"><em>Maria do Carmo Santos mora em Mongagu\u00e1 Foto: Divulga\u00e7\u00e3o\/Governo de SP<\/em><\/figcaption><\/figure>\n<h3 class=\"wp-block-heading\"><strong>Ciclo de Investimentos<\/strong><\/h3>\n<p class=\"wp-block-paragraph\">A desestatiza\u00e7\u00e3o da Sabesp, realizada pelo Governo de S\u00e3o Paulo em 2024, promoveu o maior ciclo de investimentos em saneamento da hist\u00f3ria da Baixada Santista, que recebeu R$ 2,4 bilh\u00f5es entre julho de 2024 e 2025, e tem previs\u00e3o de investimentos de mais de R$ 8 bilh\u00f5es nos pr\u00f3ximos quatro anos para ampliar e modernizar os sistemas de abastecimento de \u00e1gua e esgoto em todo o litoral.<\/p>\n<p class=\"wp-block-paragraph\">Com os reservat\u00f3rios de Itanha\u00e9m j\u00e1 s\u00e3o oito centros de reserva\u00e7\u00e3o de \u00e1gua tratada entregues \u00e0 popula\u00e7\u00e3o. S\u00e3o eles: Centros de Reserva\u00e7\u00e3o (CR) Mogiano e Caruara, em Bertioga, Morrinhos, no Guaruj\u00e1, Prados Baixos, em Peru\u00edbe, Rio Branco, em S\u00e3o Vicente, Centro e Mambu-Branco, em Itanha\u00e9m, t\u00eam juntos a capacidade de armazenar mais de 60 milh\u00f5es de litros de \u00e1gua.<\/p>\n<p class=\"wp-block-paragraph\"><strong>LEIA TAMB\u00c9M:<\/strong> <a href=\"https:\/\/www.agenciasp.sp.gov.br\/desestatizacao-da-sabesp-levou-agua-para-229-mil-pessoas-e-passou-a-dar-destinacao-correta-ao-esgoto-de-quase-300-mil-na-baixada-santista\/\" rel=\"noopener\">Desestatiza\u00e7\u00e3o da Sabesp levou \u00e1gua para 229 mil pessoas e passou a dar destina\u00e7\u00e3o correta ao esgoto de quase 300 mil na Baixada Santista<\/a><\/p>\n<figure class=\"wp-block-image size-large\"><img data-recalc-dims=\"1\" loading=\"lazy\" decoding=\"async\" width=\"696\" height=\"392\" src=\"https:\/\/i0.wp.com\/www.agenciasp.sp.gov.br\/wp-content\/uploads\/2023\/11\/WhatsApp-Image-2026-06-18-at-13.31.41-1024x576.jpeg?resize=696%2C392&#038;ssl=1\" alt=\"\" class=\"wp-image-153077 lazy\" srcset=\"https:\/\/www.agenciasp.sp.gov.br\/wp-content\/uploads\/2023\/11\/WhatsApp-Image-2026-06-18-at-13.31.41-1024x576.jpeg 1024w, https:\/\/www.agenciasp.sp.gov.br\/wp-content\/uploads\/2023\/11\/WhatsApp-Image-2026-06-18-at-13.31.41-300x169.jpeg 300w, https:\/\/www.agenciasp.sp.gov.br\/wp-content\/uploads\/2023\/11\/WhatsApp-Image-2026-06-18-at-13.31.41-768x432.jpeg 768w, https:\/\/www.agenciasp.sp.gov.br\/wp-content\/uploads\/2023\/11\/WhatsApp-Image-2026-06-18-at-13.31.41-1536x864.jpeg 1536w, https:\/\/www.agenciasp.sp.gov.br\/wp-content\/uploads\/2023\/11\/WhatsApp-Image-2026-06-18-at-13.31.41-150x84.jpeg 150w, https:\/\/www.agenciasp.sp.gov.br\/wp-content\/uploads\/2023\/11\/WhatsApp-Image-2026-06-18-at-13.31.41.jpeg 1600w\" data-sizes=\"(max-width: 1024px) 100vw, 1024px\"\/><figcaption class=\"wp-element-caption\"><em>Reservat\u00f3rios em Mambu-Branco t\u00eam capacidade de 20 milh\u00f5es de litros de \u00e1gua Foto: Divulga\u00e7\u00e3o\/Governo de SP<\/em><\/figcaption><\/figure>\n<h3 class=\"wp-block-heading\"><strong>Na Rota da \u00c1gua acompanha avan\u00e7o das obras<\/strong><\/h3>\n<p class=\"wp-block-paragraph\">O Governo de S\u00e3o Paulo acompanha as entregas no saneamento b\u00e1sico pelo Na Rota da \u00c1gua, iniciativa em 1.100 frentes de obras em andamento nas cidades contempladas pelo contrato da Sabesp.<\/p>\n<p class=\"wp-block-paragraph\">Entre as entregas j\u00e1 realizadas est\u00e3o obras de saneamento em Itapecerica da Serra, Embu das Artes e Embu-Gua\u00e7u. Tamb\u00e9m foram conclu\u00eddas duas novas Esta\u00e7\u00f5es de Tratamento de Esgoto em Caieiras e Franco da Rocha, al\u00e9m de um Sistema de Expans\u00e3o de Esgotamento Sanit\u00e1rio que atende ainda Francisco Morato, na Grande S\u00e3o Paulo.<\/p>\n<\/p><\/div>\n<p><script async src=\"\/\/www.instagram.com\/embed.js\"><\/script><br \/>\n<br \/><br \/>\n<br \/><a href=\"https:\/\/www.agenciasp.sp.gov.br\/tomavamos-banho-so-a-noite-quando-tinha-agua-mas-agora-acabou-a-agonia-comemora-morador-apos-a-ampliacao-do-reservatorio-de-mambu-branco\/\" rel=\"noopener\">Informa\u00e7\u00f5es GOV.SP<\/a><\/p>\n","protected":false},"excerpt":{"rendered":"<p>A inaugura\u00e7\u00e3o dos dois novos reservat\u00f3rios de \u00e1gua tratada no Centro de Reserva\u00e7\u00e3o de Mambu-Branco, em Itanha\u00e9m, na Baixada Santista, p\u00f5e fim a um problema hist\u00f3rico enfrentado h\u00e1 d\u00e9cadas pelos moradores do munic\u00edpio e de cidades vizinhas: a constante falta de \u00e1gua nas torneiras. Por anos os moradores eram obrigados a buscar \u00e1gua em fontes [&hellip;]<\/p>\n","protected":false},"author":1,"featured_media":69839,"comment_status":"","ping_status":"open","sticky":false,"template":"","format":"standard","meta":{"_jetpack_newsletter_access":"","_jetpack_dont_email_post_to_subs":false,"_jetpack_newsletter_tier_id":0,"_jetpack_memberships_contains_paywalled_content":false,"_mbp_banners":[],"_jetpack_feature_clip_id":0,"_jetpack_memberships_contains_paid_content":false,"footnotes":"","jetpack_publicize_message":"","jetpack_publicize_feature_enabled":true,"jetpack_social_post_already_shared":true,"jetpack_social_options":{"image_generator_settings":{"template":"highway","default_image_id":0,"font":"","enabled":false},"version":2},"jetpack_post_was_ever_published":false},"categories":[21],"tags":[],"class_list":["post-69838","post","type-post","status-publish","format-standard","has-post-thumbnail","category-sp-news"],"jetpack_publicize_connections":[],"jetpack-related-posts":[],"jetpack_shortlink":"https:\/\/wp.me\/p7Eq1F-iaq","jetpack_sharing_enabled":true,"jetpack_featured_media_url":"https:\/\/i0.wp.com\/guialimeira.com.br\/news\/wp-content\/uploads\/2026\/06\/%E2%80%98Tomavamos-banho-so-a-noite-quando-tinha-agua-mas-agora.jpg?fit=1024%2C683&ssl=1","_links":{"self":[{"href":"https:\/\/guialimeira.com.br\/news\/wp-json\/wp\/v2\/posts\/69838","targetHints":{"allow":["GET"]}}],"collection":[{"href":"https:\/\/guialimeira.com.br\/news\/wp-json\/wp\/v2\/posts"}],"about":[{"href":"https:\/\/guialimeira.com.br\/news\/wp-json\/wp\/v2\/types\/post"}],"author":[{"embeddable":true,"href":"https:\/\/guialimeira.com.br\/news\/wp-json\/wp\/v2\/users\/1"}],"replies":[{"embeddable":true,"href":"https:\/\/guialimeira.com.br\/news\/wp-json\/wp\/v2\/comments?post=69838"}],"version-history":[{"count":0,"href":"https:\/\/guialimeira.com.br\/news\/wp-json\/wp\/v2\/posts\/69838\/revisions"}],"wp:featuredmedia":[{"embeddable":true,"href":"https:\/\/guialimeira.com.br\/news\/wp-json\/wp\/v2\/media\/69839"}],"wp:attachment":[{"href":"https:\/\/guialimeira.com.br\/news\/wp-json\/wp\/v2\/media?parent=69838"}],"wp:term":[{"taxonomy":"category","embeddable":true,"href":"https:\/\/guialimeira.com.br\/news\/wp-json\/wp\/v2\/categories?post=69838"},{"taxonomy":"post_tag","embeddable":true,"href":"https:\/\/guialimeira.com.br\/news\/wp-json\/wp\/v2\/tags?post=69838"}],"curies":[{"name":"wp","href":"https:\/\/api.w.org\/{rel}","templated":true}]}}