{"id":69815,"date":"2026-06-21T12:07:12","date_gmt":"2026-06-21T15:07:12","guid":{"rendered":"https:\/\/guialimeira.com.br\/governo-de-sp-faz-parceria-para-empregar-reeducandos-na-producao-de-calcados-de-seguranca\/"},"modified":"2026-06-21T12:07:12","modified_gmt":"2026-06-21T15:07:12","slug":"governo-de-sp-faz-parceria-para-empregar-reeducandos-na-producao-de-calcados-de-seguranca","status":"publish","type":"post","link":"https:\/\/guialimeira.com.br\/news\/governo-de-sp-faz-parceria-para-empregar-reeducandos-na-producao-de-calcados-de-seguranca\/","title":{"rendered":"Governo de SP faz parceria para empregar reeducandos na produ\u00e7\u00e3o de cal\u00e7ados de seguran\u00e7a"},"content":{"rendered":"<p> <br \/>\n<\/p>\n<div>\n<p class=\"wp-block-paragraph\">Com foco na ressocializa\u00e7\u00e3o e na amplia\u00e7\u00e3o do acesso ao mercado de trabalho, a Penitenci\u00e1ria II (PII) \u201cLuiz Gonzaga Vieira\u201d de Piraju\u00ed, por meio da Funda\u00e7\u00e3o \u201cProf. Dr. Manoel Pedro Pimentel\u201d (Funap), possui, desde 2023, uma parceria com a empresa Bracol. Atualmente, 190 pessoas privadas de liberdade trabalham na oficina instalada dentro da unidade.<\/p>\n<p class=\"wp-block-paragraph\">Localizada numa \u00e1rea de 1.104 metros quadrados, a f\u00e1brica funciona com a capacidade m\u00e1xima e produz cal\u00e7ados de seguran\u00e7a. Em m\u00e9dia, s\u00e3o fabricados 6 mil pares por dia, com possibilidade de expans\u00e3o para at\u00e9 7 mil pares.<\/p>\n<p class=\"wp-block-paragraph\">Os contratos de trabalho s\u00e3o firmados com a Funap, sendo que o reeducando recebe como pagamento \u00be do sal\u00e1rio m\u00ednimo, al\u00e9m da possibilidade de remi\u00e7\u00e3o de pena \u2013 a cada tr\u00eas dias trabalhados, um dia \u00e9 remido. Os presos interessados passam por entrevista individual, com avalia\u00e7\u00e3o da experi\u00eancia profissional e o comportamento disciplinar. Ap\u00f3s a conclus\u00e3o do processo seletivo, eles realizam um per\u00edodo de treinamento e s\u00e3o designados para a fun\u00e7\u00e3o correspondente.<\/p>\n<figure class=\"wp-block-image size-large\"><img data-recalc-dims=\"1\" fetchpriority=\"high\" decoding=\"async\" width=\"696\" height=\"464\" src=\"https:\/\/i0.wp.com\/www.agenciasp.sp.gov.br\/wp-content\/uploads\/2026\/06\/WhatsApp-Image-2026-06-12-at-18.03.38-1024x682.jpeg?resize=696%2C464&#038;ssl=1\" alt=\"\" class=\"wp-image-151941 lazy\" srcset=\"https:\/\/www.agenciasp.sp.gov.br\/wp-content\/uploads\/2026\/06\/WhatsApp-Image-2026-06-12-at-18.03.38-1024x682.jpeg 1024w, https:\/\/www.agenciasp.sp.gov.br\/wp-content\/uploads\/2026\/06\/WhatsApp-Image-2026-06-12-at-18.03.38-300x200.jpeg 300w, https:\/\/www.agenciasp.sp.gov.br\/wp-content\/uploads\/2026\/06\/WhatsApp-Image-2026-06-12-at-18.03.38-768x512.jpeg 768w, https:\/\/www.agenciasp.sp.gov.br\/wp-content\/uploads\/2026\/06\/WhatsApp-Image-2026-06-12-at-18.03.38-150x100.jpeg 150w, https:\/\/www.agenciasp.sp.gov.br\/wp-content\/uploads\/2026\/06\/WhatsApp-Image-2026-06-12-at-18.03.38.jpeg 1280w\" data-sizes=\"(max-width: 1024px) 100vw, 1024px\"\/><figcaption class=\"wp-element-caption\">Atualmente, 190 pessoas privadas de liberdade trabalham na oficina instalada dentro da unidade<\/figcaption><\/figure>\n<p class=\"wp-block-paragraph\">\u201cContar com a parceria da Bracol, refer\u00eancia nacional em cal\u00e7ados de seguran\u00e7a para trabalhadores, para cumprir nossa miss\u00e3o de oferecer capacita\u00e7\u00e3o profissional, trabalho e renda \u00e0s pessoas privadas de liberdade do sistema prisional paulista, \u00e9 uma conquista de grande relev\u00e2ncia. Parcerias como essa nos d\u00e3o a certeza de que estamos contribuindo para a constru\u00e7\u00e3o de uma sociedade mais justa e produtiva\u201d, explica Paulo Henrique Coltre, Superintendente da Funap.<\/p>\n<p class=\"wp-block-paragraph\">\u201cAqui na Bracol Cal\u00e7ados estou tendo a oportunidade de aprender uma profiss\u00e3o, pois aqui sou tratado como um colaborador. \u00c9 uma empresa que acredita em projetos sociais e na ressocializa\u00e7\u00e3o. Estou tendo a oportunidade de me tornar uma pessoa melhor e ajudar a minha fam\u00edlia\u201d, contou o reeducando M.B.N.J., que trabalha na f\u00e1brica.<\/p>\n<p class=\"wp-block-paragraph\">O trabalho dentro do sistema prisional \u00e9 importante para o processo de ressocializa\u00e7\u00e3o do indiv\u00edduo, al\u00e9m de possibilitar qualifica\u00e7\u00e3o profissional. \u201cA atividade proporciona aprendizado, prepara\u00e7\u00e3o para o retorno ao mercado de trabalho e ao conv\u00edvio social, al\u00e9m de promover a disciplina. Isso contribui para a reconstru\u00e7\u00e3o da dignidade e a amplia\u00e7\u00e3o das perspectivas de futuro aos colaboradores\u201d, destaca o Chefe de Departamento da Penitenci\u00e1ria II de Piraju\u00ed, Cleuber Ferreira Mantovanini Junior.<\/p>\n<p class=\"wp-block-paragraph\">A atividade traz, ainda, o benef\u00edcio de explorar novas \u00e1reas e criar habilidades, como descrevem outros colaboradores. \u201cEstar em uma empresa grande como essa foi uma das poucas oportunidades que tive na vida. Eu tive o privil\u00e9gio de aprender a operar m\u00e1quinas, ter mais responsabilidade e compromisso\u201d, diz B.S.D.<\/p>\n<figure class=\"wp-block-image size-large\"><img data-recalc-dims=\"1\" loading=\"lazy\" decoding=\"async\" width=\"696\" height=\"464\" src=\"https:\/\/i0.wp.com\/www.agenciasp.sp.gov.br\/wp-content\/uploads\/2026\/06\/WhatsApp-Image-2026-06-12-at-18.03.390-1024x682.jpeg?resize=696%2C464&#038;ssl=1\" alt=\"\" class=\"wp-image-151944 lazy\" srcset=\"https:\/\/www.agenciasp.sp.gov.br\/wp-content\/uploads\/2026\/06\/WhatsApp-Image-2026-06-12-at-18.03.390-1024x682.jpeg 1024w, https:\/\/www.agenciasp.sp.gov.br\/wp-content\/uploads\/2026\/06\/WhatsApp-Image-2026-06-12-at-18.03.390-300x200.jpeg 300w, https:\/\/www.agenciasp.sp.gov.br\/wp-content\/uploads\/2026\/06\/WhatsApp-Image-2026-06-12-at-18.03.390-768x512.jpeg 768w, https:\/\/www.agenciasp.sp.gov.br\/wp-content\/uploads\/2026\/06\/WhatsApp-Image-2026-06-12-at-18.03.390-150x100.jpeg 150w, https:\/\/www.agenciasp.sp.gov.br\/wp-content\/uploads\/2026\/06\/WhatsApp-Image-2026-06-12-at-18.03.390.jpeg 1280w\" data-sizes=\"(max-width: 1024px) 100vw, 1024px\"\/><figcaption class=\"wp-element-caption\">Atualmente, estima-se que cerca de 2.300 clientes s\u00e3o atendidos pelos produtos confeccionados na unidade<\/figcaption><\/figure>\n<p class=\"wp-block-paragraph\">\u201cO ensino \u00e9 o ber\u00e7o do conhecimento, \u00e9 algo que ningu\u00e9m vai tirar da gente. Quero poder sair remunerado, exercer a profiss\u00e3o em uma grande empresa e fazer tudo diferente\u201d, reflete J.P.<\/p>\n<p class=\"wp-block-paragraph\">Diariamente, ap\u00f3s a fabrica\u00e7\u00e3o, os materiais produzidos s\u00e3o recolhidos da oficina e armazenados em cont\u00eainer na \u00e1rea externa do pres\u00eddio. Posteriormente, a empresa coleta, transporta e distribui os produtos. Atualmente, estima-se que cerca de 2.300 clientes s\u00e3o atendidos pelos produtos confeccionados na unidade.<\/p>\n<p class=\"wp-block-paragraph\">Al\u00e9m da f\u00e1brica na PII, a empresa conta com outra instalada na Penitenci\u00e1ria I \u201cDr. Walter Faria Pereira de Queir\u00f3z\u201d de Piraju\u00ed. Nesse local, atualmente, 83 presos trabalham na fabrica\u00e7\u00e3o de cal\u00e7ados de seguran\u00e7a.<\/p>\n<\/p><\/div>\n<p><br \/>\n<br \/><a href=\"https:\/\/www.agenciasp.sp.gov.br\/governo-de-sp-faz-parceria-para-empregar-reeducandos-na-producao-de-calcados-de-seguranca\/\" rel=\"noopener\">Informa\u00e7\u00f5es GOV.SP<\/a><\/p>\n","protected":false},"excerpt":{"rendered":"<p>Com foco na ressocializa\u00e7\u00e3o e na amplia\u00e7\u00e3o do acesso ao mercado de trabalho, a Penitenci\u00e1ria II (PII) \u201cLuiz Gonzaga Vieira\u201d de Piraju\u00ed, por meio da Funda\u00e7\u00e3o \u201cProf. Dr. Manoel Pedro Pimentel\u201d (Funap), possui, desde 2023, uma parceria com a empresa Bracol. Atualmente, 190 pessoas privadas de liberdade trabalham na oficina instalada dentro da unidade. Localizada [&hellip;]<\/p>\n","protected":false},"author":1,"featured_media":69816,"comment_status":"","ping_status":"open","sticky":false,"template":"","format":"standard","meta":{"_jetpack_newsletter_access":"","_jetpack_dont_email_post_to_subs":false,"_jetpack_newsletter_tier_id":0,"_jetpack_memberships_contains_paywalled_content":false,"_mbp_banners":[],"_jetpack_feature_clip_id":0,"_jetpack_memberships_contains_paid_content":false,"footnotes":"","jetpack_publicize_message":"","jetpack_publicize_feature_enabled":true,"jetpack_social_post_already_shared":true,"jetpack_social_options":{"image_generator_settings":{"template":"highway","default_image_id":0,"font":"","enabled":false},"version":2},"jetpack_post_was_ever_published":false},"categories":[21],"tags":[],"class_list":["post-69815","post","type-post","status-publish","format-standard","has-post-thumbnail","category-sp-news"],"jetpack_publicize_connections":[],"jetpack-related-posts":[],"jetpack_shortlink":"https:\/\/wp.me\/p7Eq1F-ia3","jetpack_sharing_enabled":true,"jetpack_featured_media_url":"https:\/\/i0.wp.com\/guialimeira.com.br\/news\/wp-content\/uploads\/2026\/06\/Governo-de-SP-faz-parceria-para-empregar-reeducandos-na-producao.jpeg?fit=1024%2C682&ssl=1","_links":{"self":[{"href":"https:\/\/guialimeira.com.br\/news\/wp-json\/wp\/v2\/posts\/69815","targetHints":{"allow":["GET"]}}],"collection":[{"href":"https:\/\/guialimeira.com.br\/news\/wp-json\/wp\/v2\/posts"}],"about":[{"href":"https:\/\/guialimeira.com.br\/news\/wp-json\/wp\/v2\/types\/post"}],"author":[{"embeddable":true,"href":"https:\/\/guialimeira.com.br\/news\/wp-json\/wp\/v2\/users\/1"}],"replies":[{"embeddable":true,"href":"https:\/\/guialimeira.com.br\/news\/wp-json\/wp\/v2\/comments?post=69815"}],"version-history":[{"count":0,"href":"https:\/\/guialimeira.com.br\/news\/wp-json\/wp\/v2\/posts\/69815\/revisions"}],"wp:featuredmedia":[{"embeddable":true,"href":"https:\/\/guialimeira.com.br\/news\/wp-json\/wp\/v2\/media\/69816"}],"wp:attachment":[{"href":"https:\/\/guialimeira.com.br\/news\/wp-json\/wp\/v2\/media?parent=69815"}],"wp:term":[{"taxonomy":"category","embeddable":true,"href":"https:\/\/guialimeira.com.br\/news\/wp-json\/wp\/v2\/categories?post=69815"},{"taxonomy":"post_tag","embeddable":true,"href":"https:\/\/guialimeira.com.br\/news\/wp-json\/wp\/v2\/tags?post=69815"}],"curies":[{"name":"wp","href":"https:\/\/api.w.org\/{rel}","templated":true}]}}