{"id":69810,"date":"2026-06-21T11:05:09","date_gmt":"2026-06-21T14:05:09","guid":{"rendered":"https:\/\/guialimeira.com.br\/projeto-usa-atividade-fisica-para-melhorar-a-qualidade-de-vida-de-pessoas-com-alzheimer\/"},"modified":"2026-06-21T11:05:09","modified_gmt":"2026-06-21T14:05:09","slug":"projeto-usa-atividade-fisica-para-melhorar-a-qualidade-de-vida-de-pessoas-com-alzheimer","status":"publish","type":"post","link":"https:\/\/guialimeira.com.br\/news\/projeto-usa-atividade-fisica-para-melhorar-a-qualidade-de-vida-de-pessoas-com-alzheimer\/","title":{"rendered":"Projeto usa atividade f\u00edsica para melhorar a qualidade de vida de pessoas com Alzheimer"},"content":{"rendered":"<p> <br \/>\n<br \/><img data-recalc-dims=\"1\" decoding=\"async\" src=\"https:\/\/i0.wp.com\/www.agenciasp.sp.gov.br\/wp-content\/uploads\/2024\/04\/50974-1.jpg?w=696&#038;ssl=1\" \/><\/p>\n<div>\n<p class=\"wp-block-paragraph\">Com o envelhecimento da popula\u00e7\u00e3o brasileira, cresce tamb\u00e9m o n\u00famero de pessoas que convivem com Alzheimer e outras formas de dem\u00eancia. Segundo o Relat\u00f3rio Nacional sobre Dem\u00eancia de 2024, cerca de 1,8 milh\u00e3o de brasileiros com mais de 60 anos vivem com algum tipo dessas condi\u00e7\u00f5es.\u00a0Diante desse cen\u00e1rio, um projeto de doutorado utiliza a atividade f\u00edsica como estrat\u00e9gia complementar ao tratamento m\u00e9dico de pessoas com dem\u00eancia.<\/p>\n<p class=\"wp-block-paragraph\">A autora do estudo, Caroline Giolo de Melo, doutora em Ci\u00eancias e pesquisadora da Escola de Educa\u00e7\u00e3o F\u00edsica e Esporte da <a href=\"https:\/\/www5.usp.br\/\" target=\"_blank\" rel=\"noopener\">USP<\/a>, explica que a pr\u00e1tica regular de exerc\u00edcios pode contribuir para a preven\u00e7\u00e3o das dem\u00eancias. Segundo ela, pessoas fisicamente ativas apresentam menor risco de desenvolver essas condi\u00e7\u00f5es ao longo da vida.<\/p>\n<p class=\"wp-block-paragraph\"><strong>LEIA TAMB\u00c9M: <\/strong><a href=\"https:\/\/www.agenciasp.sp.gov.br\/frio-pode-intensificar-dores-fibromialgia\/\" rel=\"noopener\">Frio pode intensificar dores em pessoas com fibromialgia; veja cuidados<\/a><\/p>\n<p class=\"wp-block-paragraph\">O projeto MoviMente, desenvolvido durante seu doutorado, utiliza atividades f\u00edsicas em grupo como estrat\u00e9gia para atender um maior n\u00famero de pessoas com dem\u00eancia e complementar o tratamento m\u00e9dico convencional. A proposta busca estimular a socializa\u00e7\u00e3o, reduzir o isolamento e preservar a autonomia dos participantes por meio de exerc\u00edcios voltados \u00e0 manuten\u00e7\u00e3o das fun\u00e7\u00f5es cognitivas e da aptid\u00e3o f\u00edsica funcional.<\/p>\n<p class=\"wp-block-paragraph\">De acordo com a pesquisadora, a iniciativa contribui para que os pacientes mantenham por mais tempo a capacidade de realizar atividades cotidianas de forma independente, promovendo ganhos na qualidade de vida tanto dos participantes quanto de seus familiares e cuidadores.<\/p>\n<h3 class=\"wp-block-heading\">Resultados e impactos na qualidade de vida<\/h3>\n<p class=\"wp-block-paragraph\">Caroline explica que os participantes apresentaram melhora na aptid\u00e3o f\u00edsica funcional em compara\u00e7\u00e3o com os testes realizados antes do in\u00edcio do projeto. Ela destaca que os benef\u00edcios tamb\u00e9m foram observados no estado cognitivo dos pacientes.<\/p>\n<blockquote class=\"wp-block-quote is-layout-flow wp-block-quote-is-layout-flow\">\n<p class=\"wp-block-paragraph\">\u201cN\u00f3s aplicamos um teste chamado Mini Exame do Estado Mental, que avalia a cogni\u00e7\u00e3o. Todos os participantes obtiveram uma pontua\u00e7\u00e3o maior na avalia\u00e7\u00e3o final do que na inicial. Alguns melhoraram mais, outros menos, mas, de forma geral, todos apresentaram evolu\u00e7\u00e3o. Foi um resultado bastante impressionante\u201d, relata.<\/p>\n<\/blockquote>\n<p class=\"wp-block-paragraph\">Segundo a pesquisadora, alguns participantes tamb\u00e9m relataram melhora na qualidade do sono, na alimenta\u00e7\u00e3o, na realiza\u00e7\u00e3o de atividades do dia a dia \u2014 como subir escadas \u2014 e at\u00e9 mesmo em aspectos emocionais e sociais. Al\u00e9m da pr\u00e1tica dos exerc\u00edcios, os pacientes t\u00eam a oportunidade de interagir entre si, enquanto os cuidadores podem compartilhar experi\u00eancias e construir redes de apoio.<\/p>\n<p class=\"wp-block-paragraph\">A experi\u00eancia teve continuidade ap\u00f3s o t\u00e9rmino da pesquisa e foi incorporada como pol\u00edtica p\u00fablica pela Secretaria de Esportes de Valinhos, no interior de S\u00e3o Paulo, munic\u00edpio onde o estudo foi realizado inicialmente. A expectativa \u00e9 que o projeto sirva de inspira\u00e7\u00e3o para a implementa\u00e7\u00e3o de iniciativas semelhantes em outras cidades do pa\u00eds.<\/p>\n<\/p><\/div>\n<p><br \/>\n<br \/><a href=\"https:\/\/www.agenciasp.sp.gov.br\/projeto-atividade-fisica-melhora-alzheimer\/\" rel=\"noopener\">Informa\u00e7\u00f5es GOV.SP<\/a><\/p>\n","protected":false},"excerpt":{"rendered":"<p>Com o envelhecimento da popula\u00e7\u00e3o brasileira, cresce tamb\u00e9m o n\u00famero de pessoas que convivem com Alzheimer e outras formas de dem\u00eancia. Segundo o Relat\u00f3rio Nacional sobre Dem\u00eancia de 2024, cerca de 1,8 milh\u00e3o de brasileiros com mais de 60 anos vivem com algum tipo dessas condi\u00e7\u00f5es.\u00a0Diante desse cen\u00e1rio, um projeto de doutorado utiliza a atividade [&hellip;]<\/p>\n","protected":false},"author":1,"featured_media":69811,"comment_status":"","ping_status":"open","sticky":false,"template":"","format":"standard","meta":{"_jetpack_newsletter_access":"","_jetpack_dont_email_post_to_subs":false,"_jetpack_newsletter_tier_id":0,"_jetpack_memberships_contains_paywalled_content":false,"_mbp_banners":[],"_jetpack_feature_clip_id":0,"_jetpack_memberships_contains_paid_content":false,"footnotes":"","jetpack_publicize_message":"","jetpack_publicize_feature_enabled":true,"jetpack_social_post_already_shared":true,"jetpack_social_options":{"image_generator_settings":{"template":"highway","default_image_id":0,"font":"","enabled":false},"version":2},"jetpack_post_was_ever_published":false},"categories":[21],"tags":[],"class_list":["post-69810","post","type-post","status-publish","format-standard","has-post-thumbnail","category-sp-news"],"jetpack_publicize_connections":[],"jetpack-related-posts":[],"jetpack_shortlink":"https:\/\/wp.me\/p7Eq1F-i9Y","jetpack_sharing_enabled":true,"jetpack_featured_media_url":"https:\/\/i0.wp.com\/guialimeira.com.br\/news\/wp-content\/uploads\/2026\/06\/Projeto-usa-atividade-fisica-para-melhorar-a-qualidade-de-vida.jpg?fit=1000%2C563&ssl=1","_links":{"self":[{"href":"https:\/\/guialimeira.com.br\/news\/wp-json\/wp\/v2\/posts\/69810","targetHints":{"allow":["GET"]}}],"collection":[{"href":"https:\/\/guialimeira.com.br\/news\/wp-json\/wp\/v2\/posts"}],"about":[{"href":"https:\/\/guialimeira.com.br\/news\/wp-json\/wp\/v2\/types\/post"}],"author":[{"embeddable":true,"href":"https:\/\/guialimeira.com.br\/news\/wp-json\/wp\/v2\/users\/1"}],"replies":[{"embeddable":true,"href":"https:\/\/guialimeira.com.br\/news\/wp-json\/wp\/v2\/comments?post=69810"}],"version-history":[{"count":0,"href":"https:\/\/guialimeira.com.br\/news\/wp-json\/wp\/v2\/posts\/69810\/revisions"}],"wp:featuredmedia":[{"embeddable":true,"href":"https:\/\/guialimeira.com.br\/news\/wp-json\/wp\/v2\/media\/69811"}],"wp:attachment":[{"href":"https:\/\/guialimeira.com.br\/news\/wp-json\/wp\/v2\/media?parent=69810"}],"wp:term":[{"taxonomy":"category","embeddable":true,"href":"https:\/\/guialimeira.com.br\/news\/wp-json\/wp\/v2\/categories?post=69810"},{"taxonomy":"post_tag","embeddable":true,"href":"https:\/\/guialimeira.com.br\/news\/wp-json\/wp\/v2\/tags?post=69810"}],"curies":[{"name":"wp","href":"https:\/\/api.w.org\/{rel}","templated":true}]}}