{"id":69806,"date":"2026-06-21T10:04:25","date_gmt":"2026-06-21T13:04:25","guid":{"rendered":"https:\/\/guialimeira.com.br\/novas-redes-de-esgoto-na-baixada-santista-equivalem-a-uma-viagem-de-sao-paulo-a-curitiba\/"},"modified":"2026-06-21T10:04:25","modified_gmt":"2026-06-21T13:04:25","slug":"novas-redes-de-esgoto-na-baixada-santista-equivalem-a-uma-viagem-de-sao-paulo-a-curitiba","status":"publish","type":"post","link":"https:\/\/guialimeira.com.br\/news\/novas-redes-de-esgoto-na-baixada-santista-equivalem-a-uma-viagem-de-sao-paulo-a-curitiba\/","title":{"rendered":"Novas redes de esgoto na Baixada Santista equivalem a uma viagem de S\u00e3o Paulo a Curitiba"},"content":{"rendered":"<p> <br \/>\n<br \/><img data-recalc-dims=\"1\" decoding=\"async\" src=\"https:\/\/i0.wp.com\/www.agenciasp.sp.gov.br\/wp-content\/uploads\/2024\/04\/Obras-de-ampliacao-do-sistema-de-coleta-e-tratamento-de-esgoto-1024x684-1.jpeg?w=696&#038;ssl=1\" \/><\/p>\n<div>\n<p class=\"wp-block-paragraph\">Os munic\u00edpios da Baixada Santista v\u00e3o receber at\u00e9 2029 cerca de R$ 8 bilh\u00f5es em investimentos para oferecer coleta e tratamento de esgoto para toda a popula\u00e7\u00e3o, valor cinco vezes maior que a m\u00e9dia anual de R$ 400 milh\u00f5es aplicados entre 2017 e 2024, antes da desestatiza\u00e7\u00e3o da Sabesp pelo Governo de S\u00e3o Paulo.\u00a0<\/p>\n<p class=\"wp-block-paragraph\">O plano de expans\u00e3o da coleta de esgoto prev\u00ea a amplia\u00e7\u00e3o de quase 400 km da rede de coleta de esgoto em cinco cidades, o equivalente \u00e0 dist\u00e2ncia entre S\u00e3o Paulo e Curitiba, no Paran\u00e1. S\u00e3o 15 km em Cubat\u00e3o, 18 km no Guaruj\u00e1, 155 km em Itanha\u00e9m, 48 km em Peru\u00edbe e 160 km em Praia Grande.\u00a0\u00a0<\/p>\n<p class=\"wp-block-paragraph\">Al\u00e9m da rede de coleta, a Companhia pretende ampliar as estruturas que coletam e fazem o tratamento dos efluentes. O plano de expans\u00e3o na Baixada Santista prev\u00ea a entrega da moderniza\u00e7\u00e3o de pelo menos seis esta\u00e7\u00f5es de tratamento de esgoto (ETE) at\u00e9 2030, o que ter\u00e1 forte impacto para a sa\u00fade da popula\u00e7\u00e3o e para o meio ambiente.\u00a0 S\u00e3o elas: ETE Vista Linda e Centro, em Bertioga, P1, em Peru\u00edbe, Barigui e Bichor\u00f3, em Mongagu\u00e1, Anchieta, em Itanha\u00e9m, Casqueiro, em Cubat\u00e3o, e Vicente de Carvalho, no Guaruj\u00e1.\u00a0<\/p>\n<p class=\"wp-block-paragraph\"><strong>LEIA TAMB\u00c9M: <\/strong><a href=\"https:\/\/www.agenciasp.sp.gov.br\/novo-reservatorio-mambu-branco-agua-baixada-santista\/\" rel=\"noopener\">Entenda como novo reservat\u00f3rio Mambu-Branco garante mais seguran\u00e7a no abastecimento de \u00e1gua da Baixada<\/a><\/p>\n<p class=\"wp-block-paragraph\"><strong>Mais investimentos<\/strong><\/p>\n<p class=\"wp-block-paragraph\">A Baixada Santista vai receber mais de R$ 8 bilh\u00f5es em investimentos at\u00e9 2029 (m\u00e9dia de R$ 2 bilh\u00f5es\/ano nos pr\u00f3ximos quatro anos) para resolver desafios estruturais no abastecimento de \u00e1gua e esgoto. O valor \u00e9 cinco vezes o total de recursos investidos na regi\u00e3o de 2017 a 2024 (R$ 400 milh\u00f5es\/ano), antes da desestatiza\u00e7\u00e3o realizada em 2024 pelo Governo de S\u00e3o Paulo.\u00a0<\/p>\n<p class=\"wp-block-paragraph\">Entre as principais obras na Baixada Santista est\u00e3o a Adutora Santos Guaruj\u00e1, um investimento de R$ 134,7 milh\u00f5es que vai levar \u00e1gua de Santos por canal subaqu\u00e1tico at\u00e9 Guaruj\u00e1,\u00a0 implanta\u00e7\u00e3o do Pulm\u00e3o de Reserva\u00e7\u00e3o de \u00c1gua Pot\u00e1vel do Sistema Mambu Branco, com capacidade total de 40 milh\u00f5es de litros e implanta\u00e7\u00e3o da nova Esta\u00e7\u00e3o de Tratamento de \u00c1gua Melvi, com capacidade de 1.270 litros por segundo, que ampliar\u00e1 de forma estrutural a produ\u00e7\u00e3o de \u00e1gua tratada para a Baixada Santista.<\/p>\n<p class=\"wp-block-paragraph\">At\u00e9 2029 a Sabesp pretende expandir 170 km de rede de \u00e1gua e 596 km de esgoto na regi\u00e3o, al\u00e9m de construir 20 novos reservat\u00f3rios, tr\u00eas esta\u00e7\u00f5es de tratamento de \u00e1gua e seis de tratamento de esgoto.<\/p>\n<p class=\"wp-block-paragraph\"><strong>LEIA TAMB\u00c9M: <\/strong><a href=\"https:\/\/www.agenciasp.sp.gov.br\/moradores-do-litoral-norte-de-sp-sao-beneficiados-com-expansao-da-rede-de-agua-e-esgoto\/\" rel=\"noopener\">Moradores do Litoral Norte de SP s\u00e3o beneficiados com expans\u00e3o da rede de \u00e1gua e esgoto ap\u00f3s 25 anos de espera<\/a><\/p>\n<p class=\"wp-block-paragraph\"><strong>Na Rota da \u00c1gua acompanha avan\u00e7o das obras<\/strong><\/p>\n<p class=\"wp-block-paragraph\">O Governo de S\u00e3o Paulo acompanha as entregas no saneamento b\u00e1sico pelo Na Rota da \u00c1gua, iniciativa em 1.100 frentes de obras em andamento nas cidades contempladas pelo contrato da Sabesp.<\/p>\n<p class=\"wp-block-paragraph\">Entre as entregas j\u00e1 realizadas est\u00e3o obras de saneamento em Itapecerica da Serra, Embu das Artes e Embu-Gua\u00e7u. Tamb\u00e9m foram conclu\u00eddas duas novas Esta\u00e7\u00f5es de Tratamento de Esgoto em Caieiras e Franco da Rocha, al\u00e9m de um Sistema de Expans\u00e3o de Esgotamento Sanit\u00e1rio que atende ainda Francisco Morato, na Grande S\u00e3o Paulo.<\/p>\n<\/p><\/div>\n<p><br \/>\n<br \/><a href=\"https:\/\/www.agenciasp.sp.gov.br\/novas-redes-de-esgoto-na-baixada-santista-equivalem-a-uma-viagem-de-sao-paulo-a-curitiba\/\" rel=\"noopener\">Informa\u00e7\u00f5es GOV.SP<\/a><\/p>\n","protected":false},"excerpt":{"rendered":"<p>Os munic\u00edpios da Baixada Santista v\u00e3o receber at\u00e9 2029 cerca de R$ 8 bilh\u00f5es em investimentos para oferecer coleta e tratamento de esgoto para toda a popula\u00e7\u00e3o, valor cinco vezes maior que a m\u00e9dia anual de R$ 400 milh\u00f5es aplicados entre 2017 e 2024, antes da desestatiza\u00e7\u00e3o da Sabesp pelo Governo de S\u00e3o Paulo.\u00a0 O [&hellip;]<\/p>\n","protected":false},"author":1,"featured_media":61193,"comment_status":"","ping_status":"open","sticky":false,"template":"","format":"standard","meta":{"_jetpack_newsletter_access":"","_jetpack_dont_email_post_to_subs":false,"_jetpack_newsletter_tier_id":0,"_jetpack_memberships_contains_paywalled_content":false,"_mbp_banners":[],"_jetpack_feature_clip_id":0,"_jetpack_memberships_contains_paid_content":false,"footnotes":"","jetpack_publicize_message":"","jetpack_publicize_feature_enabled":true,"jetpack_social_post_already_shared":true,"jetpack_social_options":{"image_generator_settings":{"template":"highway","default_image_id":0,"font":"","enabled":false},"version":2},"jetpack_post_was_ever_published":false},"categories":[21],"tags":[],"class_list":["post-69806","post","type-post","status-publish","format-standard","has-post-thumbnail","category-sp-news"],"jetpack_publicize_connections":[],"jetpack-related-posts":[],"jetpack_shortlink":"https:\/\/wp.me\/p7Eq1F-i9U","jetpack_sharing_enabled":true,"jetpack_featured_media_url":"https:\/\/i0.wp.com\/guialimeira.com.br\/news\/wp-content\/uploads\/2026\/04\/Presidente-Epitacio-recebe-R-13-milhoes-de-investimento-em-obras.jpeg?fit=1024%2C684&ssl=1","_links":{"self":[{"href":"https:\/\/guialimeira.com.br\/news\/wp-json\/wp\/v2\/posts\/69806","targetHints":{"allow":["GET"]}}],"collection":[{"href":"https:\/\/guialimeira.com.br\/news\/wp-json\/wp\/v2\/posts"}],"about":[{"href":"https:\/\/guialimeira.com.br\/news\/wp-json\/wp\/v2\/types\/post"}],"author":[{"embeddable":true,"href":"https:\/\/guialimeira.com.br\/news\/wp-json\/wp\/v2\/users\/1"}],"replies":[{"embeddable":true,"href":"https:\/\/guialimeira.com.br\/news\/wp-json\/wp\/v2\/comments?post=69806"}],"version-history":[{"count":0,"href":"https:\/\/guialimeira.com.br\/news\/wp-json\/wp\/v2\/posts\/69806\/revisions"}],"wp:featuredmedia":[{"embeddable":true,"href":"https:\/\/guialimeira.com.br\/news\/wp-json\/wp\/v2\/media\/61193"}],"wp:attachment":[{"href":"https:\/\/guialimeira.com.br\/news\/wp-json\/wp\/v2\/media?parent=69806"}],"wp:term":[{"taxonomy":"category","embeddable":true,"href":"https:\/\/guialimeira.com.br\/news\/wp-json\/wp\/v2\/categories?post=69806"},{"taxonomy":"post_tag","embeddable":true,"href":"https:\/\/guialimeira.com.br\/news\/wp-json\/wp\/v2\/tags?post=69806"}],"curies":[{"name":"wp","href":"https:\/\/api.w.org\/{rel}","templated":true}]}}