{"id":698,"date":"2024-04-01T23:14:44","date_gmt":"2024-04-02T02:14:44","guid":{"rendered":"https:\/\/guialimeira.com.br\/2024\/04\/01\/radioagencia-nacional-lanca-o-podcast-golpe-de-64-perdas-e-danos\/"},"modified":"2024-04-01T23:14:44","modified_gmt":"2024-04-02T02:14:44","slug":"radioagencia-nacional-lanca-o-podcast-golpe-de-64-perdas-e-danos","status":"publish","type":"post","link":"https:\/\/guialimeira.com.br\/news\/radioagencia-nacional-lanca-o-podcast-golpe-de-64-perdas-e-danos\/","title":{"rendered":"Radioag\u00eancia Nacional lan\u00e7a o podcast Golpe de 64: Perdas e Danos"},"content":{"rendered":"<p> <br \/>\n<\/p>\n<div>\n<p>No dia 1\u00b0 de abril, o Brasil foi tomado de assalto: um golpe c\u00edvico-militar derrubou um presidente eleito pelo voto popular, com a aprova\u00e7\u00e3o de parte do Congresso Nacional.<img data-recalc-dims=\"1\" decoding=\"async\" src=\"https:\/\/i0.wp.com\/agenciabrasil.ebc.com.br\/ebc.png?w=696&#038;ssl=1\" style=\"width:1px; height:1px; display:inline;\"\/><img data-recalc-dims=\"1\" decoding=\"async\" src=\"https:\/\/i0.wp.com\/agenciabrasil.ebc.com.br\/ebc.gif?w=696&#038;ssl=1\" style=\"width:1px; height:1px; display:inline;\"\/><\/p>\n<p>Come\u00e7a a\u00ed um processo de persegui\u00e7\u00e3o que calou parlamentares, l\u00edderes populares, sindicalistas, artistas, intelectuais, militares progressistas. Mas o que seria do Brasil sem os 21 anos de ditadura, se a democracia n\u00e3o tivesse sido interrompida no pa\u00eds?<\/p>\n<p>No dia em que o golpe completa 60 anos, a <strong>Radioag\u00eancia Nacional <\/strong>lan\u00e7a o podcast<em> <a href=\"https:\/\/agenciabrasil.ebc.com.br\/radioagencia-nacional\/direitos-humanos\/audio\/2024-04\/podcast-narra-o-projeto-de-brasil-interrompido-pelo-golpe-de-1964\" target=\"_blank\" rel=\"noopener\">Golpe de 64: Perdas e Danos<\/a><\/em>. S\u00e3o, ao todo, seis cap\u00edtulos de cerca de 30 minutos cada. O segundo epis\u00f3dio vai ao ar no dia 11 de abril. A partir de ent\u00e3o, a s\u00e9rie ser\u00e1 publicada semanalmente, sempre \u00e0s quintas-feiras.<\/p>\n<p>A primeira temporada, <em>Futuro Interrompido<\/em>, mostra a movimenta\u00e7\u00e3o pol\u00edtica da \u00e9poca e destrincha as principais Reformas Estruturais de Base de Jo\u00e3o Goulart. Estas propostas foram apresentadas no ato promovido pelos movimentos rurais, sindicais e estudantil no dia 13 de mar\u00e7o de 1964, no ic\u00f4nico com\u00edcio que reuniu 200 mil pessoas na Central do Brasil.<\/p>\n<blockquote>\n<p>\u201cN\u00f3s est\u00e1vamos l\u00e1 no meio do povo panfletando, gritando palavra de ordem, aquelas coisas. Eu tinha 20 anos. A gente esperava dar for\u00e7a, fortalecer o governo Jo\u00e3o Goulart para ele conseguir implantar as reformas de base, principalmente a reforma agr\u00e1ria\u201d, conta Iara Cruz, jornalista e diretora da Associa\u00e7\u00e3o Brasileira de Imprensa (ABI), uma das testemunhas da hist\u00f3ria ouvidas pela s\u00e9rie.<\/p>\n<\/blockquote>\n<p>As Reformas Estruturais de Base eram um pacote de medidas para tentar enfrentar problemas cr\u00f4nicos do Brasil que tinha, \u00e0 \u00e9poca, 80 milh\u00f5es de habitantes. Naquele momento, quatro em cada dez brasileiros viviam na zona rural. O analfabetismo afetava 40% da popula\u00e7\u00e3o brasileira \u2014que, por conta disso, n\u00e3o tinha direito a voto.<\/p>\n<p>O primeiro epis\u00f3dio, que estreia na noite desta segunda-feira, 1\u00ba de abril, lan\u00e7a luz sobre os dias que antecederam o golpe e as propostas de pol\u00edticas p\u00fablicas que estavam em debate naquele momento e serviram de estopim para que a direita se unisse e interrompesse o processo democr\u00e1tico.<\/p>\n<p>Nos epis\u00f3dios seguintes, vamos mostrar como o pa\u00eds j\u00e1 vinha a beira de um golpe desde 1954 e quem era Jango, taxado de comunista em campanhas de fake news encabe\u00e7adas pela elite reacion\u00e1ria, o empresariado e a imprensa da \u00e9poca, com o suporte do governo norte-americano.<\/p>\n<p>Do terceiro epis\u00f3dio em diante, a s\u00e9rie se debru\u00e7a sobre as principais reformas estruturais propostas por Jango. Caso da reforma agr\u00e1ria, por exemplo, que focava nas propriedades rurais localizadas perto de rodovias e ferrovias federais, a\u00e7udes e estruturas de irriga\u00e7\u00e3o constru\u00eddas com recursos p\u00fablicos.<\/p>\n<p>As reformas educacional, tribut\u00e1ria, habitacional e as mudan\u00e7as no setor energ\u00e9tico ser\u00e3o detalhadas para que o ouvinte possa conhecer o projeto de pa\u00eds e imaginar o futuro que seria interrompido.<\/p>\n<p>O podcast <em>Golpe de 64: Perdas e Danos\u00a0<\/em>pode ser ouvido a partir da noite desta segunda-feira no site da <strong>Radioag\u00eancia Nacional<\/strong> e nas principais plataformas de podcasts. Surdos e ensurdecidos ter\u00e3o \u00e0 disposi\u00e7\u00e3o uma vers\u00e3o com libras no YouTube da<strong> R\u00e1dio Nacional<\/strong>.<\/p>\n<p>A s\u00e9rie \u00e9 uma produ\u00e7\u00e3o da <strong>Radioag\u00eancia Nacional<\/strong>, idealizada e realizada pelas jornalistas Eliane Gon\u00e7alves e Sumaia Villela.<\/p>\n<\/p><\/div>\n<p><br \/>\n<br \/><a href=\"https:\/\/agenciabrasil.ebc.com.br\/direitos-humanos\/noticia\/2024-04\/radioagencia-nacional-lanca-o-podcast-golpe-de-64-perdas-e-danos\" rel=\"noopener\">Ag\u00eancia Brasil<\/a><\/p>\n","protected":false},"excerpt":{"rendered":"<p>No dia 1\u00b0 de abril, o Brasil foi tomado de assalto: um golpe c\u00edvico-militar derrubou um presidente eleito pelo voto popular, com a aprova\u00e7\u00e3o de parte do Congresso Nacional. Come\u00e7a a\u00ed um processo de persegui\u00e7\u00e3o que calou parlamentares, l\u00edderes populares, sindicalistas, artistas, intelectuais, militares progressistas. Mas o que seria do Brasil sem os 21 anos [&hellip;]<\/p>\n","protected":false},"author":1,"featured_media":699,"comment_status":"open","ping_status":"open","sticky":false,"template":"","format":"standard","meta":{"_jetpack_newsletter_access":"","_jetpack_dont_email_post_to_subs":false,"_jetpack_newsletter_tier_id":0,"_jetpack_memberships_contains_paywalled_content":false,"_mbp_banners":[],"_jetpack_feature_clip_id":0,"_jetpack_memberships_contains_paid_content":false,"footnotes":"","jetpack_publicize_message":"","jetpack_publicize_feature_enabled":true,"jetpack_social_post_already_shared":true,"jetpack_social_options":{"image_generator_settings":{"template":"highway","default_image_id":0,"font":"","enabled":false},"version":2},"jetpack_post_was_ever_published":false},"categories":[22],"tags":[],"class_list":["post-698","post","type-post","status-publish","format-standard","has-post-thumbnail","category-nacional"],"jetpack_publicize_connections":[],"jetpack-related-posts":[],"jetpack_shortlink":"https:\/\/wp.me\/p7Eq1F-bg","jetpack_sharing_enabled":true,"jetpack_featured_media_url":"https:\/\/i0.wp.com\/guialimeira.com.br\/news\/wp-content\/uploads\/2024\/04\/spotify_1500x1500_copy.jpg?fit=1600%2C800&ssl=1","_links":{"self":[{"href":"https:\/\/guialimeira.com.br\/news\/wp-json\/wp\/v2\/posts\/698","targetHints":{"allow":["GET"]}}],"collection":[{"href":"https:\/\/guialimeira.com.br\/news\/wp-json\/wp\/v2\/posts"}],"about":[{"href":"https:\/\/guialimeira.com.br\/news\/wp-json\/wp\/v2\/types\/post"}],"author":[{"embeddable":true,"href":"https:\/\/guialimeira.com.br\/news\/wp-json\/wp\/v2\/users\/1"}],"replies":[{"embeddable":true,"href":"https:\/\/guialimeira.com.br\/news\/wp-json\/wp\/v2\/comments?post=698"}],"version-history":[{"count":0,"href":"https:\/\/guialimeira.com.br\/news\/wp-json\/wp\/v2\/posts\/698\/revisions"}],"wp:featuredmedia":[{"embeddable":true,"href":"https:\/\/guialimeira.com.br\/news\/wp-json\/wp\/v2\/media\/699"}],"wp:attachment":[{"href":"https:\/\/guialimeira.com.br\/news\/wp-json\/wp\/v2\/media?parent=698"}],"wp:term":[{"taxonomy":"category","embeddable":true,"href":"https:\/\/guialimeira.com.br\/news\/wp-json\/wp\/v2\/categories?post=698"},{"taxonomy":"post_tag","embeddable":true,"href":"https:\/\/guialimeira.com.br\/news\/wp-json\/wp\/v2\/tags?post=698"}],"curies":[{"name":"wp","href":"https:\/\/api.w.org\/{rel}","templated":true}]}}