{"id":69799,"date":"2026-06-21T08:00:03","date_gmt":"2026-06-21T11:00:03","guid":{"rendered":"https:\/\/guialimeira.com.br\/veja-dicas-do-procon-sp-antes-de-contratar-cursos-nas-ferias\/"},"modified":"2026-06-21T08:00:03","modified_gmt":"2026-06-21T11:00:03","slug":"veja-dicas-do-procon-sp-antes-de-contratar-cursos-nas-ferias","status":"publish","type":"post","link":"https:\/\/guialimeira.com.br\/news\/veja-dicas-do-procon-sp-antes-de-contratar-cursos-nas-ferias\/","title":{"rendered":"Veja dicas do Procon-SP antes de contratar cursos nas f\u00e9rias"},"content":{"rendered":"<p> <br \/>\n<br \/><img data-recalc-dims=\"1\" decoding=\"async\" src=\"https:\/\/i0.wp.com\/www.agenciasp.sp.gov.br\/wp-content\/uploads\/2024\/11\/Captura-de-tela-2024-11-18-093640-e1731962330952.jpg?w=696&#038;ssl=1\" \/><\/p>\n<div data-id=\"753696f\" data-element_type=\"widget\" data-e-type=\"widget\" data-widget_type=\"text-editor.default\">\n<p>\n\t\t\t\t\t\t\t\t\tEntre a variedade de cursos em artes, esportes, capacita\u00e7\u00e3o e especializa\u00e7\u00e3o e oficinas recreativas \u00e9 fundamental ficar atento \u00e0s orienta\u00e7\u00f5es \u2013 Foto: Divulga\u00e7\u00e3o\/Governo de S\u00e3o Paulo\t\t\t\t\t\t\t\t<\/p>\n<\/p><\/div>\n<div data-id=\"5a922b4\" data-element_type=\"widget\" data-e-type=\"widget\" data-widget_type=\"theme-post-content.default\">\n<div class=\"elementor-widget-container\">\n<p class=\"wp-block-paragraph\">Com a chegada das f\u00e9rias de julho, aumenta a procura por cursos de curta dura\u00e7\u00e3o. Se para crian\u00e7as e adolescentes essas atividades podem ser uma alternativa l\u00fadica durante o recesso escolar, para os adultos, representam uma oportunidade de ampliar conhecimentos, desenvolver novas compet\u00eancias e investir na qualifica\u00e7\u00e3o profissional.<\/p>\n<p class=\"wp-block-paragraph\"><strong>LEIA TAMB\u00c9M: <\/strong><a href=\"https:\/\/www.agenciasp.sp.gov.br\/festas-juninas-ipem-sp-da-dicas-na-compra-de-produtos-tipicos\/\" rel=\"noopener\">Festas juninas: Ipem-SP d\u00e1 dicas na compra de produtos t\u00edpicos<\/a><\/p>\n<p class=\"wp-block-paragraph\">Entre a variedade de cursos em artes, esportes, capacita\u00e7\u00e3o e especializa\u00e7\u00e3o e oficinas recreativas, o Procon-SP ressalta que, antes de fazer a contrata\u00e7\u00e3o, \u00e9 fundamental ficar atento \u00e0s orienta\u00e7\u00f5es:<\/p>\n<ul class=\"wp-block-list\">\n<li>Verificar qual o conte\u00fado oferecido e se atende \u00e0s expectativas de quem ir\u00e1 participar;<\/li>\n<li>Quais profissionais ir\u00e3o ministrar o curso e se h\u00e1 necessidade de comprar materiais ou equipamentos;<\/li>\n<li>Checar quais as data de in\u00edcio e t\u00e9rmino do curso; locais e hor\u00e1rios s\u00e3o aspectos que devem ser observados;<\/li>\n<li>Recomenda-se ainda pesquisar pre\u00e7os e formas de pagamento.<\/li>\n<\/ul>\n<h3 class=\"wp-block-heading\">Precau\u00e7\u00f5es a seguir<\/h3>\n<p class=\"wp-block-paragraph\">Caso n\u00e3o conhe\u00e7a a institui\u00e7\u00e3o que oferece o curso, \u00e9 importante procurar por informa\u00e7\u00f5es seguras antes de contratar, checando com amigos e conhecidos e \u00f3rg\u00e3os de defesa do consumidor, por exemplo. Visitar o site oficial e as avalia\u00e7\u00f5es feitas nas redes sociais tamb\u00e9m s\u00e3o alternativas para conhecer melhor a empresa.<\/p>\n<p class=\"wp-block-paragraph\">No caso das crian\u00e7as ou adolescentes, os seus respons\u00e1veis devem ainda observar alguns aspectos espec\u00edficos como a faixa et\u00e1ria a que se destina o curso; se existe profissional especializado para ministrar as aulas e cuidar dos alunos; se o material a ser usado j\u00e1 est\u00e1 incluso ou dever\u00e1 ser trazido pelos alunos, se \u00e9 fornecida alimenta\u00e7\u00e3o; e checar qual o tipo de atendimento m\u00e9dico caso ocorra algum acidente.<\/p>\n<p class=\"wp-block-paragraph\">Todas as informa\u00e7\u00f5es e ofertas feitas pela empresa devem constar do contrato, que deve ser lido, assinado e entregue ao consumidor, pais ou respons\u00e1veis pelo menor de idade. Confira tamb\u00e9m demais dicas na cartilha do Procon-SP voltada a cursos livres em: <a href=\"https:\/\/www.procon.sp.gov.br\/wp-content\/uploads\/2022\/06\/CursosLivres-eleicoes2022.pdf\" target=\"_blank\" rel=\"noopener\">https:\/\/www.procon.sp.gov.br\/wp-content\/uploads\/2022\/06\/CursosLivres-eleicoes2022.pdf<\/a><\/p>\n<p class=\"wp-block-paragraph\">Em caso de problemas ou descumprimento \u00e0 oferta, o consumidor pode procurar o \u00f3rg\u00e3o de defesa do consumidor de sua cidade. O Procon-SP disponibiliza atendimento na plataforma <a href=\"https:\/\/www.procon.sp.gov.br\" data-type=\"link\" data-id=\"www.procon.sp.gov.br\" target=\"_blank\" rel=\"noopener\">www.procon.sp.gov.br<\/a><\/p>\n<\/p><\/div>\n<\/p><\/div>\n<p><br \/>\n<br \/><a href=\"https:\/\/www.agenciasp.sp.gov.br\/veja-dicas-do-procon-sp-antes-de-contratar-cursos-nas-ferias\/\" rel=\"noopener\">Informa\u00e7\u00f5es GOV.SP<\/a><\/p>\n","protected":false},"excerpt":{"rendered":"<p>Entre a variedade de cursos em artes, esportes, capacita\u00e7\u00e3o e especializa\u00e7\u00e3o e oficinas recreativas \u00e9 fundamental ficar atento \u00e0s orienta\u00e7\u00f5es \u2013 Foto: Divulga\u00e7\u00e3o\/Governo de S\u00e3o Paulo Com a chegada das f\u00e9rias de julho, aumenta a procura por cursos de curta dura\u00e7\u00e3o. Se para crian\u00e7as e adolescentes essas atividades podem ser uma alternativa l\u00fadica durante o [&hellip;]<\/p>\n","protected":false},"author":1,"featured_media":69800,"comment_status":"","ping_status":"open","sticky":false,"template":"","format":"standard","meta":{"_jetpack_newsletter_access":"","_jetpack_dont_email_post_to_subs":false,"_jetpack_newsletter_tier_id":0,"_jetpack_memberships_contains_paywalled_content":false,"_mbp_banners":[],"_jetpack_feature_clip_id":0,"_jetpack_memberships_contains_paid_content":false,"footnotes":"","jetpack_publicize_message":"","jetpack_publicize_feature_enabled":true,"jetpack_social_post_already_shared":true,"jetpack_social_options":{"image_generator_settings":{"template":"highway","default_image_id":0,"font":"","enabled":false},"version":2},"jetpack_post_was_ever_published":false},"categories":[21],"tags":[],"class_list":["post-69799","post","type-post","status-publish","format-standard","has-post-thumbnail","category-sp-news"],"jetpack_publicize_connections":[],"jetpack-related-posts":[],"jetpack_shortlink":"https:\/\/wp.me\/p7Eq1F-i9N","jetpack_sharing_enabled":true,"jetpack_featured_media_url":"https:\/\/i0.wp.com\/guialimeira.com.br\/news\/wp-content\/uploads\/2026\/06\/Veja-dicas-do-Procon-SP-antes-de-contratar-cursos-nas-ferias.jpg?fit=899%2C487&ssl=1","_links":{"self":[{"href":"https:\/\/guialimeira.com.br\/news\/wp-json\/wp\/v2\/posts\/69799","targetHints":{"allow":["GET"]}}],"collection":[{"href":"https:\/\/guialimeira.com.br\/news\/wp-json\/wp\/v2\/posts"}],"about":[{"href":"https:\/\/guialimeira.com.br\/news\/wp-json\/wp\/v2\/types\/post"}],"author":[{"embeddable":true,"href":"https:\/\/guialimeira.com.br\/news\/wp-json\/wp\/v2\/users\/1"}],"replies":[{"embeddable":true,"href":"https:\/\/guialimeira.com.br\/news\/wp-json\/wp\/v2\/comments?post=69799"}],"version-history":[{"count":0,"href":"https:\/\/guialimeira.com.br\/news\/wp-json\/wp\/v2\/posts\/69799\/revisions"}],"wp:featuredmedia":[{"embeddable":true,"href":"https:\/\/guialimeira.com.br\/news\/wp-json\/wp\/v2\/media\/69800"}],"wp:attachment":[{"href":"https:\/\/guialimeira.com.br\/news\/wp-json\/wp\/v2\/media?parent=69799"}],"wp:term":[{"taxonomy":"category","embeddable":true,"href":"https:\/\/guialimeira.com.br\/news\/wp-json\/wp\/v2\/categories?post=69799"},{"taxonomy":"post_tag","embeddable":true,"href":"https:\/\/guialimeira.com.br\/news\/wp-json\/wp\/v2\/tags?post=69799"}],"curies":[{"name":"wp","href":"https:\/\/api.w.org\/{rel}","templated":true}]}}