{"id":69764,"date":"2026-06-20T16:41:26","date_gmt":"2026-06-20T19:41:26","guid":{"rendered":"https:\/\/guialimeira.com.br\/policia-de-sp-prende-mais-tres-investigados-por-morte-durante-salto-de-rope-jump-em-limeira\/"},"modified":"2026-06-20T16:41:26","modified_gmt":"2026-06-20T19:41:26","slug":"policia-de-sp-prende-mais-tres-investigados-por-morte-durante-salto-de-rope-jump-em-limeira","status":"publish","type":"post","link":"https:\/\/guialimeira.com.br\/news\/policia-de-sp-prende-mais-tres-investigados-por-morte-durante-salto-de-rope-jump-em-limeira\/","title":{"rendered":"Pol\u00edcia de SP prende mais tr\u00eas investigados por morte durante salto de rope jump em Limeira"},"content":{"rendered":"<p> <br \/>\n<br \/><img data-recalc-dims=\"1\" decoding=\"async\" src=\"https:\/\/i0.wp.com\/www.agenciasp.sp.gov.br\/wp-content\/uploads\/2026\/05\/55271932005_f3f2aeefe2_k.jpg?w=696&#038;ssl=1\" \/><\/p>\n<div>\n<p class=\"wp-block-paragraph\">A Pol\u00edcia Civil do estado de S\u00e3o Paulo, por meio da Delegacia Seccional de Limeira, cumpriu neste s\u00e1bado (20) tr\u00eas mandados de pris\u00e3o tempor\u00e1ria no \u00e2mbito das investiga\u00e7\u00f5es sobre a morte de Maria Eduarda Rodrigues de Freitas, de 21 anos, ocorrida no \u00faltimo dia 13 de junho durante a realiza\u00e7\u00e3o de um salto de rope jump na chamada \u201cPonte do Esqueleto\u201d, em Limeira.<\/p>\n<p class=\"wp-block-paragraph\">As ordens judiciais foram expedidas pela 2\u00aa Vara Criminal de Limeira e t\u00eam prazo de cinco dias. Os mandados foram cumpridos contra uma mulher de 29 anos, no Rio de Janeiro (RJ), e dois homens, de 25 e 27 anos, localizados em Limeira (SP) e Indaiatuba (SP), respectivamente.<\/p>\n<p class=\"wp-block-paragraph\">Al\u00e9m das pris\u00f5es tempor\u00e1rias, a Justi\u00e7a tamb\u00e9m autorizou o cumprimento de mandados de busca e apreens\u00e3o nos endere\u00e7os dos investigados, com a apreens\u00e3o de aparelhos celulares, equipamentos eletr\u00f4nicos e outros materiais que possam contribuir para o esclarecimento dos fatos.<\/p>\n<p class=\"wp-block-paragraph\">De acordo com a delegada Andr\u00e9a Levy, que preside o inqu\u00e9rito, as investiga\u00e7\u00f5es apontam que os tr\u00eas presos integravam a equipe respons\u00e1vel pela organiza\u00e7\u00e3o e execu\u00e7\u00e3o da atividade. \u201cNo curso das apura\u00e7\u00f5es, foram reunidos elementos que indicam poss\u00edvel supress\u00e3o de provas relevantes para a investiga\u00e7\u00e3o, especialmente relacionadas ao desaparecimento do equipamento de capta\u00e7\u00e3o de imagens utilizado pela v\u00edtima durante o salto\u201d, explica a delegada.<\/p>\n<p class=\"wp-block-paragraph\">Tamb\u00e9m foram identificados ind\u00edcios de que conte\u00fados digitais potencialmente relevantes \u00e0 elucida\u00e7\u00e3o do caso teriam sido exclu\u00eddos ap\u00f3s a ocorr\u00eancia, circunst\u00e2ncias que fundamentaram os pedidos cautelares apresentados pela Pol\u00edcia Civil e acolhidos pelo Poder Judici\u00e1rio.<\/p>\n<p class=\"wp-block-paragraph\">A investiga\u00e7\u00e3o apura, em tese, a pr\u00e1tica de crimes dolosos contra a vida, na modalidade de dolo eventual, al\u00e9m de poss\u00edvel fraude processual.<\/p>\n<p class=\"wp-block-paragraph\">Segundo o diretor do diretor do Departamento de Pol\u00edcia Judici\u00e1ria do Interior 9 (Deinter 9), Kleber Altale, a Pol\u00edcia Civil prossegue com as dilig\u00eancias para esclarecer integralmente a din\u00e2mica dos fatos, identificar todas as responsabilidades criminais e localizar a c\u00e2mera utilizada pela v\u00edtima no momento do salto, considerada elemento importante para a reconstru\u00e7\u00e3o do ocorrido.<\/p>\n<p class=\"wp-block-paragraph\">Os tr\u00eas instrutores presos em flagrante no dia do acidente permanecem custodiados por for\u00e7a de decis\u00e3o judicial que converteu as pris\u00f5es em preventivas.<\/p>\n<p class=\"wp-block-paragraph\"><strong>LEIA TAMB\u00c9M: <a href=\"https:\/\/www.agenciasp.sp.gov.br\/com-mais-de-69-mil-contas-analisadas-policia-civil-rastreia-r-96-bilhoes-ligados-a-lavagem-de-dinheiro\/\" rel=\"noopener\">Com mais de 69 mil contas analisadas, Pol\u00edcia Civil rastreia R$ 9,6 bilh\u00f5es ligados \u00e0 lavagem de dinheiro<br \/><\/a><\/strong><\/p>\n<\/p><\/div>\n<p><br \/>\n<br \/><a href=\"https:\/\/www.agenciasp.sp.gov.br\/policia-civil-prende-mais-tres-investigados-por-morte-durante-salto-de-rope-jump-em-limeira\/\" rel=\"noopener\">Informa\u00e7\u00f5es GOV.SP<\/a><\/p>\n","protected":false},"excerpt":{"rendered":"<p>A Pol\u00edcia Civil do estado de S\u00e3o Paulo, por meio da Delegacia Seccional de Limeira, cumpriu neste s\u00e1bado (20) tr\u00eas mandados de pris\u00e3o tempor\u00e1ria no \u00e2mbito das investiga\u00e7\u00f5es sobre a morte de Maria Eduarda Rodrigues de Freitas, de 21 anos, ocorrida no \u00faltimo dia 13 de junho durante a realiza\u00e7\u00e3o de um salto de rope [&hellip;]<\/p>\n","protected":false},"author":1,"featured_media":67787,"comment_status":"","ping_status":"open","sticky":false,"template":"","format":"standard","meta":{"_jetpack_newsletter_access":"","_jetpack_dont_email_post_to_subs":false,"_jetpack_newsletter_tier_id":0,"_jetpack_memberships_contains_paywalled_content":false,"_mbp_banners":[],"_jetpack_feature_clip_id":0,"_jetpack_memberships_contains_paid_content":false,"footnotes":"","jetpack_publicize_message":"","jetpack_publicize_feature_enabled":true,"jetpack_social_post_already_shared":true,"jetpack_social_options":{"image_generator_settings":{"template":"highway","default_image_id":0,"font":"","enabled":false},"version":2},"jetpack_post_was_ever_published":false},"categories":[21],"tags":[],"class_list":["post-69764","post","type-post","status-publish","format-standard","has-post-thumbnail","category-sp-news"],"jetpack_publicize_connections":[],"jetpack-related-posts":[],"jetpack_shortlink":"https:\/\/wp.me\/p7Eq1F-i9e","jetpack_sharing_enabled":true,"jetpack_featured_media_url":"https:\/\/i0.wp.com\/guialimeira.com.br\/news\/wp-content\/uploads\/2026\/06\/Policia-e-MP-de-SP-fazem-operacao-sobre-supostas-irregularidades.jpg?fit=2048%2C1365&ssl=1","_links":{"self":[{"href":"https:\/\/guialimeira.com.br\/news\/wp-json\/wp\/v2\/posts\/69764","targetHints":{"allow":["GET"]}}],"collection":[{"href":"https:\/\/guialimeira.com.br\/news\/wp-json\/wp\/v2\/posts"}],"about":[{"href":"https:\/\/guialimeira.com.br\/news\/wp-json\/wp\/v2\/types\/post"}],"author":[{"embeddable":true,"href":"https:\/\/guialimeira.com.br\/news\/wp-json\/wp\/v2\/users\/1"}],"replies":[{"embeddable":true,"href":"https:\/\/guialimeira.com.br\/news\/wp-json\/wp\/v2\/comments?post=69764"}],"version-history":[{"count":0,"href":"https:\/\/guialimeira.com.br\/news\/wp-json\/wp\/v2\/posts\/69764\/revisions"}],"wp:featuredmedia":[{"embeddable":true,"href":"https:\/\/guialimeira.com.br\/news\/wp-json\/wp\/v2\/media\/67787"}],"wp:attachment":[{"href":"https:\/\/guialimeira.com.br\/news\/wp-json\/wp\/v2\/media?parent=69764"}],"wp:term":[{"taxonomy":"category","embeddable":true,"href":"https:\/\/guialimeira.com.br\/news\/wp-json\/wp\/v2\/categories?post=69764"},{"taxonomy":"post_tag","embeddable":true,"href":"https:\/\/guialimeira.com.br\/news\/wp-json\/wp\/v2\/tags?post=69764"}],"curies":[{"name":"wp","href":"https:\/\/api.w.org\/{rel}","templated":true}]}}