{"id":69733,"date":"2026-06-20T11:36:14","date_gmt":"2026-06-20T14:36:14","guid":{"rendered":"https:\/\/guialimeira.com.br\/veja-o-impacto-do-programa-empreendedor-artesao-na-vida-de-mestre-da-cultura-popular\/"},"modified":"2026-06-20T11:36:14","modified_gmt":"2026-06-20T14:36:14","slug":"veja-o-impacto-do-programa-empreendedor-artesao-na-vida-de-mestre-da-cultura-popular","status":"publish","type":"post","link":"https:\/\/guialimeira.com.br\/news\/veja-o-impacto-do-programa-empreendedor-artesao-na-vida-de-mestre-da-cultura-popular\/","title":{"rendered":"Veja o impacto do programa Empreendedor Artes\u00e3o na vida de mestre da cultura popular"},"content":{"rendered":"<p> <br \/>\n<\/p>\n<div>\n<p class=\"wp-block-paragraph\">\u201cFui me descobrindo gente por meio da minha arte, do meu artesanato.\u201d \u00c9 assim que o artes\u00e3o Geraldo Magela, resume uma hist\u00f3ria iniciada aos 12 anos e que j\u00e1 soma mais de quatro d\u00e9cadas dedicadas \u00e0 produ\u00e7\u00e3o art\u00edstica e ao ensino. Geraldo integra o Programa Empreendedor Artes\u00e3o, da Secretaria de Desenvolvimento Econ\u00f4mico (SDE), programa estadual que oferece qualifica\u00e7\u00e3o, orienta\u00e7\u00e3o para formaliza\u00e7\u00e3o e acesso a linhas de cr\u00e9dito aos artes\u00e3os paulistas.<\/p>\n<p class=\"wp-block-paragraph\">Nas m\u00e3os de mestre Magela, barro, papel, tintas e vernizes ganham novas formas. Pres\u00e9pios e Paulistinhas, imagens religiosas de barro ligadas \u00e0 tradi\u00e7\u00e3o popular, fazem parte do conjunto de obras criadas pelo artes\u00e3o de 59 anos, morador de Jacare\u00ed, que trabalha principalmente com as t\u00e9cnicas de empapelamento e modelagem em argila.<\/p>\n<figure class=\"wp-block-image size-full\"><img data-recalc-dims=\"1\" fetchpriority=\"high\" decoding=\"async\" width=\"696\" height=\"479\" src=\"https:\/\/i0.wp.com\/www.agenciasp.sp.gov.br\/wp-content\/uploads\/2026\/06\/WhatsApp-Image-2026-06-12-at-13.30.25.jpeg?resize=696%2C479&#038;ssl=1\" alt=\"\" class=\"wp-image-151867 lazy\" srcset=\"https:\/\/www.agenciasp.sp.gov.br\/wp-content\/uploads\/2026\/06\/WhatsApp-Image-2026-06-12-at-13.30.25.jpeg 930w, https:\/\/www.agenciasp.sp.gov.br\/wp-content\/uploads\/2026\/06\/WhatsApp-Image-2026-06-12-at-13.30.25-300x206.jpeg 300w, https:\/\/www.agenciasp.sp.gov.br\/wp-content\/uploads\/2026\/06\/WhatsApp-Image-2026-06-12-at-13.30.25-768x529.jpeg 768w, https:\/\/www.agenciasp.sp.gov.br\/wp-content\/uploads\/2026\/06\/WhatsApp-Image-2026-06-12-at-13.30.25-150x103.jpeg 150w\" data-sizes=\"(max-width: 930px) 100vw, 930px\"\/><figcaption class=\"wp-element-caption\">As imagens mostram etapas da modelagem e do desenho sobre placa de barro \u2013 Fotos: Ricardo Matsukawa e equipe, al\u00e9m de acervo pessoal<\/figcaption><\/figure>\n<p class=\"wp-block-paragraph\">Magela \u00e9 integrante do Programa Empreendedor Artes\u00e3o. Para ele, a iniciativa representa um importante avan\u00e7o para a valoriza\u00e7\u00e3o da categoria e para a aproxima\u00e7\u00e3o entre o poder p\u00fablico e os profissionais do setor.<\/p>\n<p class=\"wp-block-paragraph\">\u201cFui tomando consci\u00eancia desse novo movimento, colocando o Estado de S\u00e3o Paulo em um lugar de compromisso com a classe artes\u00e3, algo que h\u00e1 muito tempo n\u00e3o se via acontecer. A iniciativa tamb\u00e9m pode contribuir para atender demandas hist\u00f3ricas da categoria e poder\u00e1 suprir uma lacuna at\u00e9 ent\u00e3o existente\u201d, afirma.<\/p>\n<p class=\"wp-block-paragraph\">Estruturado para atender \u00e0s principais demandas da categoria, o programa re\u00fane pilares para o fortalecimento da atividade:<\/p>\n<ul class=\"wp-block-list\">\n<li>Formaliza\u00e7\u00e3o: orienta\u00e7\u00e3o para formaliza\u00e7\u00e3o; e emiss\u00e3o da Carteira do Artes\u00e3o em n\u00edvel estadual e nacional. At\u00e9 o momento, foram emitidas mais de 1,7 mil carteiras.<\/li>\n<li>Qualifica\u00e7\u00e3o: cursos presenciais e on-line; capacita\u00e7\u00e3o t\u00e9cnica; e cursos de inclus\u00e3o digital, e-commerce e pagamentos on-line.<\/li>\n<li>Acesso ao cr\u00e9dito: linhas de financiamento por meio do Banco do Povo Paulista e da Desenvolve SP, com condi\u00e7\u00f5es facilitadas para ampliar e modernizar os neg\u00f3cios.<\/li>\n<\/ul>\n<p class=\"wp-block-paragraph\">Fascinado pelos processos de cria\u00e7\u00e3o, Geraldo diz que a etapa que mais aprecia acontece antes mesmo do trabalho manual. \u201cGosto do momento que antecede a cria\u00e7\u00e3o concreta, ou seja, a cria\u00e7\u00e3o mental, quando os bonecos e cen\u00e1rios come\u00e7am a ganhar forma dentro da minha imagina\u00e7\u00e3o.\u201d<\/p>\n<p class=\"wp-block-paragraph\">Ap\u00f3s a modelagem, as pe\u00e7as passam por um per\u00edodo de secagem antes de serem levadas ao forno \u00e0 lenha, m\u00e9todo tradicional que aprendeu observando mestres artes\u00e3os da regi\u00e3o. \u201cA queima \u00e9 um di\u00e1logo com o fogo, uma medita\u00e7\u00e3o lenta e cuidadosa para que o descuido com a temperatura n\u00e3o ponha tudo a perder\u201d, relata.<\/p>\n<p class=\"wp-block-paragraph\">Os pres\u00e9pios ocupam lugar de destaque em seu trabalho. Para o artes\u00e3o, o fasc\u00ednio exercido por essas pe\u00e7as est\u00e1 ligado \u00e0 mem\u00f3ria afetiva. \u201cO pres\u00e9pio toca, antes de tudo, o imagin\u00e1rio. Remete \u00e0 inf\u00e2ncia, \u00e0s mem\u00f3rias afetivas, encanta pelo colorido, desperta esperan\u00e7a, alegria e apresenta o belo.\u201d<\/p>\n<p class=\"wp-block-paragraph\">Al\u00e9m de produzir suas obras, Magela dedica parte da carreira \u00e0 forma\u00e7\u00e3o de novos artes\u00e3os. Em 2013, recebeu do Minist\u00e9rio da Cultura o reconhecimento como Mestre da Cultura Popular. A premia\u00e7\u00e3o reconhece pessoas que atuam na preserva\u00e7\u00e3o e transmiss\u00e3o de saberes e tradi\u00e7\u00f5es ligados \u00e0s culturas populares brasileiras.<\/p>\n<figure class=\"wp-block-image size-large\"><img data-recalc-dims=\"1\" loading=\"lazy\" decoding=\"async\" width=\"696\" height=\"466\" src=\"https:\/\/i0.wp.com\/www.agenciasp.sp.gov.br\/wp-content\/uploads\/2026\/06\/WhatsApp-Image-2026-06-12-at-13.30.26-1024x686.jpeg?resize=696%2C466&#038;ssl=1\" alt=\"\" class=\"wp-image-151868 lazy\" srcset=\"https:\/\/www.agenciasp.sp.gov.br\/wp-content\/uploads\/2026\/06\/WhatsApp-Image-2026-06-12-at-13.30.26-1024x686.jpeg 1024w, https:\/\/www.agenciasp.sp.gov.br\/wp-content\/uploads\/2026\/06\/WhatsApp-Image-2026-06-12-at-13.30.26-300x201.jpeg 300w, https:\/\/www.agenciasp.sp.gov.br\/wp-content\/uploads\/2026\/06\/WhatsApp-Image-2026-06-12-at-13.30.26-768x514.jpeg 768w, https:\/\/www.agenciasp.sp.gov.br\/wp-content\/uploads\/2026\/06\/WhatsApp-Image-2026-06-12-at-13.30.26-150x100.jpeg 150w, https:\/\/www.agenciasp.sp.gov.br\/wp-content\/uploads\/2026\/06\/WhatsApp-Image-2026-06-12-at-13.30.26.jpeg 1060w\" data-sizes=\"(max-width: 1024px) 100vw, 1024px\"\/><figcaption class=\"wp-element-caption\">Processo de queima, modelagem e a secagem das pe\u00e7as \u2013 Fotos: Acervo pessoal e Instagram<\/figcaption><\/figure>\n<p class=\"wp-block-paragraph\">Segundo ele, a maior recompensa vem das pessoas que se identificam com suas cria\u00e7\u00f5es. \u201cPoder ver a manifesta\u00e7\u00e3o do contentamento de um cliente ou de um observador que, diante de uma pe\u00e7a feita por mim, se encanta \u00e9, por assim dizer, um segundo pagamento. Com o dinheiro, paga-se a mat\u00e9ria-prima e o tempo gasto, com o sorriso, ele me faz ter certeza de que trilhei o caminho correto\u201d, conclui.<\/p>\n<p class=\"wp-block-paragraph\">Saiba mais sobre o programa no site: <a href=\"https:\/\/www.desenvolvimentoeconomico.sp.gov.br\/DesenvolvimentoEconomico\/institucional\/Programas\/empreendedor-artesao\" target=\"_blank\" rel=\"noopener\">https:\/\/www.desenvolvimentoeconomico.sp.gov.br\/DesenvolvimentoEconomico\/institucional\/Programas\/empreendedor-artesao<\/a><\/p>\n<p class=\"wp-block-paragraph\"><strong>Sobre a SDE<\/strong><br \/>A Secretaria de Desenvolvimento Econ\u00f4mico (SDE), pasta do Governo do Estado de S\u00e3o Paulo, exerce papel fundamental para a reindustrializa\u00e7\u00e3o e atra\u00e7\u00e3o de investimentos com foco na gera\u00e7\u00e3o de emprego, renda e desenvolvimento regional. Al\u00e9m disso, conta com programas de capacita\u00e7\u00e3o profissional, a\u00e7\u00f5es de fomento ao empreendedorismo, que incluem linhas de microcr\u00e9dito do Banco do Povo. Tem como institui\u00e7\u00f5es vinculadas a InvestSP, a Desenvolve SP e a Junta Comercial do Estado de S\u00e3o Paulo (Jucesp).<\/p>\n<\/p><\/div>\n<p><br \/>\n<br \/><a href=\"https:\/\/www.agenciasp.sp.gov.br\/veja-o-impacto-do-programa-empreendedor-artesao-na-vida-de-mestre-da-cultura-popular\/\" rel=\"noopener\">Informa\u00e7\u00f5es GOV.SP<\/a><\/p>\n","protected":false},"excerpt":{"rendered":"<p>\u201cFui me descobrindo gente por meio da minha arte, do meu artesanato.\u201d \u00c9 assim que o artes\u00e3o Geraldo Magela, resume uma hist\u00f3ria iniciada aos 12 anos e que j\u00e1 soma mais de quatro d\u00e9cadas dedicadas \u00e0 produ\u00e7\u00e3o art\u00edstica e ao ensino. Geraldo integra o Programa Empreendedor Artes\u00e3o, da Secretaria de Desenvolvimento Econ\u00f4mico (SDE), programa estadual [&hellip;]<\/p>\n","protected":false},"author":1,"featured_media":69734,"comment_status":"","ping_status":"open","sticky":false,"template":"","format":"standard","meta":{"_jetpack_newsletter_access":"","_jetpack_dont_email_post_to_subs":false,"_jetpack_newsletter_tier_id":0,"_jetpack_memberships_contains_paywalled_content":false,"_mbp_banners":[],"_jetpack_feature_clip_id":0,"_jetpack_memberships_contains_paid_content":false,"footnotes":"","jetpack_publicize_message":"","jetpack_publicize_feature_enabled":true,"jetpack_social_post_already_shared":true,"jetpack_social_options":{"image_generator_settings":{"template":"highway","default_image_id":0,"font":"","enabled":false},"version":2},"jetpack_post_was_ever_published":false},"categories":[21],"tags":[],"class_list":["post-69733","post","type-post","status-publish","format-standard","has-post-thumbnail","category-sp-news"],"jetpack_publicize_connections":[],"jetpack-related-posts":[],"jetpack_shortlink":"https:\/\/wp.me\/p7Eq1F-i8J","jetpack_sharing_enabled":true,"jetpack_featured_media_url":"https:\/\/i0.wp.com\/guialimeira.com.br\/news\/wp-content\/uploads\/2026\/06\/Veja-o-impacto-do-programa-Empreendedor-Artesao-na-vida-de.jpeg?fit=930%2C640&ssl=1","_links":{"self":[{"href":"https:\/\/guialimeira.com.br\/news\/wp-json\/wp\/v2\/posts\/69733","targetHints":{"allow":["GET"]}}],"collection":[{"href":"https:\/\/guialimeira.com.br\/news\/wp-json\/wp\/v2\/posts"}],"about":[{"href":"https:\/\/guialimeira.com.br\/news\/wp-json\/wp\/v2\/types\/post"}],"author":[{"embeddable":true,"href":"https:\/\/guialimeira.com.br\/news\/wp-json\/wp\/v2\/users\/1"}],"replies":[{"embeddable":true,"href":"https:\/\/guialimeira.com.br\/news\/wp-json\/wp\/v2\/comments?post=69733"}],"version-history":[{"count":0,"href":"https:\/\/guialimeira.com.br\/news\/wp-json\/wp\/v2\/posts\/69733\/revisions"}],"wp:featuredmedia":[{"embeddable":true,"href":"https:\/\/guialimeira.com.br\/news\/wp-json\/wp\/v2\/media\/69734"}],"wp:attachment":[{"href":"https:\/\/guialimeira.com.br\/news\/wp-json\/wp\/v2\/media?parent=69733"}],"wp:term":[{"taxonomy":"category","embeddable":true,"href":"https:\/\/guialimeira.com.br\/news\/wp-json\/wp\/v2\/categories?post=69733"},{"taxonomy":"post_tag","embeddable":true,"href":"https:\/\/guialimeira.com.br\/news\/wp-json\/wp\/v2\/tags?post=69733"}],"curies":[{"name":"wp","href":"https:\/\/api.w.org\/{rel}","templated":true}]}}