{"id":69723,"date":"2026-06-20T09:24:43","date_gmt":"2026-06-20T12:24:43","guid":{"rendered":"https:\/\/guialimeira.com.br\/?p=69723"},"modified":"2026-06-20T09:25:07","modified_gmt":"2026-06-20T12:25:07","slug":"prefeitura-limeira-convoca-aprovados-concurso-publico-junho-2026","status":"publish","type":"post","link":"https:\/\/guialimeira.com.br\/news\/prefeitura-limeira-convoca-aprovados-concurso-publico-junho-2026\/","title":{"rendered":"Prefeitura de Limeira convoca novos aprovados para posse em concurso p\u00fablico; veja a lista completa"},"content":{"rendered":"\n<p class=\"wp-block-paragraph\">A Prefeitura de Limeira, por meio da Secretaria Municipal de Administra\u00e7\u00e3o e do Departamento de Gest\u00e3o de Pessoas, divulgou um novo edital de convoca\u00e7\u00e3o para candidatos aprovados em concursos p\u00fablicos municipais. A publica\u00e7\u00e3o consta na edi\u00e7\u00e3o n\u00ba 7.267 do Jornal Oficial do Munic\u00edpio, divulgada em 20 de junho de 2026.<\/p>\n\n\n\n<p class=\"wp-block-paragraph\">Os convocados dever\u00e3o acessar a \u00c1rea do Servidor no portal oficial da Prefeitura para consultar a documenta\u00e7\u00e3o necess\u00e1ria e concluir os procedimentos de ingresso no servi\u00e7o p\u00fablico municipal. O prazo para posse \u00e9 de 30 dias contados a partir da data da nomea\u00e7\u00e3o.<\/p>\n\n\n\n<h2 class=\"wp-block-heading\">Cargos contemplados na convoca\u00e7\u00e3o<\/h2>\n\n\n\n<p class=\"wp-block-paragraph\">A nova convoca\u00e7\u00e3o contempla profissionais das \u00e1reas de tr\u00e2nsito e sa\u00fade, refor\u00e7ando setores estrat\u00e9gicos da administra\u00e7\u00e3o municipal.<\/p>\n\n\n\n<h3 class=\"wp-block-heading\">Concurso P\u00fablico n\u00ba 05\/2019 \u2013 Agente de Tr\u00e2nsito<\/h3>\n\n\n\n<p class=\"wp-block-paragraph\">Foram convocados os seguintes candidatos:<\/p>\n\n\n\n<ul class=\"wp-block-list\">\n<li>Felipe Zemuner dos Santos<\/li>\n\n\n\n<li>Marcelo Aparecido Dal Santo<\/li>\n\n\n\n<li>Ana Paula Grisolia Pissoloto<\/li>\n\n\n\n<li>Alan Pedro de Vigo Figueiredo<\/li>\n<\/ul>\n\n\n\n<p class=\"wp-block-paragraph\">Os profissionais ser\u00e3o lotados na Secretaria de Transporte e Mobilidade Urbana.<\/p>\n\n\n\n<h3 class=\"wp-block-heading\">Concurso P\u00fablico n\u00ba 01\/2023 \u2013 \u00c1rea da Sa\u00fade<\/h3>\n\n\n\n<p class=\"wp-block-paragraph\">Tamb\u00e9m foram convocados candidatos para refor\u00e7ar a rede municipal de sa\u00fade:<\/p>\n\n\n\n<p class=\"wp-block-paragraph\"><strong>Enfermeiro<\/strong><\/p>\n\n\n\n<ul class=\"wp-block-list\">\n<li>Carolina Montagner Baptistella<\/li>\n<\/ul>\n\n\n\n<p class=\"wp-block-paragraph\"><strong>Enfermeiro \u2013 Candidato Afro-Brasileiro<\/strong><\/p>\n\n\n\n<ul class=\"wp-block-list\">\n<li>Raquel Cristina Antonio<\/li>\n<\/ul>\n\n\n\n<p class=\"wp-block-paragraph\"><strong>M\u00e9dico Diarista I \u2013 Cl\u00ednico Geral<\/strong><\/p>\n\n\n\n<ul class=\"wp-block-list\">\n<li>Thais de Abreu Chaves<\/li>\n<\/ul>\n\n\n\n<p class=\"wp-block-paragraph\"><strong>T\u00e9cnico de Enfermagem \u2013 Candidato Afro-Brasileiro<\/strong><\/p>\n\n\n\n<ul class=\"wp-block-list\">\n<li>Silvinho Martins dos Santos<\/li>\n<\/ul>\n\n\n\n<p class=\"wp-block-paragraph\">Todos os profissionais atuar\u00e3o na Secretaria Municipal de Sa\u00fade.<\/p>\n\n\n\n<h2 class=\"wp-block-heading\">Refor\u00e7o para mobilidade urbana e atendimento em sa\u00fade<\/h2>\n\n\n\n<p class=\"wp-block-paragraph\">A convoca\u00e7\u00e3o ocorre em um momento importante para a amplia\u00e7\u00e3o e fortalecimento dos servi\u00e7os p\u00fablicos municipais. A chegada de novos agentes de tr\u00e2nsito deve contribuir para a\u00e7\u00f5es de fiscaliza\u00e7\u00e3o, seguran\u00e7a vi\u00e1ria e organiza\u00e7\u00e3o do tr\u00e1fego urbano.<\/p>\n\n\n\n<p class=\"wp-block-paragraph\">J\u00e1 na \u00e1rea da sa\u00fade, a contrata\u00e7\u00e3o de enfermeiros, m\u00e9dico cl\u00ednico geral e t\u00e9cnico de enfermagem busca refor\u00e7ar o atendimento prestado \u00e0 popula\u00e7\u00e3o, ampliando a capacidade operacional da rede municipal.<\/p>\n\n\n\n<h2 class=\"wp-block-heading\">O que os convocados precisam fazer<\/h2>\n\n\n\n<p class=\"wp-block-paragraph\">Os candidatos chamados devem acessar a \u00c1rea do Servidor dispon\u00edvel no site da Prefeitura de Limeira para verificar a rela\u00e7\u00e3o de documentos exigidos, preencher fichas cadastrais e apresentar as declara\u00e7\u00f5es necess\u00e1rias para a posse no cargo p\u00fablico. O n\u00e3o cumprimento dos prazos pode acarretar a perda do direito \u00e0 vaga.<\/p>\n\n\n\n<h2 class=\"wp-block-heading\">Pr\u00f3ximos passos<\/h2>\n\n\n\n<p class=\"wp-block-paragraph\">Ap\u00f3s a entrega da documenta\u00e7\u00e3o e an\u00e1lise dos requisitos legais, os candidatos estar\u00e3o aptos para assumir suas fun\u00e7\u00f5es junto \u00e0s respectivas secretarias municipais. A expectativa \u00e9 que os novos servidores contribuam para a melhoria dos servi\u00e7os oferecidos \u00e0 popula\u00e7\u00e3o limeirense.<\/p>\n\n\n\n<p class=\"wp-block-paragraph\"><\/p>\n","protected":false},"excerpt":{"rendered":"<p>A Prefeitura de Limeira, por meio da Secretaria Municipal de Administra\u00e7\u00e3o e do Departamento de Gest\u00e3o de Pessoas, divulgou um novo edital de convoca\u00e7\u00e3o para candidatos aprovados em concursos p\u00fablicos municipais. A publica\u00e7\u00e3o consta na edi\u00e7\u00e3o n\u00ba 7.267 do Jornal Oficial do Munic\u00edpio, divulgada em 20 de junho de 2026. Os convocados dever\u00e3o acessar a [&hellip;]<\/p>\n","protected":false},"author":1,"featured_media":69724,"comment_status":"closed","ping_status":"open","sticky":false,"template":"","format":"standard","meta":{"_jetpack_newsletter_access":"","_jetpack_dont_email_post_to_subs":false,"_jetpack_newsletter_tier_id":0,"_jetpack_memberships_contains_paywalled_content":false,"_mbp_banners":[],"_jetpack_feature_clip_id":0,"_jetpack_memberships_contains_paid_content":false,"footnotes":"","jetpack_publicize_message":"","jetpack_publicize_feature_enabled":true,"jetpack_social_post_already_shared":true,"jetpack_social_options":{"image_generator_settings":{"template":"highway","default_image_id":0,"font":"","enabled":false},"version":2},"jetpack_post_was_ever_published":false},"categories":[16],"tags":[],"class_list":["post-69723","post","type-post","status-publish","format-standard","has-post-thumbnail","category-local"],"jetpack_publicize_connections":[],"jetpack-related-posts":[],"jetpack_shortlink":"https:\/\/wp.me\/p7Eq1F-i8z","jetpack_sharing_enabled":true,"jetpack_featured_media_url":"https:\/\/i0.wp.com\/guialimeira.com.br\/news\/wp-content\/uploads\/2026\/06\/prefeitura-limeira-convoca-aprovados-concurso-publico-junho-2026.png?fit=1536%2C1024&ssl=1","_links":{"self":[{"href":"https:\/\/guialimeira.com.br\/news\/wp-json\/wp\/v2\/posts\/69723","targetHints":{"allow":["GET"]}}],"collection":[{"href":"https:\/\/guialimeira.com.br\/news\/wp-json\/wp\/v2\/posts"}],"about":[{"href":"https:\/\/guialimeira.com.br\/news\/wp-json\/wp\/v2\/types\/post"}],"author":[{"embeddable":true,"href":"https:\/\/guialimeira.com.br\/news\/wp-json\/wp\/v2\/users\/1"}],"replies":[{"embeddable":true,"href":"https:\/\/guialimeira.com.br\/news\/wp-json\/wp\/v2\/comments?post=69723"}],"version-history":[{"count":1,"href":"https:\/\/guialimeira.com.br\/news\/wp-json\/wp\/v2\/posts\/69723\/revisions"}],"predecessor-version":[{"id":69725,"href":"https:\/\/guialimeira.com.br\/news\/wp-json\/wp\/v2\/posts\/69723\/revisions\/69725"}],"wp:featuredmedia":[{"embeddable":true,"href":"https:\/\/guialimeira.com.br\/news\/wp-json\/wp\/v2\/media\/69724"}],"wp:attachment":[{"href":"https:\/\/guialimeira.com.br\/news\/wp-json\/wp\/v2\/media?parent=69723"}],"wp:term":[{"taxonomy":"category","embeddable":true,"href":"https:\/\/guialimeira.com.br\/news\/wp-json\/wp\/v2\/categories?post=69723"},{"taxonomy":"post_tag","embeddable":true,"href":"https:\/\/guialimeira.com.br\/news\/wp-json\/wp\/v2\/tags?post=69723"}],"curies":[{"name":"wp","href":"https:\/\/api.w.org\/{rel}","templated":true}]}}