{"id":69714,"date":"2026-06-20T07:31:11","date_gmt":"2026-06-20T10:31:11","guid":{"rendered":"https:\/\/guialimeira.com.br\/ass-primeiras-estacoes-que-serao-abertas-na-linha-6-laranja\/"},"modified":"2026-06-20T07:31:11","modified_gmt":"2026-06-20T10:31:11","slug":"ass-primeiras-estacoes-que-serao-abertas-na-linha-6-laranja","status":"publish","type":"post","link":"https:\/\/guialimeira.com.br\/news\/ass-primeiras-estacoes-que-serao-abertas-na-linha-6-laranja\/","title":{"rendered":"Ass primeiras esta\u00e7\u00f5es que ser\u00e3o abertas na Linha 6-Laranja"},"content":{"rendered":"<p> <br \/>\n<\/p>\n<div>\n<p class=\"wp-block-paragraph\">Ap\u00f3s mais de dez anos em obras, a Linha 6-Laranja, maior projeto de mobilidade urbana em implanta\u00e7\u00e3o na Am\u00e9rica Latina, ter\u00e1 suas primeiras esta\u00e7\u00f5es entregues, uma delas fazendo conex\u00e3o com <a href=\"https:\/\/www.google.com\/goto?url=CAESywEB7keqTTsljeVCMC7xJCqyM-qoCSNhWvPYSS6f_YP2mtKOnJGVg9tNUygbSMKnLcpBjvhPFqB9F-ZDQcYIKA5d6ivq8JH1dH6T-TsdZB77r23xCg3WWCbujrqONtZ4PEZ1UvehUQau91ogLiUQsVVkWMM90sGsuStjKpaefF3MXVw3Tz1HDzvg_2iNFrPZGrmsa14Xsljd0uMjyPH2oyxqXfivorV2tRh2i0U_tosqeRIOEyNqrAO43kR7nEpoABdfXIwIGo-OGMeoUw==\" target=\"_blank\" rel=\"noopener\">Linha 7-Rubi<\/a>. No fim deste m\u00eas de junho, o Governo de S\u00e3o Paulo inaugura seis esta\u00e7\u00f5es, da Jo\u00e3o Paulo I at\u00e9 Perdizes. O trecho inicial vai permitir ao passageiro circular por uma parte do novo ramal antes da conclus\u00e3o da liga\u00e7\u00e3o completa entre Brasil\u00e2ndia e S\u00e3o Joaquim.<\/p>\n<p class=\"wp-block-paragraph\">At\u00e9 o final deste ano de 2026, a opera\u00e7\u00e3o chegar\u00e1 na Brasil\u00e2ndia. O restante, at\u00e9 S\u00e3o Joaquim, no centro, ser\u00e1 inaugurado em 2027. Quando totalmente inaugurada, a Linha 6-Laranja ter\u00e1 mais de 15 quil\u00f4metros de extens\u00e3o, com 22 trens que percorrer\u00e3o 15 esta\u00e7\u00f5es e reduzir\u00e1 um deslocamento feito em cerca de 1h30 de \u00f4nibus para 23 minutos. A estimativa \u00e9 atender cerca de 633 mil passageiros por dia.\u00a0<\/p>\n<p class=\"wp-block-paragraph\"><strong>LEIA TAMB\u00c9M: <\/strong><a href=\"https:\/\/www.agenciasp.sp.gov.br\/linha-6-laranja-curiosidades\/\" rel=\"noopener\">Conhe\u00e7a as obras da Linha-6 Laranja, que ligar\u00e1 a Brasil\u00e2ndia ao centro de S\u00e3o Paulo<\/a><\/p>\n<p class=\"wp-block-paragraph\">Al\u00e9m da Linha 6-Laranja, o Governo de S\u00e3o Paulo conta com uma s\u00e9rie de entregas na \u00e1rea de mobilidade urbana. Ainda neste ano, foi entregue a Linha 17-Ouro, que liga o Aeroporto de Congonhas \u00e0 rede metroferrovi\u00e1ria pelas linhas 9-Esmeralda e 5-Lil\u00e1s, com investimento de R$ 5,97 bilh\u00f5es.<\/p>\n<p class=\"wp-block-paragraph\">Ainda na \u00e1rea de mobilidade, o Governo de S\u00e3o Paulo avan\u00e7ou em projetos estruturantes, como o <a href=\"https:\/\/www.google.com\/goto?url=CAESpQEB7keqTc6qmCH2OkCaYsvzRrQN_9fLl5S13-pcHSZK1YDlV0e2Ga6A_A-dpNvgdndkQbjobWnKv5JGLbKvl1hSHHd7H4uH8XG47tSdxYkiN9txf839WyGOdOf71D_KEzVxIQA_EtkjlIrNkiQ6PWcsZsQejGV--PAJ6oO920p6iJEt9HLtPb51sBp1QKw0GdCBY3dSxhplHoqDpgacspFOrDGwe54=\" target=\"_blank\" rel=\"noopener\">Trem Intercidades que ligar\u00e1 Campinas a S\u00e3o Paulo<\/a>, a concess\u00e3o das linhas 11, 12 e 13 de trens metropolitanos e a extens\u00e3o da Linha 2-Verde. Com investimento de R$ 14,8 bilh\u00f5es, o projeto vai at\u00e9 Guarulhos passando pela zona leste. Al\u00e9m disso, tamb\u00e9m est\u00e1 prevista a <a href=\"https:\/\/www.google.com\/goto?url=CAESvAEB7keqTbUPtG-VEsZ5g0aPnWtVy-OdIYyc_2OowUKKmQU0KEew7wbrBjvtyqOSvsP6X2EI_hCMhwziPRPOR8odJA9jwJaqpPGR12TBaaskJ_UEvpGJL9gH5kBXW3B-pavFZtOa3pbCYW9nGZXFA0X8ffhCamK5bYuZiD3sNk43QmtEPe-DTkHXo5K692h8SkWPMpgAz-F9SmKT_D17qTzaNz7SAqD7t6yD95JjsTtWg7QVJXp_3mhzNALSGg==\" target=\"_blank\" rel=\"noopener\">extens\u00e3o da Linha 4-Amarela at\u00e9 Tabo\u00e3o da Serra<\/a>.<\/p>\n<p class=\"wp-block-paragraph\">Com a inaugura\u00e7\u00e3o em junho, o Governo de S\u00e3o Paulo adiantou a entrega das primeiras esta\u00e7\u00f5es da Linha 6-Laranja, antes prevista para outubro deste ano. Conhe\u00e7a as primeiras esta\u00e7\u00f5es da linha a serem entregues.<\/p>\n<h3 class=\"wp-block-heading\">Jo\u00e3o Paulo I<\/h3>\n<p class=\"wp-block-paragraph\">A esta\u00e7\u00e3o Jo\u00e3o Paulo I fica na Avenida Miguel Conejo, na Freguesia do \u00d3. \u00c9 uma esta\u00e7\u00e3o profunda, com 41,45 metros. Por l\u00e1, os passageiros conseguir\u00e3o acessar um terminal de \u00f4nibus interligado, o que permite explicar a integra\u00e7\u00e3o com o transporte municipal.<\/p>\n<p class=\"wp-block-paragraph\">Al\u00e9m disso, a esta\u00e7\u00e3o Jo\u00e3o Paulo I, da Linha 6-Laranja, est\u00e1 pr\u00f3xima da Unidade de Pronto-Atendimento (UPA) 21 de Junho e da AMA\/UBS Integrada Vila Palmeiras, conectando o passageiro a servi\u00e7os municipais de sa\u00fade.<\/p>\n<h3 class=\"wp-block-heading\">Freguesia do \u00d3<\/h3>\n<p class=\"wp-block-paragraph\">A Esta\u00e7\u00e3o Freguesia do \u00d3 fica na Avenida Miguel Conejo, tem 39,92 metros de profundidade e fica pr\u00f3xima ao Cemit\u00e9rio da Freguesia do \u00d3 e ao Largo da Matriz de Nossa Senhora do \u00d3. A regi\u00e3o \u00e9 uma das mais tradicionais e hist\u00f3ricas da zona norte da cidade de S\u00e3o Paulo.<\/p>\n<h3 class=\"wp-block-heading\">Santa Marina<\/h3>\n<p class=\"wp-block-paragraph\">A Esta\u00e7\u00e3o Santa Marina fica na Avenida Santa Marina, com tr\u00eas acessos previstos: Avenida Santa Marina, Pra\u00e7a Dr. Pedro Corazza e Avenida Marqu\u00eas de S\u00e3o Vicente. Ela tem 30,14 metros de profundidade. Ela estar\u00e1 localizada perto do centro de treinamento do S\u00e3o Paulo FC e da Academia de Futebol do Palmeiras.<\/p>\n<p class=\"wp-block-paragraph\">Al\u00e9m disso, tamb\u00e9m est\u00e1 pr\u00f3xima da TV Cultura e da Unip. Vale lembrar que a Linha 6-Laranja tamb\u00e9m \u00e9 conhecida como \u201clinha das universidades\u201d. Al\u00e9m da Unip, ela tamb\u00e9m passar\u00e1 por outras institui\u00e7\u00f5es de ensino superior, como PUC, FAAP e Mackenzie.<\/p>\n<figure class=\"wp-block-image size-large\"><img data-recalc-dims=\"1\" fetchpriority=\"high\" decoding=\"async\" width=\"696\" height=\"392\" src=\"https:\/\/i0.wp.com\/www.agenciasp.sp.gov.br\/wp-content\/uploads\/2026\/06\/54917703483_031b4ab071_k-1024x576.jpg?resize=696%2C392&#038;ssl=1\" alt=\"\" class=\"wp-image-152295 lazy\" srcset=\"https:\/\/www.agenciasp.sp.gov.br\/wp-content\/uploads\/2026\/06\/54917703483_031b4ab071_k-1024x576.jpg 1024w, https:\/\/www.agenciasp.sp.gov.br\/wp-content\/uploads\/2026\/06\/54917703483_031b4ab071_k-300x169.jpg 300w, https:\/\/www.agenciasp.sp.gov.br\/wp-content\/uploads\/2026\/06\/54917703483_031b4ab071_k-768x432.jpg 768w, https:\/\/www.agenciasp.sp.gov.br\/wp-content\/uploads\/2026\/06\/54917703483_031b4ab071_k-1536x864.jpg 1536w, https:\/\/www.agenciasp.sp.gov.br\/wp-content\/uploads\/2026\/06\/54917703483_031b4ab071_k-150x84.jpg 150w, https:\/\/www.agenciasp.sp.gov.br\/wp-content\/uploads\/2026\/06\/54917703483_031b4ab071_k.jpg 2048w\" data-sizes=\"(max-width: 1024px) 100vw, 1024px\"\/><figcaption class=\"wp-element-caption\">Esta\u00e7\u00e3o Santa Marina, da Linha 6-Laranja. Foto: Governo de S\u00e3o Paulo\/Divulga\u00e7\u00e3o<\/figcaption><\/figure>\n<h3 class=\"wp-block-heading\">\u00c1gua Branca<\/h3>\n<p class=\"wp-block-paragraph\">Com 47,80 metros de profundidade, a esta\u00e7\u00e3o \u00c1gua Branca da Linha 6-Laranja far\u00e1 interliga\u00e7\u00e3o com as linhas 7-Rubi e 8-Diamante, da CPTM. Al\u00e9m disso, quando inaugurado, o <a href=\"https:\/\/www.google.com\/goto?url=CAESwQEB7keqTXLzbD5nO91WF2sPsqsS71rAgAwj7sScnOndx2fzDdCG91NEKMiqB4By6HeGB-lQwLJduTrT-WOO_kZ2DFhch7iw4Y7bCIRqD7n42wwbcBFfCdzUXhSFJOUtrJ-JbvSHHS7bIi5J5DV87rMzc8uHwBdFLTkv1bTqRaMxiMJ9u_FI1f2tgCbsf1c2_JAuu-zfL_blHfj7Rzk-3R0zs4KrXd9RT2wllRQYwxiRQsdOlOmRgKjEZsuy6BRpERio\" target=\"_blank\" rel=\"noopener\">Trem Intercidades S\u00e3o Paulo-Campinas<\/a> ter\u00e1 a esta\u00e7\u00e3o \u00c1gua Branca como ponto de chegada e sa\u00edda na cidade de S\u00e3o Paulo.<\/p>\n<p class=\"wp-block-paragraph\">A esta\u00e7\u00e3o est\u00e1 localizada pr\u00f3xima do Parque Jardim das Perdizes e da unidade Lapa do <a href=\"https:\/\/www.agenciasp.sp.gov.br\/sp-encerra-ano-com-mais-de-130-mil-carteiras-de-identificacao-emitidas-para-pessoas-com-tea\/\" rel=\"noopener\">Poupatempo<\/a>.<\/p>\n<h3 class=\"wp-block-heading\">Sesc-Pompeia<\/h3>\n<p class=\"wp-block-paragraph\">Localizada na Avenida Pompeia, com acessos tamb\u00e9m pela Rua Ven\u00e2ncio Aires, a esta\u00e7\u00e3o de metr\u00f4 fica perto do Sesc Pompeia. Al\u00e9m disso, nas proximidades est\u00e3o o est\u00e1dio de futebol do Palmeiras e o Bourbon Shopping. Assim, a esta\u00e7\u00e3o Sesc-Pompeia deve facilitar o acesso a uma das \u00e1reas de maior circula\u00e7\u00e3o da zona oeste em dias de shows, jogos, compras e programa\u00e7\u00e3o cultural.\u00a0<\/p>\n<h3 class=\"wp-block-heading\">Perdizes<\/h3>\n<p class=\"wp-block-paragraph\">Neste primeiro momento, a esta\u00e7\u00e3o Perdizes ser\u00e1 o limite do trajeto em dire\u00e7\u00e3o ao centro. Depois dela, v\u00eam as esta\u00e7\u00f5es PUC-Cardoso de Almeida, FAAP-Pacaembu, Higien\u00f3polis-Mackenzie, 14 Bis-Saracura, Bela Vista e S\u00e3o Joaquim. A Esta\u00e7\u00e3o Perdizes fica na Rua Apiac\u00e1s e ter\u00e1 29 metros de profundidade. No entorno da esta\u00e7\u00e3o, h\u00e1 o <a href=\"https:\/\/www.google.com\/goto?url=CAESeQHuR6pN6gihqJ1BA_uQ68NeTQYMpowqMYUtzaDCchJFuF6UghXvoYOk8cl1dSqGsmqsh81rF2K5DlW-AcTgIbMByNQQg7y_ms4V0bwKyXbdueibZOfhHFNrajkQV0FFsfVmazn91y8TxVMeoMK3EKj0BzH54-Vgr7k=\" target=\"_blank\" rel=\"noopener\">Museu das Culturas Ind\u00edgenas<\/a> e o Parque da \u00c1gua Branca.<\/p>\n<figure class=\"wp-block-image size-large\"><img data-recalc-dims=\"1\" loading=\"lazy\" decoding=\"async\" width=\"696\" height=\"464\" src=\"https:\/\/i0.wp.com\/www.agenciasp.sp.gov.br\/wp-content\/uploads\/2025\/06\/Estacao-Perdizes-L6-1024x683.png?resize=696%2C464&#038;ssl=1\" alt=\"\" class=\"wp-image-63382 lazy\" srcset=\"https:\/\/www.agenciasp.sp.gov.br\/wp-content\/uploads\/2025\/06\/Estacao-Perdizes-L6-1024x683.png 1024w, https:\/\/www.agenciasp.sp.gov.br\/wp-content\/uploads\/2025\/06\/Estacao-Perdizes-L6-300x200.png 300w, https:\/\/www.agenciasp.sp.gov.br\/wp-content\/uploads\/2025\/06\/Estacao-Perdizes-L6-768x512.png 768w, https:\/\/www.agenciasp.sp.gov.br\/wp-content\/uploads\/2025\/06\/Estacao-Perdizes-L6-1536x1024.png 1536w, https:\/\/www.agenciasp.sp.gov.br\/wp-content\/uploads\/2025\/06\/Estacao-Perdizes-L6-2048x1365.png 2048w\" data-sizes=\"(max-width: 1024px) 100vw, 1024px\"\/><figcaption class=\"wp-element-caption\">Plataforma da Esta\u00e7\u00e3o Perdizes no per\u00edodo que estava em obras. Foto: Governo de S\u00e3o Paulo\/Divulga\u00e7\u00e3o<\/figcaption><\/figure>\n<h3 class=\"wp-block-heading\">Pr\u00f3ximas entregas da Linha 6-Laranja<\/h3>\n<p class=\"wp-block-paragraph\">Ainda em 2026, <a href=\"https:\/\/www.google.com\/goto?url=CAESewHuR6pNLozNzGa02PftieX0-y4g8ymyDAvpoTwrSE8-YJ_FA88oIzp5lZ0D5LR6d2FONZrIn3iSDdKTx9-KAkWO0L0oWU2K86F8oKHLFP8WOQdjU2o9FfUSobtX1v1Q4biR-39lfBS5ykeHfyVX-PQpNrKyZJUSClpTGA==\" target=\"_blank\" rel=\"noopener\">o Governo de S\u00e3o Paulo vai inaugurar mais duas esta\u00e7\u00f5es da Linha 6-Laranja<\/a>: a Brasil\u00e2ndia e a Itaberaba-Hospital Vila Penteado, alcan\u00e7ando a zona norte da capital paulista.<\/p>\n<p class=\"wp-block-paragraph\">A Linha 6-Laranja inaugura um modelo contratual in\u00e9dito no metr\u00f4 paulista: uma PPP integral, em que a concession\u00e1ria \u00e9 respons\u00e1vel tanto pela implanta\u00e7\u00e3o quanto pela opera\u00e7\u00e3o. Depois de uma paralisa\u00e7\u00e3o, o projeto foi retomado em 2020 com a entrada da Linha Uni\/Acciona e agora se aproxima da opera\u00e7\u00e3o do primeiro trecho.<\/p>\n<p class=\"wp-block-paragraph\">A PPP integral alinha, no mesmo contrato, a responsabilidade pela implanta\u00e7\u00e3o e pela opera\u00e7\u00e3o da linha, criando incentivos para decis\u00f5es de engenharia, sistemas e manuten\u00e7\u00e3o voltados ao funcionamento do servi\u00e7o no longo prazo.<\/p>\n<\/p><\/div>\n<p><br \/>\n<br \/><a href=\"https:\/\/www.agenciasp.sp.gov.br\/as-primeiras-estacoes-da-linha-6-laranja\/\" rel=\"noopener\">Informa\u00e7\u00f5es GOV.SP<\/a><\/p>\n","protected":false},"excerpt":{"rendered":"<p>Ap\u00f3s mais de dez anos em obras, a Linha 6-Laranja, maior projeto de mobilidade urbana em implanta\u00e7\u00e3o na Am\u00e9rica Latina, ter\u00e1 suas primeiras esta\u00e7\u00f5es entregues, uma delas fazendo conex\u00e3o com Linha 7-Rubi. No fim deste m\u00eas de junho, o Governo de S\u00e3o Paulo inaugura seis esta\u00e7\u00f5es, da Jo\u00e3o Paulo I at\u00e9 Perdizes. O trecho inicial [&hellip;]<\/p>\n","protected":false},"author":1,"featured_media":69715,"comment_status":"","ping_status":"open","sticky":false,"template":"","format":"standard","meta":{"_jetpack_newsletter_access":"","_jetpack_dont_email_post_to_subs":false,"_jetpack_newsletter_tier_id":0,"_jetpack_memberships_contains_paywalled_content":false,"_mbp_banners":[],"_jetpack_feature_clip_id":0,"_jetpack_memberships_contains_paid_content":false,"footnotes":"","jetpack_publicize_message":"","jetpack_publicize_feature_enabled":true,"jetpack_social_post_already_shared":true,"jetpack_social_options":{"image_generator_settings":{"template":"highway","default_image_id":0,"font":"","enabled":false},"version":2},"jetpack_post_was_ever_published":false},"categories":[21],"tags":[],"class_list":["post-69714","post","type-post","status-publish","format-standard","has-post-thumbnail","category-sp-news"],"jetpack_publicize_connections":[],"jetpack-related-posts":[],"jetpack_shortlink":"https:\/\/wp.me\/p7Eq1F-i8q","jetpack_sharing_enabled":true,"jetpack_featured_media_url":"https:\/\/i0.wp.com\/guialimeira.com.br\/news\/wp-content\/uploads\/2026\/06\/Ass-primeiras-estacoes-que-serao-abertas-na-Linha-6-Laranja.jpg?fit=1024%2C576&ssl=1","_links":{"self":[{"href":"https:\/\/guialimeira.com.br\/news\/wp-json\/wp\/v2\/posts\/69714","targetHints":{"allow":["GET"]}}],"collection":[{"href":"https:\/\/guialimeira.com.br\/news\/wp-json\/wp\/v2\/posts"}],"about":[{"href":"https:\/\/guialimeira.com.br\/news\/wp-json\/wp\/v2\/types\/post"}],"author":[{"embeddable":true,"href":"https:\/\/guialimeira.com.br\/news\/wp-json\/wp\/v2\/users\/1"}],"replies":[{"embeddable":true,"href":"https:\/\/guialimeira.com.br\/news\/wp-json\/wp\/v2\/comments?post=69714"}],"version-history":[{"count":0,"href":"https:\/\/guialimeira.com.br\/news\/wp-json\/wp\/v2\/posts\/69714\/revisions"}],"wp:featuredmedia":[{"embeddable":true,"href":"https:\/\/guialimeira.com.br\/news\/wp-json\/wp\/v2\/media\/69715"}],"wp:attachment":[{"href":"https:\/\/guialimeira.com.br\/news\/wp-json\/wp\/v2\/media?parent=69714"}],"wp:term":[{"taxonomy":"category","embeddable":true,"href":"https:\/\/guialimeira.com.br\/news\/wp-json\/wp\/v2\/categories?post=69714"},{"taxonomy":"post_tag","embeddable":true,"href":"https:\/\/guialimeira.com.br\/news\/wp-json\/wp\/v2\/tags?post=69714"}],"curies":[{"name":"wp","href":"https:\/\/api.w.org\/{rel}","templated":true}]}}