{"id":69699,"date":"2026-06-20T00:22:10","date_gmt":"2026-06-20T03:22:10","guid":{"rendered":"https:\/\/guialimeira.com.br\/policia-civil-prende-quadrilha-especializada-em-invasoes-a-residencias-em-sp\/"},"modified":"2026-06-20T00:22:10","modified_gmt":"2026-06-20T03:22:10","slug":"policia-civil-prende-quadrilha-especializada-em-invasoes-a-residencias-em-sp","status":"publish","type":"post","link":"https:\/\/guialimeira.com.br\/news\/policia-civil-prende-quadrilha-especializada-em-invasoes-a-residencias-em-sp\/","title":{"rendered":"Pol\u00edcia Civil prende quadrilha especializada em invas\u00f5es a resid\u00eancias em SP"},"content":{"rendered":"<p> <br \/>\n<br \/><img data-recalc-dims=\"1\" decoding=\"async\" src=\"https:\/\/i0.wp.com\/www.agenciasp.sp.gov.br\/wp-content\/uploads\/2026\/03\/POLICIA_CIVIL_sp.jpeg?w=696&#038;ssl=1\" \/><\/p>\n<div>\n<p class=\"wp-block-paragraph\">A Pol\u00edcia Civil de S\u00e3o Paulo desarticulou uma quadrilha suspeita de atuar em roubos a resid\u00eancias na madrugada desta sexta-feira (19), na capital paulista. A opera\u00e7\u00e3o resultou na pris\u00e3o de sete pessoas e na apreens\u00e3o de dois adolescentes envolvidos com o grupo.<\/p>\n<p class=\"wp-block-paragraph\">A a\u00e7\u00e3o foi conduzida por equipes da 2\u00aa Central Especializada de Repress\u00e3o a Crimes e Ocorr\u00eancias Diversas (Cerco), que monitoravam um ve\u00edculo apontado como suspeito de participa\u00e7\u00e3o em crimes anteriores e que circulava com placas adulteradas.<\/p>\n<p class=\"wp-block-paragraph\"><strong>LEIA TAMB\u00c9M: <a href=\"https:\/\/www.agenciasp.sp.gov.br\/operacao-da-policia-de-sp-prende-arrastadores-que-extorquiam-passageiros-no-aeroporto-de-guarulhos\/\" rel=\"noopener\">Opera\u00e7\u00e3o da Pol\u00edcia de SP prende \u2018arrastadores\u2019 que extorquiam passageiros no Aeroporto de Guarulhos<\/a><\/strong><\/p>\n<p class=\"wp-block-paragraph\">Ap\u00f3s acompanhamento, o autom\u00f3vel foi localizado na regi\u00e3o do Jardim Guapira, na Zona Norte. Ao perceberem a aproxima\u00e7\u00e3o dos policiais, os ocupantes tentaram fugir em alta velocidade, mas foram interceptados ap\u00f3s breve persegui\u00e7\u00e3o. Quatro homens estavam no ve\u00edculo e, durante a abordagem, os agentes encontraram uma arma de fogo escondida sob o banco do passageiro.<\/p>\n<p class=\"wp-block-paragraph\">Segundo o boletim de ocorr\u00eancia, o grupo havia tentado invadir uma resid\u00eancia na regi\u00e3o durante a madrugada. A moradora percebeu a movimenta\u00e7\u00e3o suspeita e come\u00e7ou a pedir socorro, o que fez com que os criminosos abandonassem a a\u00e7\u00e3o antes de entrar no im\u00f3vel ou levar qualquer pertence.<\/p>\n<h3 class=\"wp-block-heading\">Cinco detidos em im\u00f3veis usados para guardar objetos roubados<\/h3>\n<p class=\"wp-block-paragraph\">As investiga\u00e7\u00f5es levaram os policiais a dois im\u00f3veis na comunidade de Heli\u00f3polis, na Zona Sul, que seriam utilizados para armazenar e dividir objetos provenientes de roubos.<\/p>\n<p class=\"wp-block-paragraph\">No primeiro endere\u00e7o, um homem foi preso por suspeita de integrar a associa\u00e7\u00e3o criminosa. No local, tamb\u00e9m foram apreendidos R$ 1,7 mil em dinheiro, objetos de origem il\u00edcita e documentos de v\u00edtimas.<\/p>\n<p class=\"wp-block-paragraph\"><strong>LEIA TAMB\u00c9M: <a href=\"https:\/\/www.agenciasp.sp.gov.br\/policia-prende-suspeito-morro-sao-bento\/\" rel=\"noopener\">Pol\u00edcia Civil prende suspeito de liderar tr\u00e1fico de drogas no Morro S\u00e3o Bento<\/a><\/strong><\/p>\n<p class=\"wp-block-paragraph\">J\u00e1 no segundo im\u00f3vel, os agentes encontraram quatro suspeitos, entre eles dois menores. Um dos homens era procurado pela Justi\u00e7a por envolvimento em roubos a resid\u00eancias e possu\u00eda mandado de pris\u00e3o em aberto. Durante as buscas, outra arma de fogo foi apreendida.<\/p>\n<p class=\"wp-block-paragraph\">O caso foi registrado como adultera\u00e7\u00e3o de sinal identificador de ve\u00edculo automotor, recepta\u00e7\u00e3o, associa\u00e7\u00e3o criminosa, posse ou porte ilegal de arma de fogo, ato infracional para associa\u00e7\u00e3o criminosa e posse ou porte ilegal de arma e tentativa de roubo a resid\u00eancia, na 2\u00aa Delegacia Seccional Sul.<\/p>\n<\/p><\/div>\n<p><br \/>\n<br \/><a href=\"https:\/\/www.agenciasp.sp.gov.br\/policia-civil-prende-quadrilha-especializada-em-invasoes-a-residencias-em-sp\/\" rel=\"noopener\">Informa\u00e7\u00f5es GOV.SP<\/a><\/p>\n","protected":false},"excerpt":{"rendered":"<p>A Pol\u00edcia Civil de S\u00e3o Paulo desarticulou uma quadrilha suspeita de atuar em roubos a resid\u00eancias na madrugada desta sexta-feira (19), na capital paulista. A opera\u00e7\u00e3o resultou na pris\u00e3o de sete pessoas e na apreens\u00e3o de dois adolescentes envolvidos com o grupo. A a\u00e7\u00e3o foi conduzida por equipes da 2\u00aa Central Especializada de Repress\u00e3o a [&hellip;]<\/p>\n","protected":false},"author":1,"featured_media":67914,"comment_status":"","ping_status":"open","sticky":false,"template":"","format":"standard","meta":{"_jetpack_newsletter_access":"","_jetpack_dont_email_post_to_subs":false,"_jetpack_newsletter_tier_id":0,"_jetpack_memberships_contains_paywalled_content":false,"_mbp_banners":[],"_jetpack_feature_clip_id":0,"_jetpack_memberships_contains_paid_content":false,"footnotes":"","jetpack_publicize_message":"","jetpack_publicize_feature_enabled":true,"jetpack_social_post_already_shared":true,"jetpack_social_options":{"image_generator_settings":{"template":"highway","default_image_id":0,"font":"","enabled":false},"version":2},"jetpack_post_was_ever_published":false},"categories":[21],"tags":[],"class_list":["post-69699","post","type-post","status-publish","format-standard","has-post-thumbnail","category-sp-news"],"jetpack_publicize_connections":[],"jetpack-related-posts":[],"jetpack_shortlink":"https:\/\/wp.me\/p7Eq1F-i8b","jetpack_sharing_enabled":true,"jetpack_featured_media_url":"https:\/\/i0.wp.com\/guialimeira.com.br\/news\/wp-content\/uploads\/2026\/06\/Policia-de-Santos-prende-casal-envolvido-em-extorsao-mediante-sequestro.jpeg?fit=2560%2C1706&ssl=1","_links":{"self":[{"href":"https:\/\/guialimeira.com.br\/news\/wp-json\/wp\/v2\/posts\/69699","targetHints":{"allow":["GET"]}}],"collection":[{"href":"https:\/\/guialimeira.com.br\/news\/wp-json\/wp\/v2\/posts"}],"about":[{"href":"https:\/\/guialimeira.com.br\/news\/wp-json\/wp\/v2\/types\/post"}],"author":[{"embeddable":true,"href":"https:\/\/guialimeira.com.br\/news\/wp-json\/wp\/v2\/users\/1"}],"replies":[{"embeddable":true,"href":"https:\/\/guialimeira.com.br\/news\/wp-json\/wp\/v2\/comments?post=69699"}],"version-history":[{"count":0,"href":"https:\/\/guialimeira.com.br\/news\/wp-json\/wp\/v2\/posts\/69699\/revisions"}],"wp:featuredmedia":[{"embeddable":true,"href":"https:\/\/guialimeira.com.br\/news\/wp-json\/wp\/v2\/media\/67914"}],"wp:attachment":[{"href":"https:\/\/guialimeira.com.br\/news\/wp-json\/wp\/v2\/media?parent=69699"}],"wp:term":[{"taxonomy":"category","embeddable":true,"href":"https:\/\/guialimeira.com.br\/news\/wp-json\/wp\/v2\/categories?post=69699"},{"taxonomy":"post_tag","embeddable":true,"href":"https:\/\/guialimeira.com.br\/news\/wp-json\/wp\/v2\/tags?post=69699"}],"curies":[{"name":"wp","href":"https:\/\/api.w.org\/{rel}","templated":true}]}}